{"id":1222,"date":"2013-04-04T16:55:40","date_gmt":"2013-04-04T16:55:40","guid":{"rendered":""},"modified":"-0001-11-30T00:00:00","modified_gmt":"-0001-11-30T03:00:00","slug":"lei-organica-advogados-publicos-protestam-na-camara-contra-plp-205","status":"publish","type":"post","link":"https:\/\/sinprofaz.org.br\/2024\/noticias\/lei-organica-advogados-publicos-protestam-na-camara-contra-plp-205\/","title":{"rendered":"Lei Org\u00e2nica: Advogados p\u00fablicos protestam na C\u00e2mara contra PLP 205"},"content":{"rendered":"<p><img loading=\"lazy\" decoding=\"async\" style=\"margin-right: 10px; border: 1px solid #000000; float: left;\" alt=\"Lei Org\u00e2nica: Advogados p\u00fablicos protestam na C\u00e2mara contra PLP 205\" src=\"images\/noticias\/plp-205-protesto-camara-03-04-2013\/IMG_3370.jpg\" height=\"154\" width=\"218\" \/>Apesar do adiamento da audi\u00eancia p\u00fablica na CTASP, advogados p\u00fablicos se mobilizaram na C\u00e2mara nesta quarta (3) para denunciar impropriedades do projeto.<\/p>\n<p>A mobiliza\u00e7\u00e3o na C\u00e2mara dos Deputados ocorreu durante todo o dia de ontem. O presidente do SINPROFAZ, Allan Titonelli, compareceu \u00e0 reuni\u00e3o ordin\u00e1ria da Comiss\u00e3o de Trabalho e depois visitou gabinetes e o plen\u00e1rio da Casa abordando v\u00e1rios deputados com o intuito de demonstrar a necessidade de altera\u00e7\u00e3o dos termos do PLP 205\/12.<\/p>\n<p><img loading=\"lazy\" decoding=\"async\" style=\"margin-left: 5px; margin-bottom: 5px; margin-top: 5px; border: 1px solid #000000; float: right;\" alt=\"Lei Org\u00e2nica: Advogados p\u00fablicos protestam na C\u00e2mara contra PLP 205\" src=\"images\/noticias\/plp-205-protesto-camara-03-04-2013\/IMG_3368.jpg\" height=\"100\" width=\"150\" \/>Nos lo<img loading=\"lazy\" decoding=\"async\" style=\"margin-left: 10px; margin-bottom: 5px; margin-top: 5px; border: 1px solid #000000; float: right;\" alt=\"Lei Org\u00e2nica: Advogados p\u00fablicos protestam na C\u00e2mara contra PLP 205\" src=\"images\/noticias\/plp-205-protesto-camara-03-04-2013\/IMG_3361.jpg\" height=\"100\" width=\"150\" \/>cais de maior circula\u00e7\u00e3o de deputados, o SINPROFAZ realizou panfletagem do material que compara as propostas do ex-AGU <a title=\"Toffoli x Adams\" href=\"images\/stories\/pdfs\/panfleto_toffoli_x_adams.pdf\" target=\"_blank\">Jos\u00e9 Toffoli e do ministro Lu\u00eds Adams<\/a>.<\/p>\n<p>Durante a reuni\u00e3o da CTASP, os dirigentes sindicais e associativos junto com colegas advogados p\u00fablicos lotados em Bras\u00edlia e outros estados abordaram os membros da comiss\u00e3o que ir\u00e1 discutir o m\u00e9rito do PLP 205.<\/p>\n<p>Tamb\u00e9m foi coletiva a atua\u00e7\u00e3o no restante do dia, sob a coordena\u00e7\u00e3o da assessoria parlamentar do Sindicato que colaborou na interlocu\u00e7\u00e3o com os parlamentares e na divis\u00e3o dos colegas para abordarem os deputados do estado de origem, integrantes da comiss\u00e3o e outras lideran\u00e7as da Casa.<\/p>\n<p><img loading=\"lazy\" decoding=\"async\" style=\"margin-left: 5px; margin-bottom: 5px; margin-top: 5px; border: 1px solid #000000; float: right;\" alt=\"Lei Org\u00e2nica: Advogados p\u00fablicos protestam na C\u00e2mara contra PLP 205\" src=\"images\/noticias\/plp-205-protesto-camara-03-04-2013\/P1020383.jpg\" height=\"113\" width=\"150\" \/><img loading=\"lazy\" decoding=\"async\" style=\"margin-left: 10px; margin-bottom: 5px; margin-top: 5px; border: 1px solid #000000; float: right;\" alt=\"Lei Org\u00e2nica: Advogados p\u00fablicos protestam na C\u00e2mara contra PLP 205\" src=\"images\/noticias\/plp-205-protesto-camara-03-04-2013\/P1020325.jpg\" height=\"113\" width=\"150\" \/>O deputado F\u00e1bio Trad (PMDB-MS), mais uma vez, articulou e exteriorizou a defesa da Advocacia P\u00fablica. Ele conduziu o presidente do SINPROFAZ ao plen\u00e1rio da C\u00e2mara, onde a entrada \u00e9 restrita. Na ocasi\u00e3o, Titonelli conversou com diversos deputados, refor\u00e7ando a insatisfa\u00e7\u00e3o da carreira com o projeto.<\/p>\n<p>A participa\u00e7\u00e3o de v\u00e1rios colegas na mobiliza\u00e7\u00e3o de ontem seguramente ampliou a voz da carreira nos corredores da C\u00e2mara. \u00c9 necess\u00e1rio manter presen\u00e7a constante e press\u00e3o nas pr\u00f3ximas semanas para difundir a indigna\u00e7\u00e3o dos membros da AGU com essa proposta que n\u00e3o assegura aos advogados p\u00fablicos federais as garantias e prerrogativas necess\u00e1rias para o desempenho de uma advocacia de estado, mas, ao contr\u00e1rio, abre ainda mais espa\u00e7o para a inger\u00eancia de gestores p\u00fablicos sobre quest\u00f5es t\u00e9cnicas, ao permitir que sejam considerados membros da institui\u00e7\u00e3o pessoas estranhas aos seus quadros, nomeadas sem concurso p\u00fablico.<\/p>\n<p>Ainda como parte da agenda de ontem o presidente do SINPROFAZ reuniu-se com o presidente da CTASP, deputado Roberto Santiago (PSD-SP). O parlamentar informou que remarcar\u00e1 a audi\u00eancia p\u00fablica ap\u00f3s as reuni\u00f5es que o relator, deputado Alex Canziani (PTB-PR), realizar\u00e1 com as entidades da Advocacia P\u00fablica Federal.<\/p>\n<div style=\"text-align: center;\">\n<p><img loading=\"lazy\" decoding=\"async\" style=\"margin-right: 5px; border: 1px solid #000000;\" alt=\"Lei Org\u00e2nica: Advogados p\u00fablicos protestam na C\u00e2mara contra PLP 205\" src=\"images\/noticias\/plp-205-protesto-camara-03-04-2013\/IMG_3338.jpg\" height=\"100\" width=\"133\" \/><img loading=\"lazy\" decoding=\"async\" style=\"margin-right: 5px; border: 1px solid #000000;\" alt=\"Lei Org\u00e2nica: Advogados p\u00fablicos protestam na C\u00e2mara contra PLP 205\" src=\"images\/noticias\/plp-205-protesto-camara-03-04-2013\/P1020400.jpg\" height=\"100\" width=\"133\" \/><img loading=\"lazy\" decoding=\"async\" style=\"margin-right: 5px; border: 1px solid #000000;\" alt=\"Lei Org\u00e2nica: Advogados p\u00fablicos protestam na C\u00e2mara contra PLP 205\" src=\"images\/noticias\/plp-205-protesto-camara-03-04-2013\/P1020403.jpg\" height=\"100\" width=\"133\" \/><img loading=\"lazy\" decoding=\"async\" style=\"border: 1px solid #000000;\" alt=\"Lei Org\u00e2nica: Advogados p\u00fablicos protestam na C\u00e2mara contra PLP 205\" src=\"images\/noticias\/plp-205-protesto-camara-03-04-2013\/IMG_3337.jpg\" height=\"100\" width=\"133\" \/><\/p>\n<p><img loading=\"lazy\" decoding=\"async\" style=\"margin-right: 5px; border: 1px solid #000000;\" alt=\"Lei Org\u00e2nica: Advogados p\u00fablicos protestam na C\u00e2mara contra PLP 205\" src=\"images\/noticias\/plp-205-protesto-camara-03-04-2013\/P1020355.jpg\" height=\"100\" width=\"133\" \/><img loading=\"lazy\" decoding=\"async\" style=\"margin-right: 5px; border: 1px solid #000000;\" alt=\"Lei Org\u00e2nica: Advogados p\u00fablicos protestam na C\u00e2mara contra PLP 205\" src=\"images\/noticias\/plp-205-protesto-camara-03-04-2013\/P1020366.jpg\" height=\"100\" width=\"133\" \/><img loading=\"lazy\" decoding=\"async\" style=\"margin-right: 5px; border: 1px solid #000000;\" alt=\"Lei Org\u00e2nica: Advogados p\u00fablicos protestam na C\u00e2mara contra PLP 205\" src=\"images\/noticias\/plp-205-protesto-camara-03-04-2013\/P1020376.jpg\" height=\"100\" width=\"133\" \/><img loading=\"lazy\" decoding=\"async\" style=\"border: 1px solid #000000;\" alt=\"Lei Org\u00e2nica: Advogados p\u00fablicos protestam na C\u00e2mara contra PLP 205\" src=\"images\/noticias\/plp-205-protesto-camara-03-04-2013\/P1020419.jpg\" height=\"100\" width=\"133\" \/><\/p>\n<p><img loading=\"lazy\" decoding=\"async\" style=\"margin-right: 5px; border: 1px solid #000000;\" alt=\"Lei Org\u00e2nica: Advogados p\u00fablicos protestam na C\u00e2mara contra PLP 205\" src=\"images\/noticias\/plp-205-protesto-camara-03-04-2013\/P1020353.jpg\" height=\"100\" width=\"133\" \/><img loading=\"lazy\" decoding=\"async\" style=\"margin-right: 5px; border: 1px solid #000000;\" alt=\"Lei Org\u00e2nica: Advogados p\u00fablicos protestam na C\u00e2mara contra PLP 205\" src=\"images\/noticias\/plp-205-protesto-camara-03-04-2013\/IMG_3355.jpg\" height=\"100\" width=\"150\" \/><img loading=\"lazy\" decoding=\"async\" style=\"margin-right: 5px; border: 1px solid #000000;\" alt=\"Lei Org\u00e2nica: Advogados p\u00fablicos protestam na C\u00e2mara contra PLP 205\" src=\"images\/noticias\/plp-205-protesto-camara-03-04-2013\/IMG_3376.jpg\" height=\"100\" width=\"150\" \/><img loading=\"lazy\" decoding=\"async\" style=\"border: 1px solid #000000;\" alt=\"Lei Org\u00e2nica: Advogados p\u00fablicos protestam na C\u00e2mara contra PLP 205\" src=\"images\/noticias\/plp-205-protesto-camara-03-04-2013\/IMG_3336.jpg\" height=\"100\" width=\"133\" \/><\/p>\n<p><a title=\"Facebook\" href=\"https:\/\/www.facebook.com\/sinprofaz\/photos_albums\" target=\"_blank\">Clique aqui<\/a> para ver mais imagens em nosso Facebook.<\/p>\n<\/div>\n","protected":false},"excerpt":{"rendered":"<p>Apesar do adiamento da audi\u00eancia p\u00fablica na CTASP, advogados p\u00fablicos se mobilizaram na C\u00e2mara nesta quarta (3) para denunciar impropriedades do projeto.<\/p>\n","protected":false},"author":1,"featured_media":0,"comment_status":"closed","ping_status":"open","sticky":false,"template":"","format":"standard","meta":{"footnotes":""},"categories":[8],"tags":[],"featured_image_url":"https:\/\/dummyimage.com\/720x400","character_count":1258,"formatted_date":"04\/04\/2013 - 16:55","contentNovo":"\r\n<p>Apesar do adiamento da audi\u00eancia p\u00fablica na CTASP, advogados p\u00fablicos se mobilizaram na C\u00e2mara nesta quarta (3) para denunciar impropriedades do projeto.<\/p>\r\n<p>A mobiliza\u00e7\u00e3o na C\u00e2mara dos Deputados ocorreu durante todo o dia de ontem. O presidente do SINPROFAZ, Allan Titonelli, compareceu \u00e0 reuni\u00e3o ordin\u00e1ria da Comiss\u00e3o de Trabalho e depois visitou gabinetes e o plen\u00e1rio da Casa abordando v\u00e1rios deputados com o intuito de demonstrar a necessidade de altera\u00e7\u00e3o dos termos do PLP 205\/12.<\/p>\r\n<p>Nos locais de maior circula\u00e7\u00e3o de deputados, o SINPROFAZ realizou panfletagem do material que compara as propostas do ex-AGU <a title=\"Toffoli x Adams\" href=\"images\/stories\/pdfs\/panfleto_toffoli_x_adams.pdf\" target=\"_blank\">Jos\u00e9 Toffoli e do ministro Lu\u00eds Adams<\/a>.<\/p>\r\n<p>Durante a reuni\u00e3o da CTASP, os dirigentes sindicais e associativos junto com colegas advogados p\u00fablicos lotados em Bras\u00edlia e outros estados abordaram os membros da comiss\u00e3o que ir\u00e1 discutir o m\u00e9rito do PLP 205.<\/p>\r\n<p>Tamb\u00e9m foi coletiva a atua\u00e7\u00e3o no restante do dia, sob a coordena\u00e7\u00e3o da assessoria parlamentar do Sindicato que colaborou na interlocu\u00e7\u00e3o com os parlamentares e na divis\u00e3o dos colegas para abordarem os deputados do estado de origem, integrantes da comiss\u00e3o e outras lideran\u00e7as da Casa.<\/p>\r\n<p>O deputado F\u00e1bio Trad (PMDB-MS), mais uma vez, articulou e exteriorizou a defesa da Advocacia P\u00fablica. Ele conduziu o presidente do SINPROFAZ ao plen\u00e1rio da C\u00e2mara, onde a entrada \u00e9 restrita. Na ocasi\u00e3o, Titonelli conversou com diversos deputados, refor\u00e7ando a insatisfa\u00e7\u00e3o da carreira com o projeto.<\/p>\r\n<p>A participa\u00e7\u00e3o de v\u00e1rios colegas na mobiliza\u00e7\u00e3o de ontem seguramente ampliou a voz da carreira nos corredores da C\u00e2mara. \u00c9 necess\u00e1rio manter presen\u00e7a constante e press\u00e3o nas pr\u00f3ximas semanas para difundir a indigna\u00e7\u00e3o dos membros da AGU com essa proposta que n\u00e3o assegura aos advogados p\u00fablicos federais as garantias e prerrogativas necess\u00e1rias para o desempenho de uma advocacia de estado, mas, ao contr\u00e1rio, abre ainda mais espa\u00e7o para a inger\u00eancia de gestores p\u00fablicos sobre quest\u00f5es t\u00e9cnicas, ao permitir que sejam considerados membros da institui\u00e7\u00e3o pessoas estranhas aos seus quadros, nomeadas sem concurso p\u00fablico.<\/p>\r\n<p>Ainda como parte da agenda de ontem o presidente do SINPROFAZ reuniu-se com o presidente da CTASP, deputado Roberto Santiago (PSD-SP). O parlamentar informou que remarcar\u00e1 a audi\u00eancia p\u00fablica ap\u00f3s as reuni\u00f5es que o relator, deputado Alex Canziani (PTB-PR), realizar\u00e1 com as entidades da Advocacia P\u00fablica Federal.<\/p>\r\n\r\n<p><\/p>\r\n<p><\/p>\r\n<p><\/p>\r\n<p><a title=\"Facebook\" href=\"https:\/\/www.facebook.com\/sinprofaz\/photos_albums\" target=\"_blank\">Clique aqui<\/a> para ver mais imagens em nosso Facebook.<\/p>\r\n","_links":{"self":[{"href":"https:\/\/sinprofaz.org.br\/2024\/wp-json\/wp\/v2\/posts\/1222"}],"collection":[{"href":"https:\/\/sinprofaz.org.br\/2024\/wp-json\/wp\/v2\/posts"}],"about":[{"href":"https:\/\/sinprofaz.org.br\/2024\/wp-json\/wp\/v2\/types\/post"}],"author":[{"embeddable":true,"href":"https:\/\/sinprofaz.org.br\/2024\/wp-json\/wp\/v2\/users\/1"}],"replies":[{"embeddable":true,"href":"https:\/\/sinprofaz.org.br\/2024\/wp-json\/wp\/v2\/comments?post=1222"}],"version-history":[{"count":0,"href":"https:\/\/sinprofaz.org.br\/2024\/wp-json\/wp\/v2\/posts\/1222\/revisions"}],"wp:attachment":[{"href":"https:\/\/sinprofaz.org.br\/2024\/wp-json\/wp\/v2\/media?parent=1222"}],"wp:term":[{"taxonomy":"category","embeddable":true,"href":"https:\/\/sinprofaz.org.br\/2024\/wp-json\/wp\/v2\/categories?post=1222"},{"taxonomy":"post_tag","embeddable":true,"href":"https:\/\/sinprofaz.org.br\/2024\/wp-json\/wp\/v2\/tags?post=1222"}],"curies":[{"name":"wp","href":"https:\/\/api.w.org\/{rel}","templated":true}]}}