{"id":12195,"date":"2020-11-09T09:17:02","date_gmt":"2020-11-09T12:17:02","guid":{"rendered":"http:\/\/www.sinprofaz.org.br\/?p=12195"},"modified":"2020-11-09T09:17:02","modified_gmt":"2020-11-09T12:17:02","slug":"sinprofaz-disponibiliza-consultoria-previdenciaria-aos-filiados-assista-ao-webinar-e-conheca","status":"publish","type":"post","link":"https:\/\/sinprofaz.org.br\/2024\/noticias\/sinprofaz-disponibiliza-consultoria-previdenciaria-aos-filiados-assista-ao-webinar-e-conheca\/","title":{"rendered":"SINPROFAZ DISPONIBILIZA CONSULTORIA PREVIDENCI\u00c1RIA AOS FILIADOS. ASSISTA AO WEBINAR E CONHE\u00c7A!"},"content":{"rendered":"<p>Diante das d\u00favidas dos procuradores da Fazenda Nacional a respeito de temas como o investimento em fundos de previd\u00eancia privada, a ades\u00e3o ou n\u00e3o \u00e0 Funpresp e o impacto da reforma da Previd\u00eancia sobre a aposentadoria pessoal, o SINPROFAZ disponibilizou um novo servi\u00e7o exclusivo para os filiados: a Consultoria Previdenci\u00e1ria.<\/p>\n<p>At\u00e9 o m\u00eas de abril de 2021, a equipe da Advocacia Riedel, nova parceira do Sindicato, promover\u00e1 consultorias presenciais ou remotas aos PFNs interessados, para que sejam avaliadas as situa\u00e7\u00f5es previdenci\u00e1rias individuais. O escrit\u00f3rio prestar\u00e1 ampla assist\u00eancia jur\u00eddica aos filiados que lan\u00e7arem m\u00e3o do novo benef\u00edcio, assim como far\u00e1 a defesa deles nas causas de Direito Previdenci\u00e1rio.<\/p>\n<p><strong>Webinar sobre o novo benef\u00edcio<\/strong><br \/>\nPara sanar todas as d\u00favidas quanto \u00e0 consultoria, o SINPROFAZ promover\u00e1 um webinar para a Carreira. O evento on-line contar\u00e1 com as presen\u00e7as de<br \/>\n&#8211; Giuliano Menezes, diretor jur\u00eddico do SINPROFAZ<br \/>\n&#8211; Roberto Rodrigues, vice-presidente do SINPROFAZ<br \/>\n&#8211; Thais Riedel, advogada s\u00f3cia do escrit\u00f3rio Advocacia Riedel<\/p>\n<p><strong>Marque na agenda<\/strong><br \/>\n<strong>Webinar Consultoria Previdenci\u00e1ria &#8211; Conhe\u00e7a o novo servi\u00e7o do SINPROFAZ<\/strong><br \/>\n<strong>Pr\u00f3xima quarta-feira (11), \u00e0s 11h<\/strong><br \/>\n<strong>Via Zoom: <a href=\"https:\/\/zoom.us\/j\/92889252845#success\">zoom.us\/j\/92889252845<\/a><\/strong><br \/>\n<strong>Compartilhe o link com os Colegas e participe!<\/strong><\/p>\n","protected":false},"excerpt":{"rendered":"<p>A equipe da Advocacia Riedel promover\u00e1 consultorias presenciais ou remotas aos PFNs interessados, para que sejam avaliadas as situa\u00e7\u00f5es previdenci\u00e1rias individuais.<\/p>\n","protected":false},"author":2,"featured_media":11737,"comment_status":"open","ping_status":"open","sticky":false,"template":"","format":"standard","meta":{"footnotes":""},"categories":[8],"tags":[32,146,25],"featured_image_url":"https:\/\/sinprofaz.org.br\/2024\/wp-content\/uploads\/2020\/07\/logo-sinprofaz-1.png","character_count":659,"formatted_date":"09\/11\/2020 - 09:17","contentNovo":"Diante das d\u00favidas dos procuradores da Fazenda Nacional a respeito de temas como o investimento em fundos de previd\u00eancia privada, a ades\u00e3o ou n\u00e3o \u00e0 Funpresp e o impacto da reforma da Previd\u00eancia sobre a aposentadoria pessoal, o SINPROFAZ disponibilizou um novo servi\u00e7o exclusivo para os filiados: a Consultoria Previdenci\u00e1ria.\r\n\r\nAt\u00e9 o m\u00eas de abril de 2021, a equipe da Advocacia Riedel, nova parceira do Sindicato, promover\u00e1 consultorias presenciais ou remotas aos PFNs interessados, para que sejam avaliadas as situa\u00e7\u00f5es previdenci\u00e1rias individuais. O escrit\u00f3rio prestar\u00e1 ampla assist\u00eancia jur\u00eddica aos filiados que lan\u00e7arem m\u00e3o do novo benef\u00edcio, assim como far\u00e1 a defesa deles nas causas de Direito Previdenci\u00e1rio.\r\n\r\n<strong>Webinar sobre o novo benef\u00edcio<\/strong>\r\nPara sanar todas as d\u00favidas quanto \u00e0 consultoria, o SINPROFAZ promover\u00e1 um webinar para a Carreira. O evento on-line contar\u00e1 com as presen\u00e7as de\r\n- Giuliano Menezes, diretor jur\u00eddico do SINPROFAZ\r\n- Roberto Rodrigues, vice-presidente do SINPROFAZ\r\n- Thais Riedel, advogada s\u00f3cia do escrit\u00f3rio Advocacia Riedel\r\n\r\n<strong>Marque na agenda<\/strong>\r\n<strong>Webinar Consultoria Previdenci\u00e1ria - Conhe\u00e7a o novo servi\u00e7o do SINPROFAZ<\/strong>\r\n<strong>Pr\u00f3xima quarta-feira (11), \u00e0s 11h<\/strong>\r\n<strong>Via Zoom: <a href=\"https:\/\/zoom.us\/j\/92889252845#success\">zoom.us\/j\/92889252845<\/a><\/strong>\r\n<strong>Compartilhe o link com os Colegas e participe!<\/strong>","_links":{"self":[{"href":"https:\/\/sinprofaz.org.br\/2024\/wp-json\/wp\/v2\/posts\/12195"}],"collection":[{"href":"https:\/\/sinprofaz.org.br\/2024\/wp-json\/wp\/v2\/posts"}],"about":[{"href":"https:\/\/sinprofaz.org.br\/2024\/wp-json\/wp\/v2\/types\/post"}],"author":[{"embeddable":true,"href":"https:\/\/sinprofaz.org.br\/2024\/wp-json\/wp\/v2\/users\/2"}],"replies":[{"embeddable":true,"href":"https:\/\/sinprofaz.org.br\/2024\/wp-json\/wp\/v2\/comments?post=12195"}],"version-history":[{"count":1,"href":"https:\/\/sinprofaz.org.br\/2024\/wp-json\/wp\/v2\/posts\/12195\/revisions"}],"predecessor-version":[{"id":12196,"href":"https:\/\/sinprofaz.org.br\/2024\/wp-json\/wp\/v2\/posts\/12195\/revisions\/12196"}],"wp:featuredmedia":[{"embeddable":true,"href":"https:\/\/sinprofaz.org.br\/2024\/wp-json\/wp\/v2\/media\/11737"}],"wp:attachment":[{"href":"https:\/\/sinprofaz.org.br\/2024\/wp-json\/wp\/v2\/media?parent=12195"}],"wp:term":[{"taxonomy":"category","embeddable":true,"href":"https:\/\/sinprofaz.org.br\/2024\/wp-json\/wp\/v2\/categories?post=12195"},{"taxonomy":"post_tag","embeddable":true,"href":"https:\/\/sinprofaz.org.br\/2024\/wp-json\/wp\/v2\/tags?post=12195"}],"curies":[{"name":"wp","href":"https:\/\/api.w.org\/{rel}","templated":true}]}}