{"id":12189,"date":"2020-11-06T08:41:04","date_gmt":"2020-11-06T11:41:04","guid":{"rendered":"http:\/\/www.sinprofaz.org.br\/?p=12189"},"modified":"2020-11-06T09:01:52","modified_gmt":"2020-11-06T12:01:52","slug":"filiados-ao-sinprofaz-tem-acesso-a-consultoria-previdenciaria-conheca","status":"publish","type":"post","link":"https:\/\/sinprofaz.org.br\/2024\/noticias\/filiados-ao-sinprofaz-tem-acesso-a-consultoria-previdenciaria-conheca\/","title":{"rendered":"FILIADOS AO SINPROFAZ T\u00caM ACESSO A CONSULTORIA PREVIDENCI\u00c1RIA. CONHE\u00c7A!"},"content":{"rendered":"<p>Os filiados ao SINPROFAZ contam agora com mais um benef\u00edcio: a possibilidade de ampla assist\u00eancia jur\u00eddica e defesa dos interesses individuais nas causas de Direito Previdenci\u00e1rio. A equipe do escrit\u00f3rio Riedel, Resende e Advogados Associados, novo parceiro do Sindicato, ser\u00e1 respons\u00e1vel por consultas, pela elabora\u00e7\u00e3o de notas t\u00e9cnicas e pareceres e pela defesa dos filiados nos \u00f3rg\u00e3os administrativos e judiciais.<\/p>\n<p>A Advocacia Riedel disponibilizar\u00e1, pelos pr\u00f3ximos seis (6) meses, atendimento presencial ou remoto aos filiados. Na oportunidade desses atendimentos, que dever\u00e3o ser previamente agendados com o escrit\u00f3rio, os PFNs poder\u00e3o expor questionamentos a respeito da situa\u00e7\u00e3o previdenci\u00e1ria pessoal, usufruindo de consultoria para planejamento previdenci\u00e1rio individualizado, investimentos em fundos de previd\u00eancia privada e ades\u00e3o ou n\u00e3o \u00e0 Funpresp.<\/p>\n<p><strong>Webinar<\/strong><br \/>\nPara sanar as d\u00favidas dos filiados relativas aos detalhes da consultoria, o SINPROFAZ promover\u00e1 um webinar para a Carreira. Participar\u00e3o do evento on-line o diretor jur\u00eddico, Giuliano Menezes; o vice-presidente, Roberto Rodrigues; e a advogada Thais Riedel, s\u00f3cia do escrit\u00f3rio. O webinar ser\u00e1 realizado na quarta-feira (11), \u00e0s 11h, e poder\u00e1 ser assistido via <a href=\"http:\/\/zoom.us\/j\/92889252845\" rel=\"noopener\" target=\"_blank\">zoom.us\/j\/92889252845<\/a>. Ao longo do evento, a advogada responder\u00e1 \u00e0s perguntas enviadas pelos filiados. Compartilhe o link com os Colegas e participe!<\/p>\n<p>A Advocacia Riedel tem 60 anos de atua\u00e7\u00e3o e \u00e9 especializada no atendimento jur\u00eddico de servidores p\u00fablicos. Assim como o SINPROFAZ, o escrit\u00f3rio tem sede em Bras\u00edlia\/DF. Conhe\u00e7a: <a href=\"http:\/\/www.riedel.com.br\" rel=\"noopener\" target=\"_blank\">www.riedel.com.br<\/a><\/p>\n","protected":false},"excerpt":{"rendered":"<p>Os PFNs contam agora com mais um benef\u00edcio: ampla assist\u00eancia jur\u00eddica e defesa dos interesses individuais nas causas de Direito Previdenci\u00e1rio. A equipe do escrit\u00f3rio Advocacia Riedel ser\u00e1 respons\u00e1vel pela consultoria. <\/p>\n","protected":false},"author":2,"featured_media":11737,"comment_status":"open","ping_status":"open","sticky":false,"template":"","format":"standard","meta":{"footnotes":""},"categories":[8],"tags":[32,146,25],"featured_image_url":"https:\/\/sinprofaz.org.br\/2024\/wp-content\/uploads\/2020\/07\/logo-sinprofaz-1.png","character_count":810,"formatted_date":"06\/11\/2020 - 08:41","contentNovo":"Os filiados ao SINPROFAZ contam agora com mais um benef\u00edcio: a possibilidade de ampla assist\u00eancia jur\u00eddica e defesa dos interesses individuais nas causas de Direito Previdenci\u00e1rio. A equipe do escrit\u00f3rio Riedel, Resende e Advogados Associados, novo parceiro do Sindicato, ser\u00e1 respons\u00e1vel por consultas, pela elabora\u00e7\u00e3o de notas t\u00e9cnicas e pareceres e pela defesa dos filiados nos \u00f3rg\u00e3os administrativos e judiciais.\r\n\r\nA Advocacia Riedel disponibilizar\u00e1, pelos pr\u00f3ximos seis (6) meses, atendimento presencial ou remoto aos filiados. Na oportunidade desses atendimentos, que dever\u00e3o ser previamente agendados com o escrit\u00f3rio, os PFNs poder\u00e3o expor questionamentos a respeito da situa\u00e7\u00e3o previdenci\u00e1ria pessoal, usufruindo de consultoria para planejamento previdenci\u00e1rio individualizado, investimentos em fundos de previd\u00eancia privada e ades\u00e3o ou n\u00e3o \u00e0 Funpresp.\r\n\r\n<strong>Webinar<\/strong>\r\nPara sanar as d\u00favidas dos filiados relativas aos detalhes da consultoria, o SINPROFAZ promover\u00e1 um webinar para a Carreira. Participar\u00e3o do evento on-line o diretor jur\u00eddico, Giuliano Menezes; o vice-presidente, Roberto Rodrigues; e a advogada Thais Riedel, s\u00f3cia do escrit\u00f3rio. O webinar ser\u00e1 realizado na quarta-feira (11), \u00e0s 11h, e poder\u00e1 ser assistido via <a href=\"http:\/\/zoom.us\/j\/92889252845\" rel=\"noopener\" target=\"_blank\">zoom.us\/j\/92889252845<\/a>. Ao longo do evento, a advogada responder\u00e1 \u00e0s perguntas enviadas pelos filiados. Compartilhe o link com os Colegas e participe!\r\n\r\nA Advocacia Riedel tem 60 anos de atua\u00e7\u00e3o e \u00e9 especializada no atendimento jur\u00eddico de servidores p\u00fablicos. Assim como o SINPROFAZ, o escrit\u00f3rio tem sede em Bras\u00edlia\/DF. Conhe\u00e7a: <a href=\"http:\/\/www.riedel.com.br\" rel=\"noopener\" target=\"_blank\">www.riedel.com.br<\/a>","_links":{"self":[{"href":"https:\/\/sinprofaz.org.br\/2024\/wp-json\/wp\/v2\/posts\/12189"}],"collection":[{"href":"https:\/\/sinprofaz.org.br\/2024\/wp-json\/wp\/v2\/posts"}],"about":[{"href":"https:\/\/sinprofaz.org.br\/2024\/wp-json\/wp\/v2\/types\/post"}],"author":[{"embeddable":true,"href":"https:\/\/sinprofaz.org.br\/2024\/wp-json\/wp\/v2\/users\/2"}],"replies":[{"embeddable":true,"href":"https:\/\/sinprofaz.org.br\/2024\/wp-json\/wp\/v2\/comments?post=12189"}],"version-history":[{"count":2,"href":"https:\/\/sinprofaz.org.br\/2024\/wp-json\/wp\/v2\/posts\/12189\/revisions"}],"predecessor-version":[{"id":12191,"href":"https:\/\/sinprofaz.org.br\/2024\/wp-json\/wp\/v2\/posts\/12189\/revisions\/12191"}],"wp:featuredmedia":[{"embeddable":true,"href":"https:\/\/sinprofaz.org.br\/2024\/wp-json\/wp\/v2\/media\/11737"}],"wp:attachment":[{"href":"https:\/\/sinprofaz.org.br\/2024\/wp-json\/wp\/v2\/media?parent=12189"}],"wp:term":[{"taxonomy":"category","embeddable":true,"href":"https:\/\/sinprofaz.org.br\/2024\/wp-json\/wp\/v2\/categories?post=12189"},{"taxonomy":"post_tag","embeddable":true,"href":"https:\/\/sinprofaz.org.br\/2024\/wp-json\/wp\/v2\/tags?post=12189"}],"curies":[{"name":"wp","href":"https:\/\/api.w.org\/{rel}","templated":true}]}}