{"id":12179,"date":"2020-11-05T15:40:54","date_gmt":"2020-11-05T18:40:54","guid":{"rendered":"http:\/\/www.sinprofaz.org.br\/?p=12179"},"modified":"2020-11-06T14:48:21","modified_gmt":"2020-11-06T17:48:21","slug":"em-webinar-filiadas-ao-sinprofaz-debatem-racismo-estrutural","status":"publish","type":"post","link":"https:\/\/sinprofaz.org.br\/2024\/noticias\/em-webinar-filiadas-ao-sinprofaz-debatem-racismo-estrutural\/","title":{"rendered":"EM WEBINAR, FILIADAS AO SINPROFAZ DEBATEM RACISMO ESTRUTURAL"},"content":{"rendered":"<p>O racismo estrutural foi tema de webinar realizado hoje (5) pelo Grupo de Sa\u00fade Mental da PFN\/SP. Com o apoio do SINPROFAZ, que vem promovendo a\u00e7\u00f5es no \u00e2mbito do Projeto de Sa\u00fade Mental e Qualidade de Vida na PFN, os expositores convocaram a Carreira para refletir sobre as sociedades estruturadas com base no preconceito e na discrimina\u00e7\u00e3o. No Brasil, por mais que o debate tenha evolu\u00eddo e resultado na cria\u00e7\u00e3o de leis e pol\u00edticas p\u00fablicas, ainda falta a consci\u00eancia de que o racismo integra as organiza\u00e7\u00f5es pol\u00edtica, econ\u00f4mica e social e que precisa ser definitivamente eliminado.<\/p>\n<p>A procuradora da Fazenda Nacional Beatriz Pereira, integrante do Grupo de Sa\u00fade Mental PFN\/SP, foi a anfitri\u00e3 do evento. Ao abrir o webinar, a filiada agradeceu ao Sindicato pela estrutura fornecida para a realiza\u00e7\u00e3o do debate e lembrou o Projeto que vem sendo desenvolvido pela entidade: &#8220;O SINPROFAZ iniciou de forma pioneira um estudo abrangente sobre sa\u00fade mental e planeja, dentro desse programa, sugerir medidas relacionadas ao tema. S\u00e3o passos importantes, mas o caminho \u00e9 longo. O avan\u00e7o me parece que reside em trabalhar perspectivas do direito tribut\u00e1rio que considerem marcadores sociais de ra\u00e7a, classe e g\u00eanero&#8221;.<\/p>\n<p>Claudia Trindade foi uma das convidadas para o debate. Ao abordar aspectos jur\u00eddicos relacionados \u00e0 tem\u00e1tica do racismo, a procuradora da Fazenda Nacional filiada ressaltou que &#8220;se houve um projeto pol\u00edtico de Estado para impedir que a popula\u00e7\u00e3o negra fosse \u00e0 escola, tivesse propriedades e exercesse a cidadania \u2013 uma tentativa oficial de apagamento dos negros \u2013, hoje temos mecanismos para essa repara\u00e7\u00e3o, os quais s\u00e3o de observ\u00e2ncia obrigat\u00f3ria pelo poder p\u00fablico e pelas institui\u00e7\u00f5es privadas. Quando o art. 5\u00ba da Constitui\u00e7\u00e3o Federal fala em isonomia, subentende-se tratar desigualmente os desiguais. Essa \u00e9 a efetiva\u00e7\u00e3o da igualdade material&#8221;.<\/p>\n<p>A filiada Lorena Narcizo contribuiu com as discuss\u00f5es. Para a procuradora da Fazenda Nacional, que integra o Comit\u00ea de Igualdade Racial do Grupo Mulheres do Brasil, a luta deve ser constante para que a quantidade de negros em cargos como os da Advocacia-Geral da Uni\u00e3o reflita os 56% da popula\u00e7\u00e3o e seja, assim, mais representativa. &#8220;A AGU, enquanto \u00f3rg\u00e3o de advocacia de Estado, tem como papel a defesa da democracia e dos princ\u00edpios constitucionais. O racismo, por\u00e9m, por si s\u00f3, j\u00e1 fere a democracia, pois exclui grande parte da popula\u00e7\u00e3o dos direitos ao exerc\u00edcio da cidadania e \u00e0 tomada de decis\u00f5es, o que impacta todo o pa\u00eds.&#8221;<\/p>\n<p>Cofundadora do grupo &#8220;PGFN de Todas as Cores&#8221;, Fernanda Santiago tamb\u00e9m foi expositora do evento. Na oportunidade, a PFN destacou a import\u00e2ncia de se reconhecer o racismo invisibilizado e a evolu\u00e7\u00e3o que s\u00f3 a diversidade possibilita. &#8220;Todos estamos sob a influ\u00eancia do racismo estrutural. Ele \u00e9 repetido automaticamente. O essencial da tomada de consci\u00eancia \u00e9 a quebra do sistema. \u00c9 pararmos para pensar no preconceito e interrompermos esse processo. A discrimina\u00e7\u00e3o, que \u00e9 a exterioriza\u00e7\u00e3o do preconceito, exclui as pessoas pretas de oportunidades. Isso acontece no mercado de trabalho, tanto privado quanto p\u00fablico&#8221;, afirmou.<\/p>\n<p>O webinar tamb\u00e9m contou com as participa\u00e7\u00f5es de Marianna Ribeiro, psic\u00f3loga, secret\u00e1ria no Segep\/PRFN3 e integrante do Grupo de Sa\u00fade Mental PFN\/SP; e de Ot\u00e1vio D&#8217;Elia, procurador do Estado de S\u00e3o Paulo aposentado, psic\u00f3logo e psicanalista. Na pessoa da filiada Beatriz Pereira, o SINPROFAZ parabeniza os membros do Grupo de Sa\u00fade Mental PFN\/SP pela idealiza\u00e7\u00e3o do evento!<\/p>\n<p>Para assistir \u00e0 \u00edntegra do Webinar, acesse o canal do SINPROFAZ no YouTube:\u00a0<a href=\"https:\/\/www.youtube.com\/watch?v=ryDrDLYCfGg&amp;feature=youtu.be\">youtu.be\/ryDrDLYCfGg<\/a><\/p>\n\n\t\t<style type=\"text\/css\">\n\t\t\t#gallery-1 {\n\t\t\t\tmargin: auto;\n\t\t\t}\n\t\t\t#gallery-1 .gallery-item {\n\t\t\t\tfloat: left;\n\t\t\t\tmargin-top: 10px;\n\t\t\t\ttext-align: center;\n\t\t\t\twidth: 33%;\n\t\t\t}\n\t\t\t#gallery-1 img {\n\t\t\t\tborder: 2px solid #cfcfcf;\n\t\t\t}\n\t\t\t#gallery-1 .gallery-caption {\n\t\t\t\tmargin-left: 0;\n\t\t\t}\n\t\t\t\/* see gallery_shortcode() in wp-includes\/media.php *\/\n\t\t<\/style>\n\t\t<div id='gallery-1' class='gallery galleryid-12179 gallery-columns-3 gallery-size-thumbnail'><dl class='gallery-item'>\n\t\t\t<dt class='gallery-icon landscape'>\n\t\t\t\t<a href='https:\/\/sinprofaz.org.br\/2024\/wp-content\/uploads\/2020\/11\/Interno-1.jpeg'><img loading=\"lazy\" decoding=\"async\" width=\"150\" height=\"150\" src=\"https:\/\/sinprofaz.org.br\/2024\/wp-content\/uploads\/2020\/11\/Interno-1-150x150.jpeg\" class=\"attachment-thumbnail size-thumbnail\" alt=\"\" \/><\/a>\n\t\t\t<\/dt><\/dl><dl class='gallery-item'>\n\t\t\t<dt class='gallery-icon landscape'>\n\t\t\t\t<a href='https:\/\/sinprofaz.org.br\/2024\/wp-content\/uploads\/2020\/11\/Interno-2.jpeg'><img loading=\"lazy\" decoding=\"async\" width=\"150\" height=\"150\" src=\"https:\/\/sinprofaz.org.br\/2024\/wp-content\/uploads\/2020\/11\/Interno-2-150x150.jpeg\" class=\"attachment-thumbnail size-thumbnail\" alt=\"\" \/><\/a>\n\t\t\t<\/dt><\/dl><dl class='gallery-item'>\n\t\t\t<dt class='gallery-icon landscape'>\n\t\t\t\t<a href='https:\/\/sinprofaz.org.br\/2024\/wp-content\/uploads\/2020\/11\/Interno-3.jpeg'><img loading=\"lazy\" decoding=\"async\" width=\"150\" height=\"150\" src=\"https:\/\/sinprofaz.org.br\/2024\/wp-content\/uploads\/2020\/11\/Interno-3-150x150.jpeg\" class=\"attachment-thumbnail size-thumbnail\" alt=\"\" \/><\/a>\n\t\t\t<\/dt><\/dl><br style=\"clear: both\" \/><dl class='gallery-item'>\n\t\t\t<dt class='gallery-icon landscape'>\n\t\t\t\t<a href='https:\/\/sinprofaz.org.br\/2024\/wp-content\/uploads\/2020\/11\/Interno-4.jpeg'><img loading=\"lazy\" decoding=\"async\" width=\"150\" height=\"150\" src=\"https:\/\/sinprofaz.org.br\/2024\/wp-content\/uploads\/2020\/11\/Interno-4-150x150.jpeg\" class=\"attachment-thumbnail size-thumbnail\" alt=\"\" \/><\/a>\n\t\t\t<\/dt><\/dl>\n\t\t\t<br style='clear: both' \/>\n\t\t<\/div>\n\n","protected":false},"excerpt":{"rendered":"<p>O racismo estrutural foi tema de webinar realizado pelo Grupo de Sa\u00fade Mental PFN\/SP. Com o apoio do SINPROFAZ, os expositores convocaram a Carreira para refletir sobre as sociedades estruturadas com base no preconceito.<\/p>\n","protected":false},"author":2,"featured_media":12186,"comment_status":"open","ping_status":"open","sticky":false,"template":"","format":"standard","meta":{"footnotes":""},"categories":[8],"tags":[32,166,25],"featured_image_url":"https:\/\/sinprofaz.org.br\/2024\/wp-content\/uploads\/2020\/11\/nota-sinprofaz.jpg","character_count":2076,"formatted_date":"05\/11\/2020 - 15:40","contentNovo":"O racismo estrutural foi tema de webinar realizado hoje (5) pelo Grupo de Sa\u00fade Mental da PFN\/SP. Com o apoio do SINPROFAZ, que vem promovendo a\u00e7\u00f5es no \u00e2mbito do Projeto de Sa\u00fade Mental e Qualidade de Vida na PFN, os expositores convocaram a Carreira para refletir sobre as sociedades estruturadas com base no preconceito e na discrimina\u00e7\u00e3o. No Brasil, por mais que o debate tenha evolu\u00eddo e resultado na cria\u00e7\u00e3o de leis e pol\u00edticas p\u00fablicas, ainda falta a consci\u00eancia de que o racismo integra as organiza\u00e7\u00f5es pol\u00edtica, econ\u00f4mica e social e que precisa ser definitivamente eliminado.\r\n\r\nA procuradora da Fazenda Nacional Beatriz Pereira, integrante do Grupo de Sa\u00fade Mental PFN\/SP, foi a anfitri\u00e3 do evento. Ao abrir o webinar, a filiada agradeceu ao Sindicato pela estrutura fornecida para a realiza\u00e7\u00e3o do debate e lembrou o Projeto que vem sendo desenvolvido pela entidade: \"O SINPROFAZ iniciou de forma pioneira um estudo abrangente sobre sa\u00fade mental e planeja, dentro desse programa, sugerir medidas relacionadas ao tema. S\u00e3o passos importantes, mas o caminho \u00e9 longo. O avan\u00e7o me parece que reside em trabalhar perspectivas do direito tribut\u00e1rio que considerem marcadores sociais de ra\u00e7a, classe e g\u00eanero\".\r\n\r\nClaudia Trindade foi uma das convidadas para o debate. Ao abordar aspectos jur\u00eddicos relacionados \u00e0 tem\u00e1tica do racismo, a procuradora da Fazenda Nacional filiada ressaltou que \"se houve um projeto pol\u00edtico de Estado para impedir que a popula\u00e7\u00e3o negra fosse \u00e0 escola, tivesse propriedades e exercesse a cidadania \u2013 uma tentativa oficial de apagamento dos negros \u2013, hoje temos mecanismos para essa repara\u00e7\u00e3o, os quais s\u00e3o de observ\u00e2ncia obrigat\u00f3ria pelo poder p\u00fablico e pelas institui\u00e7\u00f5es privadas. Quando o art. 5\u00ba da Constitui\u00e7\u00e3o Federal fala em isonomia, subentende-se tratar desigualmente os desiguais. Essa \u00e9 a efetiva\u00e7\u00e3o da igualdade material\".\r\n\r\nA filiada Lorena Narcizo contribuiu com as discuss\u00f5es. Para a procuradora da Fazenda Nacional, que integra o Comit\u00ea de Igualdade Racial do Grupo Mulheres do Brasil, a luta deve ser constante para que a quantidade de negros em cargos como os da Advocacia-Geral da Uni\u00e3o reflita os 56% da popula\u00e7\u00e3o e seja, assim, mais representativa. \"A AGU, enquanto \u00f3rg\u00e3o de advocacia de Estado, tem como papel a defesa da democracia e dos princ\u00edpios constitucionais. O racismo, por\u00e9m, por si s\u00f3, j\u00e1 fere a democracia, pois exclui grande parte da popula\u00e7\u00e3o dos direitos ao exerc\u00edcio da cidadania e \u00e0 tomada de decis\u00f5es, o que impacta todo o pa\u00eds.\"\r\n\r\nCofundadora do grupo \"PGFN de Todas as Cores\", Fernanda Santiago tamb\u00e9m foi expositora do evento. Na oportunidade, a PFN destacou a import\u00e2ncia de se reconhecer o racismo invisibilizado e a evolu\u00e7\u00e3o que s\u00f3 a diversidade possibilita. \"Todos estamos sob a influ\u00eancia do racismo estrutural. Ele \u00e9 repetido automaticamente. O essencial da tomada de consci\u00eancia \u00e9 a quebra do sistema. \u00c9 pararmos para pensar no preconceito e interrompermos esse processo. A discrimina\u00e7\u00e3o, que \u00e9 a exterioriza\u00e7\u00e3o do preconceito, exclui as pessoas pretas de oportunidades. Isso acontece no mercado de trabalho, tanto privado quanto p\u00fablico\", afirmou.\r\n\r\nO webinar tamb\u00e9m contou com as participa\u00e7\u00f5es de Marianna Ribeiro, psic\u00f3loga, secret\u00e1ria no Segep\/PRFN3 e integrante do Grupo de Sa\u00fade Mental PFN\/SP; e de Ot\u00e1vio D'Elia, procurador do Estado de S\u00e3o Paulo aposentado, psic\u00f3logo e psicanalista. Na pessoa da filiada Beatriz Pereira, o SINPROFAZ parabeniza os membros do Grupo de Sa\u00fade Mental PFN\/SP pela idealiza\u00e7\u00e3o do evento!\r\n\r\nPara assistir \u00e0 \u00edntegra do Webinar, acesse o canal do SINPROFAZ no YouTube:\u00a0<a href=\"https:\/\/www.youtube.com\/watch?v=ryDrDLYCfGg&amp;feature=youtu.be\">youtu.be\/ryDrDLYCfGg<\/a>\r\n\r\n[gallery link=\"file\" ids=\"12181,12182,12183,12184\"]","_links":{"self":[{"href":"https:\/\/sinprofaz.org.br\/2024\/wp-json\/wp\/v2\/posts\/12179"}],"collection":[{"href":"https:\/\/sinprofaz.org.br\/2024\/wp-json\/wp\/v2\/posts"}],"about":[{"href":"https:\/\/sinprofaz.org.br\/2024\/wp-json\/wp\/v2\/types\/post"}],"author":[{"embeddable":true,"href":"https:\/\/sinprofaz.org.br\/2024\/wp-json\/wp\/v2\/users\/2"}],"replies":[{"embeddable":true,"href":"https:\/\/sinprofaz.org.br\/2024\/wp-json\/wp\/v2\/comments?post=12179"}],"version-history":[{"count":3,"href":"https:\/\/sinprofaz.org.br\/2024\/wp-json\/wp\/v2\/posts\/12179\/revisions"}],"predecessor-version":[{"id":12193,"href":"https:\/\/sinprofaz.org.br\/2024\/wp-json\/wp\/v2\/posts\/12179\/revisions\/12193"}],"wp:featuredmedia":[{"embeddable":true,"href":"https:\/\/sinprofaz.org.br\/2024\/wp-json\/wp\/v2\/media\/12186"}],"wp:attachment":[{"href":"https:\/\/sinprofaz.org.br\/2024\/wp-json\/wp\/v2\/media?parent=12179"}],"wp:term":[{"taxonomy":"category","embeddable":true,"href":"https:\/\/sinprofaz.org.br\/2024\/wp-json\/wp\/v2\/categories?post=12179"},{"taxonomy":"post_tag","embeddable":true,"href":"https:\/\/sinprofaz.org.br\/2024\/wp-json\/wp\/v2\/tags?post=12179"}],"curies":[{"name":"wp","href":"https:\/\/api.w.org\/{rel}","templated":true}]}}