{"id":1212,"date":"2013-04-02T16:47:52","date_gmt":"2013-04-02T16:47:52","guid":{"rendered":""},"modified":"-0001-11-30T00:00:00","modified_gmt":"-0001-11-30T03:00:00","slug":"advocacia-de-estado-e-exclusiva-dos-advogados-publicos","status":"publish","type":"post","link":"https:\/\/sinprofaz.org.br\/2024\/noticias\/advocacia-de-estado-e-exclusiva-dos-advogados-publicos\/","title":{"rendered":"Advocacia de Estado \u00e9 exclusiva dos Advogados P\u00fablicos"},"content":{"rendered":"<p>Neste momento em que a discuss\u00e3o no Congresso Nacional da Lei Org\u00e2nica da AGU \u00e9 a prioridade do Sindicato e da carreira de PFN, o presidente Allan Titonelli faz reflex\u00e3o sobre pontos importantes que devem ser corrigidos no PLP 205\/12, como a garantia de exclusividade do exerc\u00edcio da advocacia p\u00fablica por membros de carreira.<\/p>\n<p>\u201cA atividade de an\u00e1lise de legalidade dos atos da administra\u00e7\u00e3o, sobretudo no tocante ao assessoramento e consultoria jur\u00eddica prestados \u00e0s autoridades administrativas, deve ser exercida por servidores efetivos, isto \u00e9, advogados p\u00fablicos efetivos, n\u00e3o s\u00f3 em virtude da capacidade t\u00e9cnica atestada por meio de concurso p\u00fablico, como tamb\u00e9m em raz\u00e3o da garantia \u00e0 administra\u00e7\u00e3o oferecida pela n\u00e3o precariedade de investidura desses profissionais\u201d, defende o presidente do SINPROFAZ.<\/p>\n<p>Leia a \u00edntegra do artigo:<\/p>\n<p><a title=\"CONJUR\" href=\"http:\/\/www.conjur.com.br\/2013-mar-26\/allan-titonelli-advocacia-estado-exclusiva-advogados-publicos\" target=\"_blank\">http:\/\/www.conjur.com.br\/2013-mar-26\/allan-titonelli-advocacia-estado-exclusiva-advogados-publicos<\/a><\/p>\n","protected":false},"excerpt":{"rendered":"<p>Em artigo publicado na revista eletr\u00f4nica Consultor Jur\u00eddico, presidente do SINPROFAZ reitera que atividade exercida pela advocacia p\u00fablica deve ser restrita aos integrantes das carreiras.<\/p>\n","protected":false},"author":1,"featured_media":0,"comment_status":"closed","ping_status":"open","sticky":false,"template":"","format":"standard","meta":{"footnotes":""},"categories":[8],"tags":[],"featured_image_url":"https:\/\/dummyimage.com\/720x400","character_count":481,"formatted_date":"02\/04\/2013 - 16:47","contentNovo":"\r\n<p>Neste momento em que a discuss\u00e3o no Congresso Nacional da Lei Org\u00e2nica da AGU \u00e9 a prioridade do Sindicato e da carreira de PFN, o presidente Allan Titonelli faz reflex\u00e3o sobre pontos importantes que devem ser corrigidos no PLP 205\/12, como a garantia de exclusividade do exerc\u00edcio da advocacia p\u00fablica por membros de carreira.<\/p>\r\n<p>\u201cA atividade de an\u00e1lise de legalidade dos atos da administra\u00e7\u00e3o, sobretudo no tocante ao assessoramento e consultoria jur\u00eddica prestados \u00e0s autoridades administrativas, deve ser exercida por servidores efetivos, isto \u00e9, advogados p\u00fablicos efetivos, n\u00e3o s\u00f3 em virtude da capacidade t\u00e9cnica atestada por meio de concurso p\u00fablico, como tamb\u00e9m em raz\u00e3o da garantia \u00e0 administra\u00e7\u00e3o oferecida pela n\u00e3o precariedade de investidura desses profissionais\u201d, defende o presidente do SINPROFAZ.<\/p>\r\n<p>Leia a \u00edntegra do artigo:<\/p>\r\n<p><a title=\"CONJUR\" href=\"http:\/\/www.conjur.com.br\/2013-mar-26\/allan-titonelli-advocacia-estado-exclusiva-advogados-publicos\" target=\"_blank\">http:\/\/www.conjur.com.br\/2013-mar-26\/allan-titonelli-advocacia-estado-exclusiva-advogados-publicos<\/a><\/p>","_links":{"self":[{"href":"https:\/\/sinprofaz.org.br\/2024\/wp-json\/wp\/v2\/posts\/1212"}],"collection":[{"href":"https:\/\/sinprofaz.org.br\/2024\/wp-json\/wp\/v2\/posts"}],"about":[{"href":"https:\/\/sinprofaz.org.br\/2024\/wp-json\/wp\/v2\/types\/post"}],"author":[{"embeddable":true,"href":"https:\/\/sinprofaz.org.br\/2024\/wp-json\/wp\/v2\/users\/1"}],"replies":[{"embeddable":true,"href":"https:\/\/sinprofaz.org.br\/2024\/wp-json\/wp\/v2\/comments?post=1212"}],"version-history":[{"count":0,"href":"https:\/\/sinprofaz.org.br\/2024\/wp-json\/wp\/v2\/posts\/1212\/revisions"}],"wp:attachment":[{"href":"https:\/\/sinprofaz.org.br\/2024\/wp-json\/wp\/v2\/media?parent=1212"}],"wp:term":[{"taxonomy":"category","embeddable":true,"href":"https:\/\/sinprofaz.org.br\/2024\/wp-json\/wp\/v2\/categories?post=1212"},{"taxonomy":"post_tag","embeddable":true,"href":"https:\/\/sinprofaz.org.br\/2024\/wp-json\/wp\/v2\/tags?post=1212"}],"curies":[{"name":"wp","href":"https:\/\/api.w.org\/{rel}","templated":true}]}}