{"id":12114,"date":"2020-10-26T08:40:44","date_gmt":"2020-10-26T11:40:44","guid":{"rendered":"http:\/\/www.sinprofaz.org.br\/?p=12114"},"modified":"2020-10-27T09:09:42","modified_gmt":"2020-10-27T12:09:42","slug":"amanha-sinprofaz-promove-webinar-sobre-o-outubro-rosa-assista","status":"publish","type":"post","link":"https:\/\/sinprofaz.org.br\/2024\/noticias\/amanha-sinprofaz-promove-webinar-sobre-o-outubro-rosa-assista\/","title":{"rendered":"AMANH\u00c3: SINPROFAZ PROMOVE WEBINAR SOBRE O OUTUBRO ROSA. ASSISTA!"},"content":{"rendered":"<p>O Outubro Rosa \u00e9 um Movimento internacional que visa \u00e0 conscientiza\u00e7\u00e3o para o controle do c\u00e2ncer de mama. Ele foi criado no in\u00edcio da d\u00e9cada de 1990 e tem por finalidades\u00a0compartilhar informa\u00e7\u00f5es sobre a doen\u00e7a,\u00a0proporcionar maior acesso aos servi\u00e7os de diagn\u00f3stico e de tratamento e\u00a0contribuir para a redu\u00e7\u00e3o da mortalidade.<\/p>\n<p>No \u00e2mbito do Movimento e do Projeto de Sa\u00fade Mental e Qualidade de Vida na PFN, o SINPROFAZ promover\u00e1 palestra com a tem\u00e1tica &#8220;Outubro Rosa: Autocuidado e Garantia de Direitos&#8221;. A Carreira est\u00e1 convidada a assistir ao webinar a ser realizado amanh\u00e3 (27), \u00e0s 11h. A palestra ser\u00e1 ministrada pela especialista Ana Lucia Gomes. Participe!<\/p>\n<p><strong>Sobre Ana Lucia Gomes<\/strong><\/p>\n<p>Fundadora e gerente de projetos da BeChange\u00a0&#8211; Consultoria de Impacto Pol\u00edtico e Social, Ana Lucia atua h\u00e1 14 anos em organiza\u00e7\u00f5es do Terceiro Setor. Participou da funda\u00e7\u00e3o da Federa\u00e7\u00e3o Brasileira de Institui\u00e7\u00f5es Filantr\u00f3picas de Apoio \u00e0 Sa\u00fade da Mama &#8211; FEMAMA e tem experi\u00eancia na coordena\u00e7\u00e3o de projetos de advocacy na \u00e1rea da sa\u00fade da mulher.<\/p>\n<p>&nbsp;<\/p>\n<div><b>Webinar<\/b><\/div>\n<div><b>Outubro Rosa: Autocuidado e Garantia de Direitos\u00a0<\/b><\/div>\n<div><b>Quando: HOJE, \u00e0s 11h<br \/>\nClique no link para assistir:\u00a0<a href=\"http:\/\/zoom.us\/j\/91834880825\" target=\"_blank\" rel=\"noopener\" data-saferedirecturl=\"https:\/\/www.google.com\/url?q=http:\/\/zoom.us\/j\/91834880825&amp;source=gmail&amp;ust=1603884641073000&amp;usg=AFQjCNHppdYyhsXr6J1X0OhiLZPNmHnStA\">zoom.us\/j\/91834880825<\/a><\/b><\/div>\n","protected":false},"excerpt":{"rendered":"<p>No \u00e2mbito do Projeto de Sa\u00fade Mental e Qualidade de Vida na PFN, o SINPROFAZ promover\u00e1 palestra com a tem\u00e1tica &#8220;Outubro Rosa: Autocuidado e Garantia de Direitos&#8221;. A Carreira est\u00e1 convidada a assistir ao webinar a ser realizado amanh\u00e3 (27), \u00e0s 11h!<\/p>\n","protected":false},"author":2,"featured_media":12123,"comment_status":"open","ping_status":"open","sticky":false,"template":"","format":"standard","meta":{"footnotes":""},"categories":[8],"tags":[32,146,166,25],"featured_image_url":"https:\/\/sinprofaz.org.br\/2024\/wp-content\/uploads\/2020\/10\/1-1.jpg","character_count":619,"formatted_date":"26\/10\/2020 - 08:40","contentNovo":"O Outubro Rosa \u00e9 um Movimento internacional que visa \u00e0 conscientiza\u00e7\u00e3o para o controle do c\u00e2ncer de mama. Ele foi criado no in\u00edcio da d\u00e9cada de 1990 e tem por finalidades\u00a0compartilhar informa\u00e7\u00f5es sobre a doen\u00e7a,\u00a0proporcionar maior acesso aos servi\u00e7os de diagn\u00f3stico e de tratamento e\u00a0contribuir para a redu\u00e7\u00e3o da mortalidade.\r\n\r\nNo \u00e2mbito do Movimento e do Projeto de Sa\u00fade Mental e Qualidade de Vida na PFN, o SINPROFAZ promover\u00e1 palestra com a tem\u00e1tica \"Outubro Rosa: Autocuidado e Garantia de Direitos\". A Carreira est\u00e1 convidada a assistir ao webinar a ser realizado amanh\u00e3 (27), \u00e0s 11h. A palestra ser\u00e1 ministrada pela especialista Ana Lucia Gomes. Participe!\r\n\r\n<strong>Sobre Ana Lucia Gomes<\/strong>\r\n\r\nFundadora e gerente de projetos da BeChange\u00a0- Consultoria de Impacto Pol\u00edtico e Social, Ana Lucia atua h\u00e1 14 anos em organiza\u00e7\u00f5es do Terceiro Setor. Participou da funda\u00e7\u00e3o da Federa\u00e7\u00e3o Brasileira de Institui\u00e7\u00f5es Filantr\u00f3picas de Apoio \u00e0 Sa\u00fade da Mama - FEMAMA e tem experi\u00eancia na coordena\u00e7\u00e3o de projetos de advocacy na \u00e1rea da sa\u00fade da mulher.\r\n\r\n&nbsp;\r\nWebinar\r\nOutubro Rosa: Autocuidado e Garantia de Direitos\u00a0\r\nQuando: HOJE, \u00e0s 11h\r\nClique no link para assistir:\u00a0<a href=\"http:\/\/zoom.us\/j\/91834880825\" target=\"_blank\" rel=\"noopener\" data-saferedirecturl=\"https:\/\/www.google.com\/url?q=http:\/\/zoom.us\/j\/91834880825&amp;source=gmail&amp;ust=1603884641073000&amp;usg=AFQjCNHppdYyhsXr6J1X0OhiLZPNmHnStA\">zoom.us\/j\/91834880825<\/a>","_links":{"self":[{"href":"https:\/\/sinprofaz.org.br\/2024\/wp-json\/wp\/v2\/posts\/12114"}],"collection":[{"href":"https:\/\/sinprofaz.org.br\/2024\/wp-json\/wp\/v2\/posts"}],"about":[{"href":"https:\/\/sinprofaz.org.br\/2024\/wp-json\/wp\/v2\/types\/post"}],"author":[{"embeddable":true,"href":"https:\/\/sinprofaz.org.br\/2024\/wp-json\/wp\/v2\/users\/2"}],"replies":[{"embeddable":true,"href":"https:\/\/sinprofaz.org.br\/2024\/wp-json\/wp\/v2\/comments?post=12114"}],"version-history":[{"count":8,"href":"https:\/\/sinprofaz.org.br\/2024\/wp-json\/wp\/v2\/posts\/12114\/revisions"}],"predecessor-version":[{"id":12120,"href":"https:\/\/sinprofaz.org.br\/2024\/wp-json\/wp\/v2\/posts\/12114\/revisions\/12120"}],"wp:featuredmedia":[{"embeddable":true,"href":"https:\/\/sinprofaz.org.br\/2024\/wp-json\/wp\/v2\/media\/12123"}],"wp:attachment":[{"href":"https:\/\/sinprofaz.org.br\/2024\/wp-json\/wp\/v2\/media?parent=12114"}],"wp:term":[{"taxonomy":"category","embeddable":true,"href":"https:\/\/sinprofaz.org.br\/2024\/wp-json\/wp\/v2\/categories?post=12114"},{"taxonomy":"post_tag","embeddable":true,"href":"https:\/\/sinprofaz.org.br\/2024\/wp-json\/wp\/v2\/tags?post=12114"}],"curies":[{"name":"wp","href":"https:\/\/api.w.org\/{rel}","templated":true}]}}