{"id":12101,"date":"2020-10-22T08:24:57","date_gmt":"2020-10-22T11:24:57","guid":{"rendered":"http:\/\/www.sinprofaz.org.br\/?p=12101"},"modified":"2020-10-22T09:09:40","modified_gmt":"2020-10-22T12:09:40","slug":"projeto-de-saude-mental-promove-palestra-sobre-o-outubro-rosa","status":"publish","type":"post","link":"https:\/\/sinprofaz.org.br\/2024\/noticias\/projeto-de-saude-mental-promove-palestra-sobre-o-outubro-rosa\/","title":{"rendered":"PROJETO DE SA\u00daDE MENTAL PROMOVE PALESTRA SOBRE O OUTUBRO ROSA"},"content":{"rendered":"<p>O c\u00e2ncer de mama \u00e9 o tipo mais comum entre as mulheres no Brasil e no mundo, correspondendo a 29% dos novos casos de c\u00e2ncer entre as brasileiras a cada ano. Ciente da necessidade de informa\u00e7\u00e3o e preven\u00e7\u00e3o, o SINPROFAZ convida a Carreira para a palestra &#8220;Outubro Rosa: Autocuidado e Garantia de Direitos&#8221;.<\/p>\n<p>O webinar \u00e9 mais uma a\u00e7\u00e3o do Projeto de Sa\u00fade Mental e Qualidade de Vida na PFN e est\u00e1 alinhado \u00e0 campanha 2020 da Sociedade Brasileira de Mastologia. A palestra ocorre na ter\u00e7a-feira (27), \u00e0s 11h, via Zoom, e ser\u00e1 ministrada pela especialista Ana Lucia Gomes. Marque na agenda e participe!<\/p>\n<p><strong>Sobre Ana Lucia Gomes<\/strong><br \/>\nFundadora e gerente de projetos da BeChange &#8211; Consultoria de Impacto Pol\u00edtico e Social, Ana Lucia atua h\u00e1 14 anos em organiza\u00e7\u00f5es do Terceiro Setor. Tem ampla experi\u00eancia na coordena\u00e7\u00e3o de projetos de advocacy para influ\u00eancia em pol\u00edticas p\u00fablicas, capta\u00e7\u00e3o de recursos, redes e coaliz\u00f5es e mobiliza\u00e7\u00e3o social, especialmente na \u00e1rea da sa\u00fade da mama. \u00c9 coautora de mais de uma dezena de projetos apresentados em congressos internacionais e apaixonada pela possibilidade de gerar impacto positivo na sociedade.<\/p>\n","protected":false},"excerpt":{"rendered":"<p>O webinar \u00e9 mais uma a\u00e7\u00e3o do Projeto de Sa\u00fade Mental e Qualidade de Vida na PFN. A palestra ocorre na ter\u00e7a-feira (27), \u00e0s 11h, via Zoom, e ser\u00e1 ministrada pela especialista Ana Lucia Gomes. Marque na agenda e participe!<\/p>\n","protected":false},"author":2,"featured_media":12102,"comment_status":"open","ping_status":"open","sticky":false,"template":"","format":"standard","meta":{"footnotes":""},"categories":[8],"tags":[32,166,25],"featured_image_url":"https:\/\/sinprofaz.org.br\/2024\/wp-content\/uploads\/2020\/10\/outubro-rosa.png","character_count":590,"formatted_date":"22\/10\/2020 - 08:24","contentNovo":"O c\u00e2ncer de mama \u00e9 o tipo mais comum entre as mulheres no Brasil e no mundo, correspondendo a 29% dos novos casos de c\u00e2ncer entre as brasileiras a cada ano. Ciente da necessidade de informa\u00e7\u00e3o e preven\u00e7\u00e3o, o SINPROFAZ convida a Carreira para a palestra \"Outubro Rosa: Autocuidado e Garantia de Direitos\".\r\n\r\nO webinar \u00e9 mais uma a\u00e7\u00e3o do Projeto de Sa\u00fade Mental e Qualidade de Vida na PFN e est\u00e1 alinhado \u00e0 campanha 2020 da Sociedade Brasileira de Mastologia. A palestra ocorre na ter\u00e7a-feira (27), \u00e0s 11h, via Zoom, e ser\u00e1 ministrada pela especialista Ana Lucia Gomes. Marque na agenda e participe!\r\n\r\n<strong>Sobre Ana Lucia Gomes<\/strong>\r\nFundadora e gerente de projetos da BeChange - Consultoria de Impacto Pol\u00edtico e Social, Ana Lucia atua h\u00e1 14 anos em organiza\u00e7\u00f5es do Terceiro Setor. Tem ampla experi\u00eancia na coordena\u00e7\u00e3o de projetos de advocacy para influ\u00eancia em pol\u00edticas p\u00fablicas, capta\u00e7\u00e3o de recursos, redes e coaliz\u00f5es e mobiliza\u00e7\u00e3o social, especialmente na \u00e1rea da sa\u00fade da mama. \u00c9 coautora de mais de uma dezena de projetos apresentados em congressos internacionais e apaixonada pela possibilidade de gerar impacto positivo na sociedade.","_links":{"self":[{"href":"https:\/\/sinprofaz.org.br\/2024\/wp-json\/wp\/v2\/posts\/12101"}],"collection":[{"href":"https:\/\/sinprofaz.org.br\/2024\/wp-json\/wp\/v2\/posts"}],"about":[{"href":"https:\/\/sinprofaz.org.br\/2024\/wp-json\/wp\/v2\/types\/post"}],"author":[{"embeddable":true,"href":"https:\/\/sinprofaz.org.br\/2024\/wp-json\/wp\/v2\/users\/2"}],"replies":[{"embeddable":true,"href":"https:\/\/sinprofaz.org.br\/2024\/wp-json\/wp\/v2\/comments?post=12101"}],"version-history":[{"count":2,"href":"https:\/\/sinprofaz.org.br\/2024\/wp-json\/wp\/v2\/posts\/12101\/revisions"}],"predecessor-version":[{"id":12104,"href":"https:\/\/sinprofaz.org.br\/2024\/wp-json\/wp\/v2\/posts\/12101\/revisions\/12104"}],"wp:featuredmedia":[{"embeddable":true,"href":"https:\/\/sinprofaz.org.br\/2024\/wp-json\/wp\/v2\/media\/12102"}],"wp:attachment":[{"href":"https:\/\/sinprofaz.org.br\/2024\/wp-json\/wp\/v2\/media?parent=12101"}],"wp:term":[{"taxonomy":"category","embeddable":true,"href":"https:\/\/sinprofaz.org.br\/2024\/wp-json\/wp\/v2\/categories?post=12101"},{"taxonomy":"post_tag","embeddable":true,"href":"https:\/\/sinprofaz.org.br\/2024\/wp-json\/wp\/v2\/tags?post=12101"}],"curies":[{"name":"wp","href":"https:\/\/api.w.org\/{rel}","templated":true}]}}