{"id":1209,"date":"2013-03-26T21:09:12","date_gmt":"2013-03-26T21:09:12","guid":{"rendered":""},"modified":"-0001-11-30T00:00:00","modified_gmt":"-0001-11-30T03:00:00","slug":"parlamentares-registraram-apoio-a-campanha-do-sinprofaz","status":"publish","type":"post","link":"https:\/\/sinprofaz.org.br\/2024\/noticias\/parlamentares-registraram-apoio-a-campanha-do-sinprofaz\/","title":{"rendered":"Parlamentares registraram apoio \u00e0 campanha do SINPROFAZ"},"content":{"rendered":"<p>Al\u00e9m do debate que ocorreu no dia 21 de mar\u00e7o na C\u00e2mara dos Deputados, houve distribui\u00e7\u00e3o do material de divulga\u00e7\u00e3o da campanha nas instala\u00e7\u00f5es das duas casas legislativas. V\u00e1rios deputados e senadores opinaram sobre as a\u00e7\u00f5es do SINPROFAZ para incentivar o debate acerca do peso e distribui\u00e7\u00e3o da carga tribut\u00e1ria e da necessidade de simplifica\u00e7\u00e3o do sistema tribut\u00e1rio brasileiro.<\/p>\n<p>A reuni\u00e3o na C\u00e2mara foi presidida pelo deputado Paulo Rubem Santiago (PDT-PE), apoiador da campanha desde sua primeira edi\u00e7\u00e3o em 2009. Foi ele quem viabilizou o espa\u00e7o para realiza\u00e7\u00e3o do ato p\u00fablico na casa legislativa. Outros parlamentares compareceram ao debate como o deputado F\u00e1bio Trad (PMDB-MS), Amauri Teixeira (PT-BA) e Davi Alcolumbre (DEM-AP).<\/p>\n<p>Na visita \u00e0 casa legislativa, a equipe de comunica\u00e7\u00e3o do SINPROFAZ ouviu alguns deputados sobre a iniciativa: \u00c9rika Kokay (PT-DF), Acelino Pop\u00f3 (PRB-BA), Miro Teixeira (PDT\/RJ), Andr\u00e9ia Zito (PSDB-RJ), Paulo Rubem Santiago (PDT-PE), C\u00e2ndido Vaccarezza (PT-SP), Chico Alencar (PSol-RJ), Alice Portugal (PCdoB-BA), Roberto Freire (PPS-SP), Lincoln Portela (PR-MG), Delegado Prot\u00f3genes (PCdoB-SP) e Oziel Oliveira (PDT-BA). Assista aos v\u00eddeos das entrevistas na p\u00e1gina <a title=\"Quanto Custa o Brasil pra Voc\u00ea?\" href=\"http:\/\/www.quantocustaobrasil.com.br\" target=\"_blank\">www.quantocustaobrasil.com.br<\/a><\/p>\n<p>Em pronunciamento em plen\u00e1rio, o deputado Paulo Rubem Santiago comentou: \u201c\u00c9 com imensa satisfa\u00e7\u00e3o que quero aqui registrar a iniciativa do SINPROFAZ, que amanh\u00e3, dia 21 de mar\u00e7o, \u00e0s 10h, no Plen\u00e1rio 13 da C\u00e2mara dos Deputados, estar\u00e1 realizando mais uma edi\u00e7\u00e3o anual do Dia Nacional da Justi\u00e7a Fiscal. Isso \u00e9 fundamental, porque muita gente fala mal, no Brasil, da carga tribut\u00e1ria. Agora, a grande maioria das institui\u00e7\u00f5es e de pessoas que criticam a carga tribut\u00e1ria n\u00e3o revela de fato quem paga ou n\u00e3o impostos no Brasil, e o SINPROFAZ tem se destacado pela sua clareza, transpar\u00eancia e compet\u00eancia em mostrar que o Brasil ainda n\u00e3o fez uma pol\u00edtica de justi\u00e7a fiscal\u201d.<\/p>\n<p>V\u00e1rios outros parlamentares encaminharam correspond\u00eancias ao Sindicato parabenizando a entidade e a carreira por mais uma edi\u00e7\u00e3o da campanha: os deputados Antonio Brito (PTB-BA), Reinaldo Azambuja (PSDB-MS), Roberto Balestra (PP-GO), Roberto Freire (PPS-SP), Sergio Zveiter (PSD-RJ) e Lincoln Portela (PR-MG), e os senadores Eun\u00edcio Oliveira (PMDB-CE), Alvaro Dias (PSDB-PR), Cristovam Buarque (PDT-DF), Eduardo Braga (PMDB-AM), Jayme Campos (DEM-MT), Pedro Taques (PDT-MT), Renan Calheiros (PMDB-AL) e Vital do Rego (PMDB-PB).<\/p>\n<p>O SINPROFAZ destaca a mensagem do deputado Beto Albuquerque (RS), l\u00edder do PSB na C\u00e2mara: \u201cAgrade\u00e7o envio de subs\u00eddios relativos ao PL 5984\/09, que institui o Dia Nacional da Justi\u00e7a Fiscal, e sobre as campanhas desenvolvidas por esta prestigiada entidade para conscientiza\u00e7\u00e3o da sociedade brasileira a respeito de desvios de verbas p\u00fablicas e falta de controle de gastos. Aproveito para destacar que a busca por um pa\u00eds mais igualit\u00e1rio, com a diminui\u00e7\u00e3o das desigualdades sociais, tem sido uma de minhas bandeiras no mandato parlamentar e, portanto, tema de meus pronunciamentos nesta C\u00e2mara dos Deputados. Desejo \u00eaxito nesta importante campanha e coloco nosso gabinete a disposi\u00e7\u00e3o\u201d.<\/p>\n","protected":false},"excerpt":{"rendered":"<p>Durante toda a Semana Nacional da Justi\u00e7a Fiscal, deputados e senadores manifestaram apoio \u00e0 iniciativa do Sindicato em entrevistas, pronunciamentos e correspond\u00eancias.<\/p>\n","protected":false},"author":1,"featured_media":0,"comment_status":"closed","ping_status":"open","sticky":false,"template":"","format":"standard","meta":{"footnotes":""},"categories":[8],"tags":[],"featured_image_url":"https:\/\/dummyimage.com\/720x400","character_count":1606,"formatted_date":"26\/03\/2013 - 21:09","contentNovo":"\r\n<p>Al\u00e9m do debate que ocorreu no dia 21 de mar\u00e7o na C\u00e2mara dos Deputados, houve distribui\u00e7\u00e3o do material de divulga\u00e7\u00e3o da campanha nas instala\u00e7\u00f5es das duas casas legislativas. V\u00e1rios deputados e senadores opinaram sobre as a\u00e7\u00f5es do SINPROFAZ para incentivar o debate acerca do peso e distribui\u00e7\u00e3o da carga tribut\u00e1ria e da necessidade de simplifica\u00e7\u00e3o do sistema tribut\u00e1rio brasileiro.<\/p>\r\n<p>A reuni\u00e3o na C\u00e2mara foi presidida pelo deputado Paulo Rubem Santiago (PDT-PE), apoiador da campanha desde sua primeira edi\u00e7\u00e3o em 2009. Foi ele quem viabilizou o espa\u00e7o para realiza\u00e7\u00e3o do ato p\u00fablico na casa legislativa. Outros parlamentares compareceram ao debate como o deputado F\u00e1bio Trad (PMDB-MS), Amauri Teixeira (PT-BA) e Davi Alcolumbre (DEM-AP).<\/p>\r\n<p>Na visita \u00e0 casa legislativa, a equipe de comunica\u00e7\u00e3o do SINPROFAZ ouviu alguns deputados sobre a iniciativa: \u00c9rika Kokay (PT-DF), Acelino Pop\u00f3 (PRB-BA), Miro Teixeira (PDT\/RJ), Andr\u00e9ia Zito (PSDB-RJ), Paulo Rubem Santiago (PDT-PE), C\u00e2ndido Vaccarezza (PT-SP), Chico Alencar (PSol-RJ), Alice Portugal (PCdoB-BA), Roberto Freire (PPS-SP), Lincoln Portela (PR-MG), Delegado Prot\u00f3genes (PCdoB-SP) e Oziel Oliveira (PDT-BA). Assista aos v\u00eddeos das entrevistas na p\u00e1gina <a title=\"Quanto Custa o Brasil pra Voc\u00ea?\" href=\"http:\/\/www.quantocustaobrasil.com.br\" target=\"_blank\">www.quantocustaobrasil.com.br<\/a><\/p>\r\n<p>Em pronunciamento em plen\u00e1rio, o deputado Paulo Rubem Santiago comentou: \u201c\u00c9 com imensa satisfa\u00e7\u00e3o que quero aqui registrar a iniciativa do SINPROFAZ, que amanh\u00e3, dia 21 de mar\u00e7o, \u00e0s 10h, no Plen\u00e1rio 13 da C\u00e2mara dos Deputados, estar\u00e1 realizando mais uma edi\u00e7\u00e3o anual do Dia Nacional da Justi\u00e7a Fiscal. Isso \u00e9 fundamental, porque muita gente fala mal, no Brasil, da carga tribut\u00e1ria. Agora, a grande maioria das institui\u00e7\u00f5es e de pessoas que criticam a carga tribut\u00e1ria n\u00e3o revela de fato quem paga ou n\u00e3o impostos no Brasil, e o SINPROFAZ tem se destacado pela sua clareza, transpar\u00eancia e compet\u00eancia em mostrar que o Brasil ainda n\u00e3o fez uma pol\u00edtica de justi\u00e7a fiscal\u201d.<\/p>\r\n<p>V\u00e1rios outros parlamentares encaminharam correspond\u00eancias ao Sindicato parabenizando a entidade e a carreira por mais uma edi\u00e7\u00e3o da campanha: os deputados Antonio Brito (PTB-BA), Reinaldo Azambuja (PSDB-MS), Roberto Balestra (PP-GO), Roberto Freire (PPS-SP), Sergio Zveiter (PSD-RJ) e Lincoln Portela (PR-MG), e os senadores Eun\u00edcio Oliveira (PMDB-CE), Alvaro Dias (PSDB-PR), Cristovam Buarque (PDT-DF), Eduardo Braga (PMDB-AM), Jayme Campos (DEM-MT), Pedro Taques (PDT-MT), Renan Calheiros (PMDB-AL) e Vital do Rego (PMDB-PB).<\/p>\r\n<p>O SINPROFAZ destaca a mensagem do deputado Beto Albuquerque (RS), l\u00edder do PSB na C\u00e2mara: \u201cAgrade\u00e7o envio de subs\u00eddios relativos ao PL 5984\/09, que institui o Dia Nacional da Justi\u00e7a Fiscal, e sobre as campanhas desenvolvidas por esta prestigiada entidade para conscientiza\u00e7\u00e3o da sociedade brasileira a respeito de desvios de verbas p\u00fablicas e falta de controle de gastos. Aproveito para destacar que a busca por um pa\u00eds mais igualit\u00e1rio, com a diminui\u00e7\u00e3o das desigualdades sociais, tem sido uma de minhas bandeiras no mandato parlamentar e, portanto, tema de meus pronunciamentos nesta C\u00e2mara dos Deputados. Desejo \u00eaxito nesta importante campanha e coloco nosso gabinete a disposi\u00e7\u00e3o\u201d.<\/p>","_links":{"self":[{"href":"https:\/\/sinprofaz.org.br\/2024\/wp-json\/wp\/v2\/posts\/1209"}],"collection":[{"href":"https:\/\/sinprofaz.org.br\/2024\/wp-json\/wp\/v2\/posts"}],"about":[{"href":"https:\/\/sinprofaz.org.br\/2024\/wp-json\/wp\/v2\/types\/post"}],"author":[{"embeddable":true,"href":"https:\/\/sinprofaz.org.br\/2024\/wp-json\/wp\/v2\/users\/1"}],"replies":[{"embeddable":true,"href":"https:\/\/sinprofaz.org.br\/2024\/wp-json\/wp\/v2\/comments?post=1209"}],"version-history":[{"count":0,"href":"https:\/\/sinprofaz.org.br\/2024\/wp-json\/wp\/v2\/posts\/1209\/revisions"}],"wp:attachment":[{"href":"https:\/\/sinprofaz.org.br\/2024\/wp-json\/wp\/v2\/media?parent=1209"}],"wp:term":[{"taxonomy":"category","embeddable":true,"href":"https:\/\/sinprofaz.org.br\/2024\/wp-json\/wp\/v2\/categories?post=1209"},{"taxonomy":"post_tag","embeddable":true,"href":"https:\/\/sinprofaz.org.br\/2024\/wp-json\/wp\/v2\/tags?post=1209"}],"curies":[{"name":"wp","href":"https:\/\/api.w.org\/{rel}","templated":true}]}}