{"id":12052,"date":"2020-10-15T16:59:20","date_gmt":"2020-10-15T19:59:20","guid":{"rendered":"http:\/\/www.sinprofaz.org.br\/?p=12052"},"modified":"2020-10-15T17:05:49","modified_gmt":"2020-10-15T20:05:49","slug":"fonacate-realizara-a-6-conferencia-nacional-das-carreiras-de-estado","status":"publish","type":"post","link":"https:\/\/sinprofaz.org.br\/2024\/noticias\/fonacate-realizara-a-6-conferencia-nacional-das-carreiras-de-estado\/","title":{"rendered":"FONACATE REALIZAR\u00c1 A 6\u00aa CONFER\u00caNCIA NACIONAL DAS CARREIRAS DE ESTADO"},"content":{"rendered":"<p>Em reuni\u00e3o realizada na ter\u00e7a-feira (13), o SINPROFAZ, representado pelo presidente Jos\u00e9 Ernane Brito, e as demais entidades integrantes do Fonacate debateram os detalhes da 6\u00aa Confer\u00eancia Nacional das Carreiras de Estado. O evento, que ter\u00e1 como tem\u00e1tica central \u201cO Futuro do Servi\u00e7o P\u00fablico no Brasil\u201d, ser\u00e1 realizado de modo virtual em 28 de outubro, Dia do Servidor P\u00fablico. Parlamentares, acad\u00eamicos, especialistas e representantes do governo foram convidados para a Confer\u00eancia, cuja programa\u00e7\u00e3o completa ser\u00e1 divulgada em breve. <\/p>\n<p>A transmiss\u00e3o ao vivo do evento ocorrer\u00e1 via YouTube, no canal do Fonacate. O primeiro painel, \u00e0s 10h30, abordar\u00e1 o tema \u201cGoverno Digital e o Futuro do Servi\u00e7o P\u00fablico\u201d, com palestra magna de Juarez Freitas, jurista e professor da Pontif\u00edcia Universidade Cat\u00f3lica do Rio Grande do Sul &#8211; PUCRS. \u201cGest\u00e3o P\u00fablica e Avalia\u00e7\u00e3o de Desempenho\u201d ser\u00e1 o tema do painel das 14h30. Para encerrar o evento, o Fonacate promover\u00e1 debate sobre \u201cEstabilidade, Integridade P\u00fablica e Ass\u00e9dio Institucional\u201d, \u00e0s 15h50.<\/p>\n<p>A reforma administrativa tamb\u00e9m foi discutida ao longo da Assembleia, na qual definiram-se os pontos cr\u00edticos da PEC 32 que ser\u00e3o objetos de emendas: o v\u00ednculo de experi\u00eancia, a estabilidade, o excesso de poderes conferidos ao presidente da Rep\u00fablica, os crit\u00e9rios para contrata\u00e7\u00e3o tempor\u00e1ria, a progress\u00e3o e a promo\u00e7\u00e3o e a defini\u00e7\u00e3o do cargos t\u00edpicos de Estado. No portal <a href=\"http:\/\/www.servirbrasil.org.br\" rel=\"noopener\" target=\"_blank\">www.servirbrasil.org.br<\/a>, criado pela Frente Parlamentar em Defesa do Servi\u00e7o P\u00fablico, est\u00e3o todos os materiais do Fonacate sobre a reforma, assim como informa\u00e7\u00f5es relativas \u00e0 tramita\u00e7\u00e3o da mat\u00e9ria.<\/p>\n<p><em>Com informa\u00e7\u00f5es da ASCOM\/Fonacate<\/em><\/p>\n","protected":false},"excerpt":{"rendered":"<p>O evento on-line, que ter\u00e1 como tem\u00e1tica central \u201cO Futuro do Servi\u00e7o P\u00fablico no Brasil\u201d, ser\u00e1 realizado em 28 de outubro. Parlamentares, acad\u00eamicos, especialistas e representantes do governo foram convidados para a Confer\u00eancia. <\/p>\n","protected":false},"author":2,"featured_media":12055,"comment_status":"open","ping_status":"open","sticky":false,"template":"","format":"standard","meta":{"footnotes":""},"categories":[8],"tags":[32,122,25],"featured_image_url":"https:\/\/sinprofaz.org.br\/2024\/wp-content\/uploads\/2020\/10\/sinpro.jpg","character_count":862,"formatted_date":"15\/10\/2020 - 16:59","contentNovo":"Em reuni\u00e3o realizada na ter\u00e7a-feira (13), o SINPROFAZ, representado pelo presidente Jos\u00e9 Ernane Brito, e as demais entidades integrantes do Fonacate debateram os detalhes da 6\u00aa Confer\u00eancia Nacional das Carreiras de Estado. O evento, que ter\u00e1 como tem\u00e1tica central \u201cO Futuro do Servi\u00e7o P\u00fablico no Brasil\u201d, ser\u00e1 realizado de modo virtual em 28 de outubro, Dia do Servidor P\u00fablico. Parlamentares, acad\u00eamicos, especialistas e representantes do governo foram convidados para a Confer\u00eancia, cuja programa\u00e7\u00e3o completa ser\u00e1 divulgada em breve. \r\n\r\nA transmiss\u00e3o ao vivo do evento ocorrer\u00e1 via YouTube, no canal do Fonacate. O primeiro painel, \u00e0s 10h30, abordar\u00e1 o tema \u201cGoverno Digital e o Futuro do Servi\u00e7o P\u00fablico\u201d, com palestra magna de Juarez Freitas, jurista e professor da Pontif\u00edcia Universidade Cat\u00f3lica do Rio Grande do Sul - PUCRS. \u201cGest\u00e3o P\u00fablica e Avalia\u00e7\u00e3o de Desempenho\u201d ser\u00e1 o tema do painel das 14h30. Para encerrar o evento, o Fonacate promover\u00e1 debate sobre \u201cEstabilidade, Integridade P\u00fablica e Ass\u00e9dio Institucional\u201d, \u00e0s 15h50.\r\n\r\nA reforma administrativa tamb\u00e9m foi discutida ao longo da Assembleia, na qual definiram-se os pontos cr\u00edticos da PEC 32 que ser\u00e3o objetos de emendas: o v\u00ednculo de experi\u00eancia, a estabilidade, o excesso de poderes conferidos ao presidente da Rep\u00fablica, os crit\u00e9rios para contrata\u00e7\u00e3o tempor\u00e1ria, a progress\u00e3o e a promo\u00e7\u00e3o e a defini\u00e7\u00e3o do cargos t\u00edpicos de Estado. No portal <a href=\"http:\/\/www.servirbrasil.org.br\" rel=\"noopener\" target=\"_blank\">www.servirbrasil.org.br<\/a>, criado pela Frente Parlamentar em Defesa do Servi\u00e7o P\u00fablico, est\u00e3o todos os materiais do Fonacate sobre a reforma, assim como informa\u00e7\u00f5es relativas \u00e0 tramita\u00e7\u00e3o da mat\u00e9ria.\r\n\r\n<em>Com informa\u00e7\u00f5es da ASCOM\/Fonacate<\/em>","_links":{"self":[{"href":"https:\/\/sinprofaz.org.br\/2024\/wp-json\/wp\/v2\/posts\/12052"}],"collection":[{"href":"https:\/\/sinprofaz.org.br\/2024\/wp-json\/wp\/v2\/posts"}],"about":[{"href":"https:\/\/sinprofaz.org.br\/2024\/wp-json\/wp\/v2\/types\/post"}],"author":[{"embeddable":true,"href":"https:\/\/sinprofaz.org.br\/2024\/wp-json\/wp\/v2\/users\/2"}],"replies":[{"embeddable":true,"href":"https:\/\/sinprofaz.org.br\/2024\/wp-json\/wp\/v2\/comments?post=12052"}],"version-history":[{"count":1,"href":"https:\/\/sinprofaz.org.br\/2024\/wp-json\/wp\/v2\/posts\/12052\/revisions"}],"predecessor-version":[{"id":12054,"href":"https:\/\/sinprofaz.org.br\/2024\/wp-json\/wp\/v2\/posts\/12052\/revisions\/12054"}],"wp:featuredmedia":[{"embeddable":true,"href":"https:\/\/sinprofaz.org.br\/2024\/wp-json\/wp\/v2\/media\/12055"}],"wp:attachment":[{"href":"https:\/\/sinprofaz.org.br\/2024\/wp-json\/wp\/v2\/media?parent=12052"}],"wp:term":[{"taxonomy":"category","embeddable":true,"href":"https:\/\/sinprofaz.org.br\/2024\/wp-json\/wp\/v2\/categories?post=12052"},{"taxonomy":"post_tag","embeddable":true,"href":"https:\/\/sinprofaz.org.br\/2024\/wp-json\/wp\/v2\/tags?post=12052"}],"curies":[{"name":"wp","href":"https:\/\/api.w.org\/{rel}","templated":true}]}}