{"id":1200,"date":"2013-03-22T15:57:06","date_gmt":"2013-03-22T15:57:06","guid":{"rendered":""},"modified":"-0001-11-30T00:00:00","modified_gmt":"-0001-11-30T03:00:00","slug":"sinprofaz-atua-pela-convocacao-de-pfns-e-realizacao-de-concurso-para-carreira-de-apoio","status":"publish","type":"post","link":"https:\/\/sinprofaz.org.br\/2024\/noticias\/sinprofaz-atua-pela-convocacao-de-pfns-e-realizacao-de-concurso-para-carreira-de-apoio\/","title":{"rendered":"SINPROFAZ atua pela convoca\u00e7\u00e3o de PFNs e realiza\u00e7\u00e3o de concurso para carreira de apoio"},"content":{"rendered":"<p>O parlamentar formalizou as indica\u00e7\u00f5es esta semana. As informa\u00e7\u00f5es que instruem e subsidiam os atos foram fornecidas pelo SINPROFAZ. O presidente do Sindicato, Allan Titonelli, tratou do assunto pessoalmente com o deputado baiano.<\/p>\n<p>Por meio da Indica\u00e7\u00e3o 3764\/13, o deputado ressalta a urg\u00eancia de convoca\u00e7\u00e3o da integralidade dos aprovados do \u00faltimo concurso para Procurador da Fazenda Nacional e Advogado da Uni\u00e3o. Nas justificativas da indica\u00e7\u00e3o, o parlamentar alerta para o fato de que \u201ca crescente interioriza\u00e7\u00e3o e amplia\u00e7\u00e3o da Justi\u00e7a Federal, em breve certamente tornar\u00e1 insustent\u00e1vel a situa\u00e7\u00e3o atual, de modo que n\u00e3o haver\u00e1 sequer contingente m\u00ednimo de advogados p\u00fablicos federais para dar conta do trabalho de representa\u00e7\u00e3o judicial e consultoria jur\u00eddica da Uni\u00e3o\u201d.<\/p>\n<p>A outra Indica\u00e7\u00e3o, 3720\/13, sugere \u00e0 ministra Miriam Belchior a inclus\u00e3o da Procuradoria-Geral da Fazenda Nacional e do seu quadro de servidores no Plano de Cargos e Carreiras de apoio \u00e0 atividade jur\u00eddica no \u00e2mbito da Advocacia-Geral da Uni\u00e3o e da Defensoria P\u00fablica da Uni\u00e3o &#8211; PCCAJ. Com esta inclus\u00e3o, \u201ca AGU beneficiaria a Procuradoria-Geral da Fazenda Nacional, criando um quadro t\u00e9cnico-administrativo especializado e aproveitando os 1.200 servidores que se esfor\u00e7am h\u00e1 anos para prestar o devido suporte aos 1500 Procuradores da Fazenda Nacional em todo o Brasil\u201d.<\/p>\n<p>O SINPROFAZ vai acompanhar os tr\u00e2mites das referidas indica\u00e7\u00f5es para manter a carreira de PFN informada a respeito.<\/p>\n","protected":false},"excerpt":{"rendered":"<p>Deputado Amauri Teixeira (PT-BA) encaminhou indica\u00e7\u00f5es \u00e0 ministra do Planejamento sugerindo convoca\u00e7\u00e3o imediata dos aprovados no \u00faltimo concurso de PFN e realiza\u00e7\u00e3o de concurso para carreira de apoio da PGFN.<\/p>\n","protected":false},"author":1,"featured_media":0,"comment_status":"closed","ping_status":"open","sticky":false,"template":"","format":"standard","meta":{"footnotes":""},"categories":[8],"tags":[],"featured_image_url":"https:\/\/dummyimage.com\/720x400","character_count":762,"formatted_date":"22\/03\/2013 - 15:57","contentNovo":"\r\n<p>O parlamentar formalizou as indica\u00e7\u00f5es esta semana. As informa\u00e7\u00f5es que instruem e subsidiam os atos foram fornecidas pelo SINPROFAZ. O presidente do Sindicato, Allan Titonelli, tratou do assunto pessoalmente com o deputado baiano.<\/p>\r\n<p>Por meio da Indica\u00e7\u00e3o 3764\/13, o deputado ressalta a urg\u00eancia de convoca\u00e7\u00e3o da integralidade dos aprovados do \u00faltimo concurso para Procurador da Fazenda Nacional e Advogado da Uni\u00e3o. Nas justificativas da indica\u00e7\u00e3o, o parlamentar alerta para o fato de que \u201ca crescente interioriza\u00e7\u00e3o e amplia\u00e7\u00e3o da Justi\u00e7a Federal, em breve certamente tornar\u00e1 insustent\u00e1vel a situa\u00e7\u00e3o atual, de modo que n\u00e3o haver\u00e1 sequer contingente m\u00ednimo de advogados p\u00fablicos federais para dar conta do trabalho de representa\u00e7\u00e3o judicial e consultoria jur\u00eddica da Uni\u00e3o\u201d.<\/p>\r\n<p>A outra Indica\u00e7\u00e3o, 3720\/13, sugere \u00e0 ministra Miriam Belchior a inclus\u00e3o da Procuradoria-Geral da Fazenda Nacional e do seu quadro de servidores no Plano de Cargos e Carreiras de apoio \u00e0 atividade jur\u00eddica no \u00e2mbito da Advocacia-Geral da Uni\u00e3o e da Defensoria P\u00fablica da Uni\u00e3o - PCCAJ. Com esta inclus\u00e3o, \u201ca AGU beneficiaria a Procuradoria-Geral da Fazenda Nacional, criando um quadro t\u00e9cnico-administrativo especializado e aproveitando os 1.200 servidores que se esfor\u00e7am h\u00e1 anos para prestar o devido suporte aos 1500 Procuradores da Fazenda Nacional em todo o Brasil\u201d.<\/p>\r\n<p>O SINPROFAZ vai acompanhar os tr\u00e2mites das referidas indica\u00e7\u00f5es para manter a carreira de PFN informada a respeito.<\/p>","_links":{"self":[{"href":"https:\/\/sinprofaz.org.br\/2024\/wp-json\/wp\/v2\/posts\/1200"}],"collection":[{"href":"https:\/\/sinprofaz.org.br\/2024\/wp-json\/wp\/v2\/posts"}],"about":[{"href":"https:\/\/sinprofaz.org.br\/2024\/wp-json\/wp\/v2\/types\/post"}],"author":[{"embeddable":true,"href":"https:\/\/sinprofaz.org.br\/2024\/wp-json\/wp\/v2\/users\/1"}],"replies":[{"embeddable":true,"href":"https:\/\/sinprofaz.org.br\/2024\/wp-json\/wp\/v2\/comments?post=1200"}],"version-history":[{"count":0,"href":"https:\/\/sinprofaz.org.br\/2024\/wp-json\/wp\/v2\/posts\/1200\/revisions"}],"wp:attachment":[{"href":"https:\/\/sinprofaz.org.br\/2024\/wp-json\/wp\/v2\/media?parent=1200"}],"wp:term":[{"taxonomy":"category","embeddable":true,"href":"https:\/\/sinprofaz.org.br\/2024\/wp-json\/wp\/v2\/categories?post=1200"},{"taxonomy":"post_tag","embeddable":true,"href":"https:\/\/sinprofaz.org.br\/2024\/wp-json\/wp\/v2\/tags?post=1200"}],"curies":[{"name":"wp","href":"https:\/\/api.w.org\/{rel}","templated":true}]}}