{"id":1199,"date":"2013-03-22T15:23:16","date_gmt":"2013-03-22T15:23:16","guid":{"rendered":""},"modified":"-0001-11-30T00:00:00","modified_gmt":"-0001-11-30T03:00:00","slug":"justica-fiscal-com-campanha-sinprofaz-insere-carreira-na-midia","status":"publish","type":"post","link":"https:\/\/sinprofaz.org.br\/2024\/noticias\/justica-fiscal-com-campanha-sinprofaz-insere-carreira-na-midia\/","title":{"rendered":"Justi\u00e7a Fiscal: com campanha, SINPROFAZ insere carreira na m\u00eddia"},"content":{"rendered":"<p>A assessoria de imprensa do Sindicato est\u00e1 organizando o clipping impresso e eletr\u00f4nico com as mat\u00e9rias e entrevistas realizadas nos \u00faltimos dias, oportunidades em que o presidente do Sindicato e outros membros da diretoria t\u00eam aproveitado tamb\u00e9m para expor temas importantes para a carreira como a quest\u00e3o estrutural da PGFN, a falta de quadros de apoio e a necessidade de maior valoriza\u00e7\u00e3o dos PFNs.<\/p>\n<p>A seguir, destacamos as participa\u00e7\u00f5es de diretores em entrevistas \u00e0 TV Globo e R\u00e1dio CBN, esta \u00faltima com dura\u00e7\u00e3o de nove minutos e veiculada em rede nacional:<\/p>\n<p><strong>TV Globo Bras\u00edlia<\/strong><\/p>\n<p><a title=\"Tv Globo - Bras\u00edlia\" href=\"http:\/\/globotv.globo.com\/rede-globo\/bom-dia-df\/t\/edicoes\/v\/aplicativo-ajuda-a-calcular-impostos-sobre-produtos-e-servicos\/2469683\/\" target=\"_blank\">http:\/\/globotv.globo.com\/rede-globo\/bom-dia-df\/t\/edicoes\/v\/aplicativo-ajuda-a-calcular-impostos-sobre-produtos-e-servicos\/2469683\/<\/a><\/p>\n<p><strong>TV Globo Jo\u00e3o Pessoa<\/strong><\/p>\n<p><a title=\"Tv Globo Jo\u00e3o Pessoa\" href=\"http:\/\/globotv.globo.com\/rede-paraiba\/jpb-2a-edicao\/v\/jpb2jp-campanha-conscientiza-populacao-sobre-impostos-embutidos-nos-produtos\/2467074\/\" target=\"_blank\">http:\/\/globotv.globo.com\/rede-paraiba\/jpb-2a-edicao\/v\/jpb2jp-campanha-conscientiza-populacao-sobre-impostos-embutidos-nos-produtos\/2467074\/<\/a><\/p>\n<p><strong>R\u00e1dio CBN \u2013 programa CBN Noite Total<\/strong><\/p>\n<p><a title=\"R\u00e1dio CBN\" href=\"http:\/\/cbn.globoradio.globo.com\/programas\/cbn-noite-total\/2013\/03\/19\/CAMPANHA-ALERTA-SOBRE-PESO-DA-CARGA-TRIBUTARIA-NO-BRASIL.htm\" target=\"_blank\">http:\/\/cbn.globoradio.globo.com\/programas\/cbn-noite-total\/2013\/03\/19\/CAMPANHA-ALERTA-SOBRE-PESO-DA-CARGA-TRIBUTARIA-NO-BRASIL.htm<\/a><\/p>\n","protected":false},"excerpt":{"rendered":"<p>R\u00e1dio, TV, portais de not\u00edcias. V\u00e1rias inser\u00e7\u00f5es na m\u00eddia projetaram o nome do Sindicato e da Carreira de PFN em uma intensa semana de atividades da campanha \u201cQuanto Custa o Brasil pra Voc\u00ea?\u201d.<\/p>\n","protected":false},"author":1,"featured_media":0,"comment_status":"closed","ping_status":"open","sticky":false,"template":"","format":"standard","meta":{"footnotes":""},"categories":[8],"tags":[],"featured_image_url":"https:\/\/dummyimage.com\/720x400","character_count":530,"formatted_date":"22\/03\/2013 - 15:23","contentNovo":"\r\n<p>A assessoria de imprensa do Sindicato est\u00e1 organizando o clipping impresso e eletr\u00f4nico com as mat\u00e9rias e entrevistas realizadas nos \u00faltimos dias, oportunidades em que o presidente do Sindicato e outros membros da diretoria t\u00eam aproveitado tamb\u00e9m para expor temas importantes para a carreira como a quest\u00e3o estrutural da PGFN, a falta de quadros de apoio e a necessidade de maior valoriza\u00e7\u00e3o dos PFNs.<\/p>\r\n<p>A seguir, destacamos as participa\u00e7\u00f5es de diretores em entrevistas \u00e0 TV Globo e R\u00e1dio CBN, esta \u00faltima com dura\u00e7\u00e3o de nove minutos e veiculada em rede nacional:<\/p>\r\n<p><strong>TV Globo Bras\u00edlia<\/strong><\/p>\r\n<p><a title=\"Tv Globo - Bras\u00edlia\" href=\"http:\/\/globotv.globo.com\/rede-globo\/bom-dia-df\/t\/edicoes\/v\/aplicativo-ajuda-a-calcular-impostos-sobre-produtos-e-servicos\/2469683\/\" target=\"_blank\">http:\/\/globotv.globo.com\/rede-globo\/bom-dia-df\/t\/edicoes\/v\/aplicativo-ajuda-a-calcular-impostos-sobre-produtos-e-servicos\/2469683\/<\/a><\/p>\r\n<p><strong>TV Globo Jo\u00e3o Pessoa<\/strong><\/p>\r\n<p><a title=\"Tv Globo Jo\u00e3o Pessoa\" href=\"http:\/\/globotv.globo.com\/rede-paraiba\/jpb-2a-edicao\/v\/jpb2jp-campanha-conscientiza-populacao-sobre-impostos-embutidos-nos-produtos\/2467074\/\" target=\"_blank\">http:\/\/globotv.globo.com\/rede-paraiba\/jpb-2a-edicao\/v\/jpb2jp-campanha-conscientiza-populacao-sobre-impostos-embutidos-nos-produtos\/2467074\/<\/a><\/p>\r\n<p><strong>R\u00e1dio CBN \u2013 programa CBN Noite Total<\/strong><\/p>\r\n<p><a title=\"R\u00e1dio CBN\" href=\"http:\/\/cbn.globoradio.globo.com\/programas\/cbn-noite-total\/2013\/03\/19\/CAMPANHA-ALERTA-SOBRE-PESO-DA-CARGA-TRIBUTARIA-NO-BRASIL.htm\" target=\"_blank\">http:\/\/cbn.globoradio.globo.com\/programas\/cbn-noite-total\/2013\/03\/19\/CAMPANHA-ALERTA-SOBRE-PESO-DA-CARGA-TRIBUTARIA-NO-BRASIL.htm<\/a><\/p>","_links":{"self":[{"href":"https:\/\/sinprofaz.org.br\/2024\/wp-json\/wp\/v2\/posts\/1199"}],"collection":[{"href":"https:\/\/sinprofaz.org.br\/2024\/wp-json\/wp\/v2\/posts"}],"about":[{"href":"https:\/\/sinprofaz.org.br\/2024\/wp-json\/wp\/v2\/types\/post"}],"author":[{"embeddable":true,"href":"https:\/\/sinprofaz.org.br\/2024\/wp-json\/wp\/v2\/users\/1"}],"replies":[{"embeddable":true,"href":"https:\/\/sinprofaz.org.br\/2024\/wp-json\/wp\/v2\/comments?post=1199"}],"version-history":[{"count":0,"href":"https:\/\/sinprofaz.org.br\/2024\/wp-json\/wp\/v2\/posts\/1199\/revisions"}],"wp:attachment":[{"href":"https:\/\/sinprofaz.org.br\/2024\/wp-json\/wp\/v2\/media?parent=1199"}],"wp:term":[{"taxonomy":"category","embeddable":true,"href":"https:\/\/sinprofaz.org.br\/2024\/wp-json\/wp\/v2\/categories?post=1199"},{"taxonomy":"post_tag","embeddable":true,"href":"https:\/\/sinprofaz.org.br\/2024\/wp-json\/wp\/v2\/tags?post=1199"}],"curies":[{"name":"wp","href":"https:\/\/api.w.org\/{rel}","templated":true}]}}