{"id":11984,"date":"2020-10-06T08:30:05","date_gmt":"2020-10-06T11:30:05","guid":{"rendered":"http:\/\/www.sinprofaz.org.br\/?p=11984"},"modified":"2020-10-05T23:00:46","modified_gmt":"2020-10-06T02:00:46","slug":"em-reuniao-virtual-diretores-do-sinprofaz-debatem-novos-projetos","status":"publish","type":"post","link":"https:\/\/sinprofaz.org.br\/2024\/noticias\/em-reuniao-virtual-diretores-do-sinprofaz-debatem-novos-projetos\/","title":{"rendered":"EM REUNI\u00c3O VIRTUAL, DIRETORES DO SINPROFAZ DEBATEM NOVOS PROJETOS"},"content":{"rendered":"<p>A Diretoria do SINPROFAZ esteve reunida na segunda-feira (5). Ao longo do encontro realizado de forma virtual, foram discutidos temas como o Projeto de Sa\u00fade Mental e Qualidade de Vida do PFN, lan\u00e7ado pelo Sindicato em evento on-line na \u00faltima semana. Do Webinar, participaram autoridades da AGU e da PGFN, al\u00e9m de representantes da Carreira e especialistas no tema do Projeto. A \u00edntegra do evento de Lan\u00e7amento est\u00e1 dispon\u00edvel em <a href=\"http:\/\/youtu.be\/Xp-LRhOobOU\" rel=\"noopener\" target=\"_blank\">youtu.be\/Xp-LRhOobOU<\/a>.<\/p>\n<p>Para dar continuidade \u00e0s a\u00e7\u00f5es no \u00e2mbito do Projeto, os diretores debateram parcerias visando ao atendimento psicol\u00f3gico dos filiados em car\u00e1ter emergencial. J\u00e1 na pr\u00f3xima semana, a Carreira conhecer\u00e1 as novidades do Projeto. Palestras sobre a sa\u00fade mental e f\u00edsica dos PFNs tamb\u00e9m est\u00e3o sendo planejadas, assim como o lan\u00e7amento do Diagn\u00f3stico Epidemiol\u00f3gico de Sa\u00fade Mental e Qualidade de Vida do PFN, a ser coordenado pelo psic\u00f3logo Cristiano Costa, que participou da reuni\u00e3o. <\/p>\n\n\t\t<style type=\"text\/css\">\n\t\t\t#gallery-1 {\n\t\t\t\tmargin: auto;\n\t\t\t}\n\t\t\t#gallery-1 .gallery-item {\n\t\t\t\tfloat: left;\n\t\t\t\tmargin-top: 10px;\n\t\t\t\ttext-align: center;\n\t\t\t\twidth: 33%;\n\t\t\t}\n\t\t\t#gallery-1 img {\n\t\t\t\tborder: 2px solid #cfcfcf;\n\t\t\t}\n\t\t\t#gallery-1 .gallery-caption {\n\t\t\t\tmargin-left: 0;\n\t\t\t}\n\t\t\t\/* see gallery_shortcode() in wp-includes\/media.php *\/\n\t\t<\/style>\n\t\t<div id='gallery-1' class='gallery galleryid-11984 gallery-columns-3 gallery-size-thumbnail'><dl class='gallery-item'>\n\t\t\t<dt class='gallery-icon landscape'>\n\t\t\t\t<a href='https:\/\/sinprofaz.org.br\/2024\/wp-content\/uploads\/2020\/10\/Diretoria-2.jpeg'><img loading=\"lazy\" decoding=\"async\" width=\"150\" height=\"150\" src=\"https:\/\/sinprofaz.org.br\/2024\/wp-content\/uploads\/2020\/10\/Diretoria-2-150x150.jpeg\" class=\"attachment-thumbnail size-thumbnail\" alt=\"\" \/><\/a>\n\t\t\t<\/dt><\/dl><dl class='gallery-item'>\n\t\t\t<dt class='gallery-icon landscape'>\n\t\t\t\t<a href='https:\/\/sinprofaz.org.br\/2024\/wp-content\/uploads\/2020\/10\/Diretoria-3.jpeg'><img loading=\"lazy\" decoding=\"async\" width=\"150\" height=\"150\" src=\"https:\/\/sinprofaz.org.br\/2024\/wp-content\/uploads\/2020\/10\/Diretoria-3-150x150.jpeg\" class=\"attachment-thumbnail size-thumbnail\" alt=\"\" \/><\/a>\n\t\t\t<\/dt><\/dl><dl class='gallery-item'>\n\t\t\t<dt class='gallery-icon landscape'>\n\t\t\t\t<a href='https:\/\/sinprofaz.org.br\/2024\/wp-content\/uploads\/2020\/10\/Diretoria-4.jpeg'><img loading=\"lazy\" decoding=\"async\" width=\"150\" height=\"150\" src=\"https:\/\/sinprofaz.org.br\/2024\/wp-content\/uploads\/2020\/10\/Diretoria-4-150x150.jpeg\" class=\"attachment-thumbnail size-thumbnail\" alt=\"\" \/><\/a>\n\t\t\t<\/dt><\/dl><br style=\"clear: both\" \/>\n\t\t<\/div>\n\n","protected":false},"excerpt":{"rendered":"<p>A Diretoria do SINPROFAZ esteve reunida na segunda-feira (5). Ao longo do encontro virtual, foram discutidos temas como o Projeto de Sa\u00fade Mental e Qualidade de Vida do PFN, lan\u00e7ado pelo Sindicato em evento na \u00faltima semana.<\/p>\n","protected":false},"author":2,"featured_media":11985,"comment_status":"open","ping_status":"open","sticky":false,"template":"","format":"standard","meta":{"footnotes":""},"categories":[8],"tags":[27,166,25],"featured_image_url":"https:\/\/sinprofaz.org.br\/2024\/wp-content\/uploads\/2020\/10\/Diretoria-1-e1601949397672.jpeg","character_count":670,"formatted_date":"06\/10\/2020 - 08:30","contentNovo":"A Diretoria do SINPROFAZ esteve reunida na segunda-feira (5). Ao longo do encontro realizado de forma virtual, foram discutidos temas como o Projeto de Sa\u00fade Mental e Qualidade de Vida do PFN, lan\u00e7ado pelo Sindicato em evento on-line na \u00faltima semana. Do Webinar, participaram autoridades da AGU e da PGFN, al\u00e9m de representantes da Carreira e especialistas no tema do Projeto. A \u00edntegra do evento de Lan\u00e7amento est\u00e1 dispon\u00edvel em <a href=\"http:\/\/youtu.be\/Xp-LRhOobOU\" rel=\"noopener\" target=\"_blank\">youtu.be\/Xp-LRhOobOU<\/a>.\r\n\r\nPara dar continuidade \u00e0s a\u00e7\u00f5es no \u00e2mbito do Projeto, os diretores debateram parcerias visando ao atendimento psicol\u00f3gico dos filiados em car\u00e1ter emergencial. J\u00e1 na pr\u00f3xima semana, a Carreira conhecer\u00e1 as novidades do Projeto. Palestras sobre a sa\u00fade mental e f\u00edsica dos PFNs tamb\u00e9m est\u00e3o sendo planejadas, assim como o lan\u00e7amento do Diagn\u00f3stico Epidemiol\u00f3gico de Sa\u00fade Mental e Qualidade de Vida do PFN, a ser coordenado pelo psic\u00f3logo Cristiano Costa, que participou da reuni\u00e3o. \r\n\r\n[gallery link=\"file\" ids=\"11986,11987,11988\"]","_links":{"self":[{"href":"https:\/\/sinprofaz.org.br\/2024\/wp-json\/wp\/v2\/posts\/11984"}],"collection":[{"href":"https:\/\/sinprofaz.org.br\/2024\/wp-json\/wp\/v2\/posts"}],"about":[{"href":"https:\/\/sinprofaz.org.br\/2024\/wp-json\/wp\/v2\/types\/post"}],"author":[{"embeddable":true,"href":"https:\/\/sinprofaz.org.br\/2024\/wp-json\/wp\/v2\/users\/2"}],"replies":[{"embeddable":true,"href":"https:\/\/sinprofaz.org.br\/2024\/wp-json\/wp\/v2\/comments?post=11984"}],"version-history":[{"count":1,"href":"https:\/\/sinprofaz.org.br\/2024\/wp-json\/wp\/v2\/posts\/11984\/revisions"}],"predecessor-version":[{"id":11989,"href":"https:\/\/sinprofaz.org.br\/2024\/wp-json\/wp\/v2\/posts\/11984\/revisions\/11989"}],"wp:featuredmedia":[{"embeddable":true,"href":"https:\/\/sinprofaz.org.br\/2024\/wp-json\/wp\/v2\/media\/11985"}],"wp:attachment":[{"href":"https:\/\/sinprofaz.org.br\/2024\/wp-json\/wp\/v2\/media?parent=11984"}],"wp:term":[{"taxonomy":"category","embeddable":true,"href":"https:\/\/sinprofaz.org.br\/2024\/wp-json\/wp\/v2\/categories?post=11984"},{"taxonomy":"post_tag","embeddable":true,"href":"https:\/\/sinprofaz.org.br\/2024\/wp-json\/wp\/v2\/tags?post=11984"}],"curies":[{"name":"wp","href":"https:\/\/api.w.org\/{rel}","templated":true}]}}