{"id":11960,"date":"2020-10-01T08:35:46","date_gmt":"2020-10-01T11:35:46","guid":{"rendered":"http:\/\/www.sinprofaz.org.br\/?p=11960"},"modified":"2020-10-02T09:52:08","modified_gmt":"2020-10-02T12:52:08","slug":"advogado-geral-da-uniao-participa-de-webinar-sobre-saude-mental-do-pfn","status":"publish","type":"post","link":"https:\/\/sinprofaz.org.br\/2024\/noticias\/advogado-geral-da-uniao-participa-de-webinar-sobre-saude-mental-do-pfn\/","title":{"rendered":"ADVOGADO-GERAL DA UNI\u00c3O PARTICIPA DE WEBINAR SOBRE SA\u00daDE MENTAL DO PFN"},"content":{"rendered":"<p>Em Webinar realizado na ter\u00e7a-feira (29), o SINPROFAZ lan\u00e7ou o novo Projeto de Sa\u00fade Mental e Qualidade de Vida do PFN. Representantes do Sindicato, da Carreira, da AGU e da PGFN, al\u00e9m de especialistas na tem\u00e1tica central do Projeto, se reuniram para o evento on-line, durante o qual discutiram a import\u00e2ncia de iniciativas que tenham por objetivo promover a higidez mental dos procuradores da Fazenda Nacional. Entre as autoridades presentes no Lan\u00e7amento, esteve Jos\u00e9 Levi, advogado-geral da Uni\u00e3o.<\/p>\n<p>&#8220;Admiro a experi\u00eancia piloto em curso na 3\u00aa Regi\u00e3o. Ela deve ser tomada em considera\u00e7\u00e3o para amplia\u00e7\u00e3o o quanto antes. O que interessa \u00e9 que tenhamos uma rede de compreens\u00e3o m\u00fatua, seja no plano institucional, no associativo, no individual ou no coletivo. Temos consci\u00eancia suficiente para irmos adiante em projetos v\u00e1rios sobre o assunto, os quais podem e devem se somar. A iniciativa do SINPROFAZ conspira em favor dessa compreens\u00e3o greg\u00e1ria. Cumprimento o presidente Jos\u00e9 Ernane Brito pelo Projeto.&#8221;<\/p>\n<p>Confira a exposi\u00e7\u00e3o completa do AGU durante o evento: <a href=\"https:\/\/www.youtube.com\/watch?v=SEZdFcmaCjs&amp;feature=youtu.be\">youtu.be\/SEZdFcmaCjs<\/a><\/p>\n","protected":false},"excerpt":{"rendered":"<p>Em Webinar realizado na ter\u00e7a-feira (29), o SINPROFAZ lan\u00e7ou o novo Projeto de Sa\u00fade Mental e Qualidade de Vida do PFN. Entre as autoridades presentes no Lan\u00e7amento, esteve Jos\u00e9 Levi Mello, advogado-geral da Uni\u00e3o. Confira!<\/p>\n","protected":false},"author":2,"featured_media":11961,"comment_status":"open","ping_status":"open","sticky":false,"template":"","format":"standard","meta":{"footnotes":""},"categories":[8],"tags":[32,166,25],"featured_image_url":"https:\/\/sinprofaz.org.br\/2024\/wp-content\/uploads\/2020\/10\/NOTA-SINPROFAZ.png","character_count":559,"formatted_date":"01\/10\/2020 - 08:35","contentNovo":"Em Webinar realizado na ter\u00e7a-feira (29), o SINPROFAZ lan\u00e7ou o novo Projeto de Sa\u00fade Mental e Qualidade de Vida do PFN. Representantes do Sindicato, da Carreira, da AGU e da PGFN, al\u00e9m de especialistas na tem\u00e1tica central do Projeto, se reuniram para o evento on-line, durante o qual discutiram a import\u00e2ncia de iniciativas que tenham por objetivo promover a higidez mental dos procuradores da Fazenda Nacional. Entre as autoridades presentes no Lan\u00e7amento, esteve Jos\u00e9 Levi, advogado-geral da Uni\u00e3o.\r\n\r\n\"Admiro a experi\u00eancia piloto em curso na 3\u00aa Regi\u00e3o. Ela deve ser tomada em considera\u00e7\u00e3o para amplia\u00e7\u00e3o o quanto antes. O que interessa \u00e9 que tenhamos uma rede de compreens\u00e3o m\u00fatua, seja no plano institucional, no associativo, no individual ou no coletivo. Temos consci\u00eancia suficiente para irmos adiante em projetos v\u00e1rios sobre o assunto, os quais podem e devem se somar. A iniciativa do SINPROFAZ conspira em favor dessa compreens\u00e3o greg\u00e1ria. Cumprimento o presidente Jos\u00e9 Ernane Brito pelo Projeto.\"\r\n\r\nConfira a exposi\u00e7\u00e3o completa do AGU durante o evento: <a href=\"https:\/\/www.youtube.com\/watch?v=SEZdFcmaCjs&amp;feature=youtu.be\">youtu.be\/SEZdFcmaCjs<\/a>","_links":{"self":[{"href":"https:\/\/sinprofaz.org.br\/2024\/wp-json\/wp\/v2\/posts\/11960"}],"collection":[{"href":"https:\/\/sinprofaz.org.br\/2024\/wp-json\/wp\/v2\/posts"}],"about":[{"href":"https:\/\/sinprofaz.org.br\/2024\/wp-json\/wp\/v2\/types\/post"}],"author":[{"embeddable":true,"href":"https:\/\/sinprofaz.org.br\/2024\/wp-json\/wp\/v2\/users\/2"}],"replies":[{"embeddable":true,"href":"https:\/\/sinprofaz.org.br\/2024\/wp-json\/wp\/v2\/comments?post=11960"}],"version-history":[{"count":2,"href":"https:\/\/sinprofaz.org.br\/2024\/wp-json\/wp\/v2\/posts\/11960\/revisions"}],"predecessor-version":[{"id":11971,"href":"https:\/\/sinprofaz.org.br\/2024\/wp-json\/wp\/v2\/posts\/11960\/revisions\/11971"}],"wp:featuredmedia":[{"embeddable":true,"href":"https:\/\/sinprofaz.org.br\/2024\/wp-json\/wp\/v2\/media\/11961"}],"wp:attachment":[{"href":"https:\/\/sinprofaz.org.br\/2024\/wp-json\/wp\/v2\/media?parent=11960"}],"wp:term":[{"taxonomy":"category","embeddable":true,"href":"https:\/\/sinprofaz.org.br\/2024\/wp-json\/wp\/v2\/categories?post=11960"},{"taxonomy":"post_tag","embeddable":true,"href":"https:\/\/sinprofaz.org.br\/2024\/wp-json\/wp\/v2\/tags?post=11960"}],"curies":[{"name":"wp","href":"https:\/\/api.w.org\/{rel}","templated":true}]}}