{"id":11935,"date":"2020-09-29T16:53:25","date_gmt":"2020-09-29T19:53:25","guid":{"rendered":"http:\/\/www.sinprofaz.org.br\/?p=11935"},"modified":"2020-09-30T12:08:53","modified_gmt":"2020-09-30T15:08:53","slug":"sinprofaz-da-inicio-a-projeto-de-saude-mental-e-qualidade-de-vida-do-pfn","status":"publish","type":"post","link":"https:\/\/sinprofaz.org.br\/2024\/noticias\/sinprofaz-da-inicio-a-projeto-de-saude-mental-e-qualidade-de-vida-do-pfn\/","title":{"rendered":"SINPROFAZ D\u00c1 IN\u00cdCIO A PROJETO DE SA\u00daDE MENTAL E QUALIDADE DE VIDA DO PFN"},"content":{"rendered":"<p>Em evento realizado na manh\u00e3 de hoje (29), o SINPROFAZ promoveu o Lan\u00e7amento do Projeto de Sa\u00fade Mental e Qualidade de Vida do PFN. Do Webinar, participaram autoridades da AGU e da PGFN, al\u00e9m de especialistas no tema do Projeto. A abertura do evento coube a Jos\u00e9 Ernane Brito, presidente do Sindicato. Segundo o anfitri\u00e3o do Lan\u00e7amento, &#8220;o SINPROFAZ carrega bandeiras macro e micro. Entre estas, est\u00e3o a sa\u00fade mental da Carreira e a qualidade de vida dos Colegas. Nosso Projeto vem para contribuir com a constru\u00e7\u00e3o de um clima organizacional de empatia no \u00e2mbito da PGFN e para a medida do peso adequado sobre cada ombro. O programa soma for\u00e7as visando \u00e0 constru\u00e7\u00e3o de uma Institui\u00e7\u00e3o mentalmente saud\u00e1vel para seus Membros&#8221;.<\/p>\n<p>Ao participar do Lan\u00e7amento, o advogado-geral da Uni\u00e3o, Jos\u00e9 Levi Mello, cumprimentou o SINPROFAZ pelo Projeto e pela organiza\u00e7\u00e3o do evento. &#8220;Foi encantador o que vi e ouvi aqui. Estamos a discutir um assunto que deve ser enfrentado de m\u00faltiplas maneiras: dos pontos de vista institucional, associativo, coletivo e individual.&#8221; De acordo com o AGU, a quest\u00e3o exige, para seu enfrentamento, o que h\u00e1 de melhor nos seres humanos: &#8220;Muitas vezes o problema \u00e9 silencioso e demanda muita sensibilidade para percep\u00e7\u00e3o dos sinais. Ele exige de n\u00f3s a abertura para a compreens\u00e3o, a disposi\u00e7\u00e3o para acolher o Colega e sobretudo a consci\u00eancia de que a sa\u00fade mental envolve quest\u00f5es que podemos e devemos prevenir em n\u00f3s e nos outros&#8221;.<\/p>\n<p>Em v\u00eddeo gravado especialmente para o Lan\u00e7amento, o procurador-geral da Fazenda Nacional fez elogio \u00e0 iniciativa do SINPROFAZ, que despertou seu interesse n\u00e3o apenas por conta da posi\u00e7\u00e3o de gestor da Institui\u00e7\u00e3o, mas especialmente pela condi\u00e7\u00e3o de Membro da Carreira. Ricardo Soriano manifestou preocupa\u00e7\u00e3o com o tema da sa\u00fade mental, por vezes relacionado \u00e0 pouca racionaliza\u00e7\u00e3o do trabalho \u2013 a qual, segundo o PGFN, representa uma busca para ele e os demais Colegas do \u00f3rg\u00e3o central. &#8220;Talvez, a partir deste evento, seja poss\u00edvel a apresenta\u00e7\u00e3o de reflex\u00f5es, de propostas, para que possamos trabalhar juntos no sentido de aumentar a efic\u00e1cia da nossa Institui\u00e7\u00e3o a partir da melhoria das condi\u00e7\u00f5es de trabalho.&#8221;<\/p>\n<p>A apresenta\u00e7\u00e3o do Projeto de Sa\u00fade Mental e Qualidade de Vida do PFN foi feita por Cristiano Costa \u2013 s\u00f3cio-administrador da Psych &#8211; Psicologia Cl\u00ednica e Organizacional e psic\u00f3logo respons\u00e1vel pelo programa. &#8220;A Carreira de procurador da Fazenda Nacional tem tradi\u00e7\u00e3o e estreita vincula\u00e7\u00e3o com aquele que \u00e9 o papel do pr\u00f3prio Estado. Pessoas que atuam nessa linha de frente precisam estar com a higidez mental completamente dispon\u00edvel. Mais uma vez, o SINPROFAZ d\u00e1 in\u00edcio a um Projeto participativo e contributivo para a Administra\u00e7\u00e3o e que se utiliza de ferramentas cientificamente comprovadas.&#8221; De acordo com Cristiano Costa, o novo Projeto cont\u00e9m cinco eixos principais: Psicoterapia, Gente &amp; Gest\u00e3o, Normatiza\u00e7\u00e3o, G\u00eanero &amp; Diversidade e Sa\u00fade Integral.<\/p>\n<p>O sofrimento mental advindo da sobrecarga de trabalho foi tema da palestra de Geissy Ara\u00fajo. Mestre e doutora em Neurocie\u0302ncias pela Universidade Federal do Rio Grande do Norte, ela \u00e9 po\u0301s-doutoranda no Laborat\u00f3rio de Neuroendocrinologia Comportamental do Instituto do Ce\u0301rebro, na mesma Universidade. &#8220;O fator de risco para o esgotamento n\u00e3o \u00e9 apenas trabalhar muito ou por muito tempo. \u00c9 tamb\u00e9m o contexto organizacional, a burocracia que se enfrenta, o senso de falta de controle ou de fracasso diante dos processos, a dificuldade de regular emo\u00e7\u00f5es negativas como a culpa, a frustra\u00e7\u00e3o, o estresse e a ansiedade. N\u00e3o fomos educados para lidar com essas emo\u00e7\u00f5es que surgem o tempo inteiro e que s\u00e3o absolutamente naturais&#8221;, explicou.<\/p>\n<p>Vice-AGU, Fabr\u00edcio Da Soller prestigiou o Lan\u00e7amento. Durante sua exposi\u00e7\u00e3o, reiterou que a sa\u00fade mental deve ser preocupa\u00e7\u00e3o das organiza\u00e7\u00f5es, do Sindicato e de todos os Colegas. Segundo o PFN, o grande desafio que existe para as pessoas e institui\u00e7\u00f5es \u00e9 o de conscientiza\u00e7\u00e3o e devido cuidado com o problema: &#8220;Em nosso ambiente familiar e entre amigos, assim como no \u00e2mbito do trabalho, precisamos ter aten\u00e7\u00e3o ao tema, ainda cercado de tabus que em nada nos ajudam a enfrent\u00e1-lo de forma adequada. Assim como o SINPROFAZ, a AGU e a PGFN compreendem a relev\u00e2ncia do assunto. As propostas do Projeto s\u00e3o interessantes e precisam ser consideradas. Temos um grande campo para evoluir&#8221;.<\/p>\n<p>O Lan\u00e7amento tamb\u00e9m contou com a presen\u00e7a de Beatriz Pereira, lotada na DIAFI\/PRFN3. Segundo a filiada, &#8220;o Diagn\u00f3stico da Carreira lan\u00e7ado em 2019, o projeto piloto de Sa\u00fade Mental na 3\u00aa Regi\u00e3o e os relatos recebidos pelo SINPROFAZ foram os elementos propulsores dessa iniciativa interessant\u00edssima. O novo Projeto \u00e9 muito completo, mas s\u00f3 funcionar\u00e1 se participarmos. Esse elemento \u2013 nossa participa\u00e7\u00e3o \u2013 \u00e9 fundamental&#8221;. Beatriz Pereira integra o Grupo de Sa\u00fade Mental da PFN\/SP, cujos objetivos, segundo ela, s\u00e3o desmistificar o tema, promover di\u00e1logos sem julgamentos e estigmas, difundir informa\u00e7\u00e3o e provocar as diversas inst\u00e2ncias da PGFN. &#8220;O SINPROFAZ foi o primeiro a atender a essa nossa provoca\u00e7\u00e3o&#8221;, afirmou.<\/p>\n<p>I\u00eada Cagni, secret\u00e1ria-geral de Administra\u00e7\u00e3o da AGU, integrou a mesa do Lan\u00e7amento. Ao fazer uso da fala, ela parabenizou o SINPROFAZ pela iniciativa e estimulou a reflex\u00e3o sobre as exposi\u00e7\u00f5es promovidas ao longo do evento. &#8220;Participei das gest\u00f5es do dr. Fabr\u00edcio Da Soller e do dr. Jos\u00e9 Levi na PGFN. Hoje estou na AGU, novamente com o dr. Jos\u00e9 Levi. Em todas as gest\u00f5es, a valoriza\u00e7\u00e3o das pessoas foi e \u00e9 uma prioridade. Precisamos nos enxergar e enxergar o outro como ser humano.&#8221; Segundo a PFN filiada, o debate, em evento on-line para todo o pa\u00eds, com a presen\u00e7a de autoridades e palestrantes ilustres, demonstra a inten\u00e7\u00e3o do Sindicato, das Institui\u00e7\u00f5es e dos Colegas em falar abertamente sobre o tema da sa\u00fade mental, que ainda envolve muitos preconceitos.<\/p>\n<p>Diretor do Departamento de Gest\u00e3o Corporativa da PGFN, Aleksey Cardoso contribuiu com as discuss\u00f5es. Segundo o PFN, o desafio \u00e9 coletivo: n\u00e3o ser\u00e1 poss\u00edvel venc\u00ea-lo de forma isolada enquanto Sindicato, Institui\u00e7\u00e3o ou Membro. Neste momento, mesmo a dist\u00e2ncia, \u00e9 preciso que todos se unam visando a um objetivo comum. &#8220;Estamos passando por um momento de reconstru\u00e7\u00e3o e tendo a possibilidade de visualizar melhor certas situa\u00e7\u00f5es. O tema deste evento representa uma situa\u00e7\u00e3o que nos chama a refletir e a avan\u00e7ar. A PGFN tem essa vis\u00e3o. Sabemos que o p\u00f3s-pandemia tamb\u00e9m nos trar\u00e1 desafios e, para enfrent\u00e1-los, precisamos aprender a cooperar e a desenvolver o valor humano da empatia&#8221;, ressaltou o chefe do DGC.<\/p>\n\n\t\t<style type=\"text\/css\">\n\t\t\t#gallery-1 {\n\t\t\t\tmargin: auto;\n\t\t\t}\n\t\t\t#gallery-1 .gallery-item {\n\t\t\t\tfloat: left;\n\t\t\t\tmargin-top: 10px;\n\t\t\t\ttext-align: center;\n\t\t\t\twidth: 33%;\n\t\t\t}\n\t\t\t#gallery-1 img {\n\t\t\t\tborder: 2px solid #cfcfcf;\n\t\t\t}\n\t\t\t#gallery-1 .gallery-caption {\n\t\t\t\tmargin-left: 0;\n\t\t\t}\n\t\t\t\/* see gallery_shortcode() in wp-includes\/media.php *\/\n\t\t<\/style>\n\t\t<div id='gallery-1' class='gallery galleryid-11935 gallery-columns-3 gallery-size-thumbnail'><dl class='gallery-item'>\n\t\t\t<dt class='gallery-icon landscape'>\n\t\t\t\t<a href='https:\/\/sinprofaz.org.br\/2024\/wp-content\/uploads\/2020\/09\/Lan\u00e7amento-2.jpeg'><img loading=\"lazy\" decoding=\"async\" width=\"150\" height=\"150\" src=\"https:\/\/sinprofaz.org.br\/2024\/wp-content\/uploads\/2020\/09\/Lan\u00e7amento-2-150x150.jpeg\" class=\"attachment-thumbnail size-thumbnail\" alt=\"\" \/><\/a>\n\t\t\t<\/dt><\/dl><dl class='gallery-item'>\n\t\t\t<dt class='gallery-icon landscape'>\n\t\t\t\t<a href='https:\/\/sinprofaz.org.br\/2024\/wp-content\/uploads\/2020\/09\/Lan\u00e7amento-3-1.jpeg'><img loading=\"lazy\" decoding=\"async\" width=\"150\" height=\"150\" src=\"https:\/\/sinprofaz.org.br\/2024\/wp-content\/uploads\/2020\/09\/Lan\u00e7amento-3-1-150x150.jpeg\" class=\"attachment-thumbnail size-thumbnail\" alt=\"\" \/><\/a>\n\t\t\t<\/dt><\/dl><dl class='gallery-item'>\n\t\t\t<dt class='gallery-icon landscape'>\n\t\t\t\t<a href='https:\/\/sinprofaz.org.br\/2024\/wp-content\/uploads\/2020\/09\/Lan\u00e7amento-4.jpeg'><img loading=\"lazy\" decoding=\"async\" width=\"150\" height=\"150\" src=\"https:\/\/sinprofaz.org.br\/2024\/wp-content\/uploads\/2020\/09\/Lan\u00e7amento-4-150x150.jpeg\" class=\"attachment-thumbnail size-thumbnail\" alt=\"\" \/><\/a>\n\t\t\t<\/dt><\/dl><br style=\"clear: both\" \/><dl class='gallery-item'>\n\t\t\t<dt class='gallery-icon landscape'>\n\t\t\t\t<a href='https:\/\/sinprofaz.org.br\/2024\/wp-content\/uploads\/2020\/09\/Lan\u00e7amento-5.jpeg'><img loading=\"lazy\" decoding=\"async\" width=\"150\" height=\"150\" src=\"https:\/\/sinprofaz.org.br\/2024\/wp-content\/uploads\/2020\/09\/Lan\u00e7amento-5-150x150.jpeg\" class=\"attachment-thumbnail size-thumbnail\" alt=\"\" \/><\/a>\n\t\t\t<\/dt><\/dl><dl class='gallery-item'>\n\t\t\t<dt class='gallery-icon landscape'>\n\t\t\t\t<a href='https:\/\/sinprofaz.org.br\/2024\/wp-content\/uploads\/2020\/09\/Lan\u00e7amento-6.jpeg'><img loading=\"lazy\" decoding=\"async\" width=\"150\" height=\"150\" src=\"https:\/\/sinprofaz.org.br\/2024\/wp-content\/uploads\/2020\/09\/Lan\u00e7amento-6-150x150.jpeg\" class=\"attachment-thumbnail size-thumbnail\" alt=\"\" \/><\/a>\n\t\t\t<\/dt><\/dl><dl class='gallery-item'>\n\t\t\t<dt class='gallery-icon landscape'>\n\t\t\t\t<a href='https:\/\/sinprofaz.org.br\/2024\/wp-content\/uploads\/2020\/09\/Lan\u00e7amento-7.jpeg'><img loading=\"lazy\" decoding=\"async\" width=\"150\" height=\"150\" src=\"https:\/\/sinprofaz.org.br\/2024\/wp-content\/uploads\/2020\/09\/Lan\u00e7amento-7-150x150.jpeg\" class=\"attachment-thumbnail size-thumbnail\" alt=\"\" \/><\/a>\n\t\t\t<\/dt><\/dl><br style=\"clear: both\" \/><dl class='gallery-item'>\n\t\t\t<dt class='gallery-icon landscape'>\n\t\t\t\t<a href='https:\/\/sinprofaz.org.br\/2024\/wp-content\/uploads\/2020\/09\/Lan\u00e7amento-8.jpeg'><img loading=\"lazy\" decoding=\"async\" width=\"150\" height=\"150\" src=\"https:\/\/sinprofaz.org.br\/2024\/wp-content\/uploads\/2020\/09\/Lan\u00e7amento-8-150x150.jpeg\" class=\"attachment-thumbnail size-thumbnail\" alt=\"\" \/><\/a>\n\t\t\t<\/dt><\/dl><dl class='gallery-item'>\n\t\t\t<dt class='gallery-icon landscape'>\n\t\t\t\t<a href='https:\/\/sinprofaz.org.br\/2024\/wp-content\/uploads\/2020\/09\/2.png'><img loading=\"lazy\" decoding=\"async\" width=\"150\" height=\"150\" src=\"https:\/\/sinprofaz.org.br\/2024\/wp-content\/uploads\/2020\/09\/2-150x150.png\" class=\"attachment-thumbnail size-thumbnail\" alt=\"\" \/><\/a>\n\t\t\t<\/dt><\/dl><dl class='gallery-item'>\n\t\t\t<dt class='gallery-icon landscape'>\n\t\t\t\t<a href='https:\/\/sinprofaz.org.br\/2024\/wp-content\/uploads\/2020\/09\/Lan\u00e7amento-10.jpeg'><img loading=\"lazy\" decoding=\"async\" width=\"150\" height=\"150\" src=\"https:\/\/sinprofaz.org.br\/2024\/wp-content\/uploads\/2020\/09\/Lan\u00e7amento-10-150x150.jpeg\" class=\"attachment-thumbnail size-thumbnail\" alt=\"\" \/><\/a>\n\t\t\t<\/dt><\/dl><br style=\"clear: both\" \/>\n\t\t<\/div>\n\n","protected":false},"excerpt":{"rendered":"<p>Em evento realizado na manh\u00e3 de hoje (29), o SINPROFAZ promoveu o Lan\u00e7amento do Projeto de Sa\u00fade Mental e Qualidade de Vida do PFN. Do Webinar, participaram autoridades da AGU e da PGFN, al\u00e9m de especialistas na tem\u00e1tica central do Projeto.<\/p>\n","protected":false},"author":2,"featured_media":11949,"comment_status":"open","ping_status":"open","sticky":false,"template":"","format":"standard","meta":{"footnotes":""},"categories":[8],"tags":[32,166,25],"featured_image_url":"https:\/\/sinprofaz.org.br\/2024\/wp-content\/uploads\/2020\/09\/1.png","character_count":3669,"formatted_date":"29\/09\/2020 - 16:53","contentNovo":"Em evento realizado na manh\u00e3 de hoje (29), o SINPROFAZ promoveu o Lan\u00e7amento do Projeto de Sa\u00fade Mental e Qualidade de Vida do PFN. Do Webinar, participaram autoridades da AGU e da PGFN, al\u00e9m de especialistas no tema do Projeto. A abertura do evento coube a Jos\u00e9 Ernane Brito, presidente do Sindicato. Segundo o anfitri\u00e3o do Lan\u00e7amento, \"o SINPROFAZ carrega bandeiras macro e micro. Entre estas, est\u00e3o a sa\u00fade mental da Carreira e a qualidade de vida dos Colegas. Nosso Projeto vem para contribuir com a constru\u00e7\u00e3o de um clima organizacional de empatia no \u00e2mbito da PGFN e para a medida do peso adequado sobre cada ombro. O programa soma for\u00e7as visando \u00e0 constru\u00e7\u00e3o de uma Institui\u00e7\u00e3o mentalmente saud\u00e1vel para seus Membros\".\r\n\r\nAo participar do Lan\u00e7amento, o advogado-geral da Uni\u00e3o, Jos\u00e9 Levi Mello, cumprimentou o SINPROFAZ pelo Projeto e pela organiza\u00e7\u00e3o do evento. \"Foi encantador o que vi e ouvi aqui. Estamos a discutir um assunto que deve ser enfrentado de m\u00faltiplas maneiras: dos pontos de vista institucional, associativo, coletivo e individual.\" De acordo com o AGU, a quest\u00e3o exige, para seu enfrentamento, o que h\u00e1 de melhor nos seres humanos: \"Muitas vezes o problema \u00e9 silencioso e demanda muita sensibilidade para percep\u00e7\u00e3o dos sinais. Ele exige de n\u00f3s a abertura para a compreens\u00e3o, a disposi\u00e7\u00e3o para acolher o Colega e sobretudo a consci\u00eancia de que a sa\u00fade mental envolve quest\u00f5es que podemos e devemos prevenir em n\u00f3s e nos outros\".\r\n\r\nEm v\u00eddeo gravado especialmente para o Lan\u00e7amento, o procurador-geral da Fazenda Nacional fez elogio \u00e0 iniciativa do SINPROFAZ, que despertou seu interesse n\u00e3o apenas por conta da posi\u00e7\u00e3o de gestor da Institui\u00e7\u00e3o, mas especialmente pela condi\u00e7\u00e3o de Membro da Carreira. Ricardo Soriano manifestou preocupa\u00e7\u00e3o com o tema da sa\u00fade mental, por vezes relacionado \u00e0 pouca racionaliza\u00e7\u00e3o do trabalho \u2013 a qual, segundo o PGFN, representa uma busca para ele e os demais Colegas do \u00f3rg\u00e3o central. \"Talvez, a partir deste evento, seja poss\u00edvel a apresenta\u00e7\u00e3o de reflex\u00f5es, de propostas, para que possamos trabalhar juntos no sentido de aumentar a efic\u00e1cia da nossa Institui\u00e7\u00e3o a partir da melhoria das condi\u00e7\u00f5es de trabalho.\"\r\n\r\nA apresenta\u00e7\u00e3o do Projeto de Sa\u00fade Mental e Qualidade de Vida do PFN foi feita por Cristiano Costa \u2013 s\u00f3cio-administrador da Psych - Psicologia Cl\u00ednica e Organizacional e psic\u00f3logo respons\u00e1vel pelo programa. \"A Carreira de procurador da Fazenda Nacional tem tradi\u00e7\u00e3o e estreita vincula\u00e7\u00e3o com aquele que \u00e9 o papel do pr\u00f3prio Estado. Pessoas que atuam nessa linha de frente precisam estar com a higidez mental completamente dispon\u00edvel. Mais uma vez, o SINPROFAZ d\u00e1 in\u00edcio a um Projeto participativo e contributivo para a Administra\u00e7\u00e3o e que se utiliza de ferramentas cientificamente comprovadas.\" De acordo com Cristiano Costa, o novo Projeto cont\u00e9m cinco eixos principais: Psicoterapia, Gente &amp; Gest\u00e3o, Normatiza\u00e7\u00e3o, G\u00eanero &amp; Diversidade e Sa\u00fade Integral.\r\n\r\nO sofrimento mental advindo da sobrecarga de trabalho foi tema da palestra de Geissy Ara\u00fajo. Mestre e doutora em Neurocie\u0302ncias pela Universidade Federal do Rio Grande do Norte, ela \u00e9 po\u0301s-doutoranda no Laborat\u00f3rio de Neuroendocrinologia Comportamental do Instituto do Ce\u0301rebro, na mesma Universidade. \"O fator de risco para o esgotamento n\u00e3o \u00e9 apenas trabalhar muito ou por muito tempo. \u00c9 tamb\u00e9m o contexto organizacional, a burocracia que se enfrenta, o senso de falta de controle ou de fracasso diante dos processos, a dificuldade de regular emo\u00e7\u00f5es negativas como a culpa, a frustra\u00e7\u00e3o, o estresse e a ansiedade. N\u00e3o fomos educados para lidar com essas emo\u00e7\u00f5es que surgem o tempo inteiro e que s\u00e3o absolutamente naturais\", explicou.\r\n\r\nVice-AGU, Fabr\u00edcio Da Soller prestigiou o Lan\u00e7amento. Durante sua exposi\u00e7\u00e3o, reiterou que a sa\u00fade mental deve ser preocupa\u00e7\u00e3o das organiza\u00e7\u00f5es, do Sindicato e de todos os Colegas. Segundo o PFN, o grande desafio que existe para as pessoas e institui\u00e7\u00f5es \u00e9 o de conscientiza\u00e7\u00e3o e devido cuidado com o problema: \"Em nosso ambiente familiar e entre amigos, assim como no \u00e2mbito do trabalho, precisamos ter aten\u00e7\u00e3o ao tema, ainda cercado de tabus que em nada nos ajudam a enfrent\u00e1-lo de forma adequada. Assim como o SINPROFAZ, a AGU e a PGFN compreendem a relev\u00e2ncia do assunto. As propostas do Projeto s\u00e3o interessantes e precisam ser consideradas. Temos um grande campo para evoluir\".\r\n\r\nO Lan\u00e7amento tamb\u00e9m contou com a presen\u00e7a de Beatriz Pereira, lotada na DIAFI\/PRFN3. Segundo a filiada, \"o Diagn\u00f3stico da Carreira lan\u00e7ado em 2019, o projeto piloto de Sa\u00fade Mental na 3\u00aa Regi\u00e3o e os relatos recebidos pelo SINPROFAZ foram os elementos propulsores dessa iniciativa interessant\u00edssima. O novo Projeto \u00e9 muito completo, mas s\u00f3 funcionar\u00e1 se participarmos. Esse elemento \u2013 nossa participa\u00e7\u00e3o \u2013 \u00e9 fundamental\". Beatriz Pereira integra o Grupo de Sa\u00fade Mental da PFN\/SP, cujos objetivos, segundo ela, s\u00e3o desmistificar o tema, promover di\u00e1logos sem julgamentos e estigmas, difundir informa\u00e7\u00e3o e provocar as diversas inst\u00e2ncias da PGFN. \"O SINPROFAZ foi o primeiro a atender a essa nossa provoca\u00e7\u00e3o\", afirmou.\r\n\r\nI\u00eada Cagni, secret\u00e1ria-geral de Administra\u00e7\u00e3o da AGU, integrou a mesa do Lan\u00e7amento. Ao fazer uso da fala, ela parabenizou o SINPROFAZ pela iniciativa e estimulou a reflex\u00e3o sobre as exposi\u00e7\u00f5es promovidas ao longo do evento. \"Participei das gest\u00f5es do dr. Fabr\u00edcio Da Soller e do dr. Jos\u00e9 Levi na PGFN. Hoje estou na AGU, novamente com o dr. Jos\u00e9 Levi. Em todas as gest\u00f5es, a valoriza\u00e7\u00e3o das pessoas foi e \u00e9 uma prioridade. Precisamos nos enxergar e enxergar o outro como ser humano.\" Segundo a PFN filiada, o debate, em evento on-line para todo o pa\u00eds, com a presen\u00e7a de autoridades e palestrantes ilustres, demonstra a inten\u00e7\u00e3o do Sindicato, das Institui\u00e7\u00f5es e dos Colegas em falar abertamente sobre o tema da sa\u00fade mental, que ainda envolve muitos preconceitos.\r\n\r\nDiretor do Departamento de Gest\u00e3o Corporativa da PGFN, Aleksey Cardoso contribuiu com as discuss\u00f5es. Segundo o PFN, o desafio \u00e9 coletivo: n\u00e3o ser\u00e1 poss\u00edvel venc\u00ea-lo de forma isolada enquanto Sindicato, Institui\u00e7\u00e3o ou Membro. Neste momento, mesmo a dist\u00e2ncia, \u00e9 preciso que todos se unam visando a um objetivo comum. \"Estamos passando por um momento de reconstru\u00e7\u00e3o e tendo a possibilidade de visualizar melhor certas situa\u00e7\u00f5es. O tema deste evento representa uma situa\u00e7\u00e3o que nos chama a refletir e a avan\u00e7ar. A PGFN tem essa vis\u00e3o. Sabemos que o p\u00f3s-pandemia tamb\u00e9m nos trar\u00e1 desafios e, para enfrent\u00e1-los, precisamos aprender a cooperar e a desenvolver o valor humano da empatia\", ressaltou o chefe do DGC.\r\n\r\n[gallery link=\"file\" ids=\"11944,11947,11936,11937,11938,11939,11940,11950,11942\"]","_links":{"self":[{"href":"https:\/\/sinprofaz.org.br\/2024\/wp-json\/wp\/v2\/posts\/11935"}],"collection":[{"href":"https:\/\/sinprofaz.org.br\/2024\/wp-json\/wp\/v2\/posts"}],"about":[{"href":"https:\/\/sinprofaz.org.br\/2024\/wp-json\/wp\/v2\/types\/post"}],"author":[{"embeddable":true,"href":"https:\/\/sinprofaz.org.br\/2024\/wp-json\/wp\/v2\/users\/2"}],"replies":[{"embeddable":true,"href":"https:\/\/sinprofaz.org.br\/2024\/wp-json\/wp\/v2\/comments?post=11935"}],"version-history":[{"count":5,"href":"https:\/\/sinprofaz.org.br\/2024\/wp-json\/wp\/v2\/posts\/11935\/revisions"}],"predecessor-version":[{"id":11958,"href":"https:\/\/sinprofaz.org.br\/2024\/wp-json\/wp\/v2\/posts\/11935\/revisions\/11958"}],"wp:featuredmedia":[{"embeddable":true,"href":"https:\/\/sinprofaz.org.br\/2024\/wp-json\/wp\/v2\/media\/11949"}],"wp:attachment":[{"href":"https:\/\/sinprofaz.org.br\/2024\/wp-json\/wp\/v2\/media?parent=11935"}],"wp:term":[{"taxonomy":"category","embeddable":true,"href":"https:\/\/sinprofaz.org.br\/2024\/wp-json\/wp\/v2\/categories?post=11935"},{"taxonomy":"post_tag","embeddable":true,"href":"https:\/\/sinprofaz.org.br\/2024\/wp-json\/wp\/v2\/tags?post=11935"}],"curies":[{"name":"wp","href":"https:\/\/api.w.org\/{rel}","templated":true}]}}