{"id":1192,"date":"2013-03-20T22:20:06","date_gmt":"2013-03-20T22:20:06","guid":{"rendered":""},"modified":"-0001-11-30T00:00:00","modified_gmt":"-0001-11-30T03:00:00","slug":"justica-fiscal-sinprofaz-realiza-ato-publico-na-camara-amanha-213","status":"publish","type":"post","link":"https:\/\/sinprofaz.org.br\/2024\/noticias\/justica-fiscal-sinprofaz-realiza-ato-publico-na-camara-amanha-213\/","title":{"rendered":"Justi\u00e7a Fiscal: SINPROFAZ realiza ato p\u00fablico  na C\u00e2mara amanh\u00e3, 21\/3"},"content":{"rendered":"<p><img loading=\"lazy\" decoding=\"async\" style=\"margin-right: 10px; float: left;\" alt=\"Justi\u00e7a Fiscal: SINPROFAZ realiza ato p\u00fablico  na C\u00e2mara amanh\u00e3, 21\/3\" src=\"images\/noticias\/convite-ato-publico\/convite-ato-publico-21-03.jpg\" height=\"218\" width=\"182\" \/>PFN, compare\u00e7a \u00e0 C\u00e2mara Federal nesta quinta-feira, \u00e0s 10h, para participar de a\u00e7\u00e3o da campanha \u201cQuanto Custa o Brasil pra Voc\u00ea?\u201d.<\/p>\n<p>O SINPROFAZ vai realizar ato p\u00fablico e debate na C\u00e2mara dos Deputados amanh\u00e3, no plen\u00e1rio 13, do Anexo II. O evento faz parte da Campanha Nacional da Justi\u00e7a Fiscal e contar\u00e1 com a participa\u00e7\u00e3o de lideran\u00e7as pol\u00edticas de diversos partidos e representantes do Sindicato.<\/p>\n<p>Ap\u00f3s a a\u00e7\u00e3o no plen\u00e1rio, as &#8220;formiguinhas&#8221; distribuir\u00e3o o material educativo da campanha nos arredores do Congresso e tamb\u00e9m v\u00e3o demonstrar como funciona o aplicativo Na Real.<\/p>\n<p>Desenvolvido pelo Sindicato com dados do Instituto Brasileiro de Planejamento Tribut\u00e1rio (IBPT), o aplicativo \u00e9 gratuito e pode ser baixado em aparelhos que utilizam os sistemas Android ou iOS (iPhone, iPad). O programa est\u00e1 dispon\u00edvel para download nas lojas virtuais da Apple (Apple Store) e do Android (Google Play).<\/p>\n","protected":false},"excerpt":{"rendered":"<p>PFN, compare\u00e7a \u00e0 C\u00e2mara Federal nesta quinta-feira, \u00e0s 10h, para participar de a\u00e7\u00e3o da campanha \u201cQuanto Custa o Brasil pra Voc\u00ea?\u201d.<\/p>\n","protected":false},"author":1,"featured_media":0,"comment_status":"closed","ping_status":"open","sticky":false,"template":"","format":"standard","meta":{"footnotes":""},"categories":[8],"tags":[],"featured_image_url":"https:\/\/dummyimage.com\/720x400","character_count":471,"formatted_date":"20\/03\/2013 - 22:20","contentNovo":"\r\n<p>PFN, compare\u00e7a \u00e0 C\u00e2mara Federal nesta quinta-feira, \u00e0s 10h, para participar de a\u00e7\u00e3o da campanha \u201cQuanto Custa o Brasil pra Voc\u00ea?\u201d.<\/p>\r\n<p>O SINPROFAZ vai realizar ato p\u00fablico e debate na C\u00e2mara dos Deputados amanh\u00e3, no plen\u00e1rio 13, do Anexo II. O evento faz parte da Campanha Nacional da Justi\u00e7a Fiscal e contar\u00e1 com a participa\u00e7\u00e3o de lideran\u00e7as pol\u00edticas de diversos partidos e representantes do Sindicato.<\/p>\r\n<p>Ap\u00f3s a a\u00e7\u00e3o no plen\u00e1rio, as \"formiguinhas\" distribuir\u00e3o o material educativo da campanha nos arredores do Congresso e tamb\u00e9m v\u00e3o demonstrar como funciona o aplicativo Na Real.<\/p>\r\n<p>Desenvolvido pelo Sindicato com dados do Instituto Brasileiro de Planejamento Tribut\u00e1rio (IBPT), o aplicativo \u00e9 gratuito e pode ser baixado em aparelhos que utilizam os sistemas Android ou iOS (iPhone, iPad). O programa est\u00e1 dispon\u00edvel para download nas lojas virtuais da Apple (Apple Store) e do Android (Google Play).<\/p>","_links":{"self":[{"href":"https:\/\/sinprofaz.org.br\/2024\/wp-json\/wp\/v2\/posts\/1192"}],"collection":[{"href":"https:\/\/sinprofaz.org.br\/2024\/wp-json\/wp\/v2\/posts"}],"about":[{"href":"https:\/\/sinprofaz.org.br\/2024\/wp-json\/wp\/v2\/types\/post"}],"author":[{"embeddable":true,"href":"https:\/\/sinprofaz.org.br\/2024\/wp-json\/wp\/v2\/users\/1"}],"replies":[{"embeddable":true,"href":"https:\/\/sinprofaz.org.br\/2024\/wp-json\/wp\/v2\/comments?post=1192"}],"version-history":[{"count":0,"href":"https:\/\/sinprofaz.org.br\/2024\/wp-json\/wp\/v2\/posts\/1192\/revisions"}],"wp:attachment":[{"href":"https:\/\/sinprofaz.org.br\/2024\/wp-json\/wp\/v2\/media?parent=1192"}],"wp:term":[{"taxonomy":"category","embeddable":true,"href":"https:\/\/sinprofaz.org.br\/2024\/wp-json\/wp\/v2\/categories?post=1192"},{"taxonomy":"post_tag","embeddable":true,"href":"https:\/\/sinprofaz.org.br\/2024\/wp-json\/wp\/v2\/tags?post=1192"}],"curies":[{"name":"wp","href":"https:\/\/api.w.org\/{rel}","templated":true}]}}