{"id":1191,"date":"2013-03-19T21:06:45","date_gmt":"2013-03-19T21:06:45","guid":{"rendered":""},"modified":"-0001-11-30T00:00:00","modified_gmt":"-0001-11-30T03:00:00","slug":"campanha-da-justica-fiscal-repercute-na-midia","status":"publish","type":"post","link":"https:\/\/sinprofaz.org.br\/2024\/noticias\/campanha-da-justica-fiscal-repercute-na-midia\/","title":{"rendered":"Campanha da Justi\u00e7a Fiscal repercute na m\u00eddia"},"content":{"rendered":"<p><img loading=\"lazy\" decoding=\"async\" style=\"margin-right: 10px; border: 1px solid #000000; float: left;\" alt=\"Campanha da Justi\u00e7a Fiscal repercute na m\u00eddia\" src=\"images\/noticias\/qcb2013-repercussao-midia\/qcb-2013-repercute-midia-foto-02.jpg\" height=\"154\" width=\"218\" \/>Antes mesmo do lan\u00e7amento da edi\u00e7\u00e3o de 2013, campanha e aplicativo Na Real chamaram aten\u00e7\u00e3o da m\u00eddia e da sociedade. PFN, fa\u00e7a uma visita ao estande montado no Conjunto Nacional de Bras\u00edlia.<\/p>\n<p>Nos dois primeiros dias de atividades da campanha, o presidente do SINPROFAZ, Allan Titonelli, concedeu v\u00e1rias entrevistas para jornais, emissoras de televis\u00e3o e de r\u00e1dio demonstrando o funcionamento do aplicativo Na Real. Nessas ocasi\u00f5es, Titonelli tem exposto temas que at\u00e9 pouco tempo dificilmente encontravam eco fora da carreira, como a quest\u00e3o estrutural da PGFN, a falta de quadros de apoio e a necessidade de maior valoriza\u00e7\u00e3o dos PFNs.<\/p>\n<p><img loading=\"lazy\" decoding=\"async\" style=\"margin-left: 5px; margin-bottom: 5px; margin-top: 5px; border: 1px solid #000000; float: right;\" alt=\"Campanha da Justi\u00e7a Fiscal repercute na m\u00eddia\" src=\"images\/noticias\/qcb2013-repercussao-midia\/qcb-2013-repercute-midia-foto-03.jpg\" height=\"113\" width=\"150\" \/><img loading=\"lazy\" decoding=\"async\" style=\"margin-left: 10px; margin-bottom: 5px; margin-top: 5px; border: 1px solid #000000; float: right;\" alt=\"Campanha da Justi\u00e7a Fiscal repercute na m\u00eddia\" src=\"images\/noticias\/qcb2013-repercussao-midia\/qcb-2013-repercute-midia-foto-01.jpg\" height=\"113\" width=\"150\" \/>Diretores do Sindicato foram ouvidos em reportagens realizadas tamb\u00e9m fora de Bras\u00edlia, como em S\u00e3o Paulo e Jo\u00e3o Pessoa. Na manh\u00e3 desta ter\u00e7a-feira, 19 de mar\u00e7o, o presidente do SINPROFAZ foi entrevistado pela TV Globo. Logo mais, por volta das 22h, Titonelli participar\u00e1 do programa CBN Total.<\/p>\n<p>A Diretoria convida os PFNs lotados em Bras\u00edlia a visitarem o estande montado na Pra\u00e7a das Artes do shopping Conjunto Nacional. Tamb\u00e9m \u00e9 muito importante a presen\u00e7a da carreira em ato p\u00fablico e debate na C\u00e2mara dos Deputados. Ser\u00e1 na pr\u00f3xima quinta-feira, 21 de mar\u00e7o, a partir das 10h, no plen\u00e1rio 13, do Anexo II da Casa.<\/p>\n<p>Visite o site <a title=\"Quanto Custa o Brasil pra Voc\u00ea?\" href=\"http:\/\/www.quantocustaobrasil.com.br\" target=\"_blank\">www.quantocustaobrasil.com.br<\/a> para assistir \u00e0s entrevistas e outros v\u00eddeos do primeiro dia da campanha.<\/p>\n<p>Em breve, o Sindicato vai disponibilizar aos PFNs os links das mat\u00e9rias veiculadas durante toda a semana. Veja a seguir o que j\u00e1 foi mapeado at\u00e9 agora:<\/p>\n<p><a title=\"EBC\" href=\"http:\/\/www.ebc.com.br\/noticias\/economia\/2013\/03\/procuradores-da-fazenda-nacional-fazem-campanha-de-alerta-sobre-injustica\" target=\"_blank\">http:\/\/www.ebc.com.br\/noticias\/economia\/2013\/03\/procuradores-da-fazenda-nacional-fazem-campanha-de-alerta-sobre-injustica<\/a><\/p>\n<p><a title=\"Cirucuit MT\" href=\"http:\/\/www.circuitomt.com.br\/editorias\/economia\/27666-procuradores-da-fazenda-comecam-campanha-de-alerta-sobre-a-injustica-fiscal.html\" target=\"_blank\">http:\/\/www.circuitomt.com.br\/editorias\/economia\/27666-procuradores-da-fazenda-comecam-campanha-de-alerta-sobre-a-injustica-fiscal.html<\/a><\/p>\n<p><a title=\"O Debate\" href=\"http:\/\/www.odebate.com.br\/digital\/aplicativo-gratuito-calcula-valor-de-impostos-no-dia-a-dia-15-03-2013.html\" target=\"_blank\">http:\/\/www.odebate.com.br\/digital\/aplicativo-gratuito-calcula-valor-de-impostos-no-dia-a-dia-15-03-2013.html<\/a><\/p>\n<p><a title=\"SETECO\" href=\"http:\/\/www.seteco.com.br\/midia\/list.asp?id=8366\" target=\"_blank\">http:\/\/www.seteco.com.br\/midia\/list.asp?id=8366<\/a><\/p>\n<p><a title=\"CONJUR\" href=\"http:\/\/www.conjur.com.br\/2013-mar-18\/procuradores-fazenda-fazem-campanha-transparencia-tributaria\" target=\"_blank\">http:\/\/www.conjur.com.br\/2013-mar-18\/procuradores-fazenda-fazem-campanha-transparencia-tributaria<\/a><\/p>\n<p><a title=\"A Voz do Cidad\u00e3o\" href=\"http:\/\/www.avozdocidadao.com.br\/detailAgendaCidadania.asp?ID=3976\" target=\"_blank\">http:\/\/www.avozdocidadao.com.br\/detailAgendaCidadania.asp?ID=3976<\/a><\/p>\n<p><a title=\"Bahia Economia\" href=\"http:\/\/www.bahiaeconomica.com.br\/\" target=\"_blank\">http:\/\/www.bahiaeconomica.com.br\/<\/a><\/p>\n<p><a title=\"Boa Dica\" href=\"http:\/\/www.boadica.com.br\/noticia.asp?codigo=99896\" target=\"_blank\">http:\/\/www.boadica.com.br\/noticia.asp?codigo=99896<\/a><\/p>\n<p><a title=\"Bahia Not\u00edcias\" href=\"http:\/\/www.bahianoticias.com.br\/mercado\/\">http:\/\/www.bahianoticias.com.br\/mercado\/<\/a><\/p>\n<p><a title=\"Radio Ag\u00eancia Nacional\" href=\"http:\/\/radioagencianacional.ebc.com.br\/assunto\/sinprofaz\" target=\"_blank\">http:\/\/radioagencianacional.ebc.com.br\/assunto\/sinprofaz<\/a><\/p>\n<p><a title=\"Radio Ag\u00eancia Nacional\" href=\"http:\/\/radioagencianacional.ebc.com.br\/materia\/2013-03-18\/campanha-alerta-popula%C3%A7%C3%A3o-sobre-injusti%C3%A7-fiscal\" target=\"_blank\">http:\/\/radioagencianacional.ebc.com.br\/materia\/2013-03-18\/campanha-alerta-popula%C3%A7%C3%A3o-sobre-injusti%C3%A7-fiscal<\/a><\/p>\n<p><a title=\"Tv Globo\" href=\"http:\/\/globotv.globo.com\/rede-paraiba\/jpb-2a-edicao\/v\/jpb2jp-campanha-conscientiza-populacao-sobre-impostos-embutidos-nos-produtos\/2467074\/\" target=\"_blank\">http:\/\/globotv.globo.com\/rede-paraiba\/jpb-2a-edicao\/v\/jpb2jp-campanha-conscientiza-populacao-sobre-impostos-embutidos-nos-produtos\/2467074\/<\/a><\/p>\n<p><a title=\"O Globo\" href=\"http:\/\/oglobo.globo.com\/economia\/campanha-contra-injustica-fiscal-lanca-calculadora-de-carga-tributaria-7870540\" target=\"_blank\">http:\/\/oglobo.globo.com\/economia\/campanha-contra-injustica-fiscal-lanca-calculadora-de-carga-tributaria-7870540<\/a><\/p>\n<p><a title=\"Exame\" href=\"http:\/\/exame.abril.com.br\/brasil\/noticias\/procuradores-fazem-campanha-de-sobre-injustica-fiscal\" target=\"_blank\">http:\/\/exame.abril.com.br\/brasil\/noticias\/procuradores-fazem-campanha-de-sobre-injustica-fiscal<\/a><\/p>\n<p><a title=\"Uol Economia - Info Money\" href=\"http:\/\/economia.uol.com.br\/noticias\/infomoney\/2013\/03\/18\/aplicativo-informa-carga-tributaria-de-produtos.htm\" target=\"_blank\">http:\/\/economia.uol.com.br\/noticias\/infomoney\/2013\/03\/18\/aplicativo-informa-carga-tributaria-de-produtos.htm<\/a><\/p>\n<p><a title=\"MSN\" href=\"http:\/\/dinheiro.br.msn.com\/tributos\/story.aspx?cp-documentid=256821715\" target=\"_blank\">http:\/\/dinheiro.br.msn.com\/tributos\/story.aspx?cp-documentid=256821715<\/a><\/p>\n<p><a title=\"Ag\u00eancia Brasil\" target=\"_blank\">http:\/\/agenciabrasil.ebc.com.br\/noticia\/2013-03-18\/procuradores-da-fazenda-nacional-fazem-campanha-de-alerta-sobre-injustica-fiscal<\/a><\/p>\n<p><a title=\"A Voz do Cidad\u00e3o\" href=\"http:\/\/www.avozdocidadao.com.br\/detailAgendaCidadania.asp?ID=3976\" target=\"_blank\">http:\/\/www.avozdocidadao.com.br\/detailAgendaCidadania.asp?ID=3976<\/a><\/p>\n<p><a title=\"Folha Vit\u00f3ria\" href=\"http:\/\/www.folhavitoria.com.br\/economia\/noticia\/2013\/03\/aplicativo-gratuito-calcula-valor-de-impostos-em-produtos-do-dia-a-dia.html\" target=\"_blank\">http:\/\/www.folhavitoria.com.br\/economia\/noticia\/2013\/03\/aplicativo-gratuito-calcula-valor-de-impostos-em-produtos-do-dia-a-dia.html<\/a><\/p>\n<p><a title=\"Blog do Pavulo\" href=\"http:\/\/blogdopavulo.blogspot.com.br\/2013\/03\/novo-aplicativo-vai-calcular-impostos.html\" target=\"_blank\">http:\/\/blogdopavulo.blogspot.com.br\/2013\/03\/novo-aplicativo-vai-calcular-impostos.html<\/a><\/p>\n<p><a title=\"Baguete\" href=\"http:\/\/www.baguete.com.br\/noticias\/15\/03\/2013\/app-calcula-valor-de-impostos-no-ato\" target=\"_blank\">http:\/\/www.baguete.com.br\/noticias\/15\/03\/2013\/app-calcula-valor-de-impostos-no-ato<\/a><\/p>\n<p><a title=\"Boa Dica\" href=\"http:\/\/www.boadica.com.br\/noticia.asp?codigo=99896\" target=\"_blank\">http:\/\/www.boadica.com.br\/noticia.asp?codigo=99896<\/a><\/p>\n<p><a title=\"Bahia Not\u00edcias\" href=\"http:\/\/www.bahianoticias.com.br\/mercado\/financa\/1008-aplicativo-calcula-quanto-de-impostos-ha-no-preco-de-cada-produto.html\" target=\"_blank\">http:\/\/www.bahianoticias.com.br\/mercado\/financa\/1008-aplicativo-calcula-quanto-de-impostos-ha-no-preco-de-cada-produto.html<\/a><\/p>\n<p><a title=\"Can\u00e7\u00e3o Nova Not\u00edcias\" href=\"http:\/\/noticias.cancaonova.com\/noticia.php?id=288926\" target=\"_blank\">http:\/\/noticias.cancaonova.com\/noticia.php?id=288926<\/a><\/p>\n","protected":false},"excerpt":{"rendered":"<p>Antes mesmo do lan\u00e7amento da edi\u00e7\u00e3o de 2013, campanha e aplicativo Na Real chamaram aten\u00e7\u00e3o da m\u00eddia e da sociedade. PFN, fa\u00e7a uma visita ao estande montado no Conjunto Nacional de Bras\u00edlia.<\/p>\n","protected":false},"author":1,"featured_media":0,"comment_status":"closed","ping_status":"open","sticky":false,"template":"","format":"standard","meta":{"footnotes":""},"categories":[8],"tags":[],"featured_image_url":"https:\/\/dummyimage.com\/720x400","character_count":1852,"formatted_date":"19\/03\/2013 - 21:06","contentNovo":"\r\n<p>Antes mesmo do lan\u00e7amento da edi\u00e7\u00e3o de 2013, campanha e aplicativo Na Real chamaram aten\u00e7\u00e3o da m\u00eddia e da sociedade. PFN, fa\u00e7a uma visita ao estande montado no Conjunto Nacional de Bras\u00edlia.<\/p>\r\n<p>Nos dois primeiros dias de atividades da campanha, o presidente do SINPROFAZ, Allan Titonelli, concedeu v\u00e1rias entrevistas para jornais, emissoras de televis\u00e3o e de r\u00e1dio demonstrando o funcionamento do aplicativo Na Real. Nessas ocasi\u00f5es, Titonelli tem exposto temas que at\u00e9 pouco tempo dificilmente encontravam eco fora da carreira, como a quest\u00e3o estrutural da PGFN, a falta de quadros de apoio e a necessidade de maior valoriza\u00e7\u00e3o dos PFNs.<\/p>\r\n<p>Diretores do Sindicato foram ouvidos em reportagens realizadas tamb\u00e9m fora de Bras\u00edlia, como em S\u00e3o Paulo e Jo\u00e3o Pessoa. Na manh\u00e3 desta ter\u00e7a-feira, 19 de mar\u00e7o, o presidente do SINPROFAZ foi entrevistado pela TV Globo. Logo mais, por volta das 22h, Titonelli participar\u00e1 do programa CBN Total.<\/p>\r\n<p>A Diretoria convida os PFNs lotados em Bras\u00edlia a visitarem o estande montado na Pra\u00e7a das Artes do shopping Conjunto Nacional. Tamb\u00e9m \u00e9 muito importante a presen\u00e7a da carreira em ato p\u00fablico e debate na C\u00e2mara dos Deputados. Ser\u00e1 na pr\u00f3xima quinta-feira, 21 de mar\u00e7o, a partir das 10h, no plen\u00e1rio 13, do Anexo II da Casa.<\/p>\r\n<p>Visite o site <a title=\"Quanto Custa o Brasil pra Voc\u00ea?\" href=\"http:\/\/www.quantocustaobrasil.com.br\" target=\"_blank\">www.quantocustaobrasil.com.br<\/a> para assistir \u00e0s entrevistas e outros v\u00eddeos do primeiro dia da campanha.<\/p>\r\n<p>Em breve, o Sindicato vai disponibilizar aos PFNs os links das mat\u00e9rias veiculadas durante toda a semana. Veja a seguir o que j\u00e1 foi mapeado at\u00e9 agora:<\/p>\r\n<p><a title=\"EBC\" href=\"http:\/\/www.ebc.com.br\/noticias\/economia\/2013\/03\/procuradores-da-fazenda-nacional-fazem-campanha-de-alerta-sobre-injustica\" target=\"_blank\">http:\/\/www.ebc.com.br\/noticias\/economia\/2013\/03\/procuradores-da-fazenda-nacional-fazem-campanha-de-alerta-sobre-injustica<\/a><\/p>\r\n<p><a title=\"Cirucuit MT\" href=\"http:\/\/www.circuitomt.com.br\/editorias\/economia\/27666-procuradores-da-fazenda-comecam-campanha-de-alerta-sobre-a-injustica-fiscal.html\" target=\"_blank\">http:\/\/www.circuitomt.com.br\/editorias\/economia\/27666-procuradores-da-fazenda-comecam-campanha-de-alerta-sobre-a-injustica-fiscal.html<\/a><\/p>\r\n<p><a title=\"O Debate\" href=\"http:\/\/www.odebate.com.br\/digital\/aplicativo-gratuito-calcula-valor-de-impostos-no-dia-a-dia-15-03-2013.html\" target=\"_blank\">http:\/\/www.odebate.com.br\/digital\/aplicativo-gratuito-calcula-valor-de-impostos-no-dia-a-dia-15-03-2013.html<\/a><\/p>\r\n<p><a title=\"SETECO\" href=\"http:\/\/www.seteco.com.br\/midia\/list.asp?id=8366\" target=\"_blank\">http:\/\/www.seteco.com.br\/midia\/list.asp?id=8366<\/a><\/p>\r\n<p><a title=\"CONJUR\" href=\"http:\/\/www.conjur.com.br\/2013-mar-18\/procuradores-fazenda-fazem-campanha-transparencia-tributaria\" target=\"_blank\">http:\/\/www.conjur.com.br\/2013-mar-18\/procuradores-fazenda-fazem-campanha-transparencia-tributaria<\/a><\/p>\r\n<p><a title=\"A Voz do Cidad\u00e3o\" href=\"http:\/\/www.avozdocidadao.com.br\/detailAgendaCidadania.asp?ID=3976\" target=\"_blank\">http:\/\/www.avozdocidadao.com.br\/detailAgendaCidadania.asp?ID=3976<\/a><\/p>\r\n<p><a title=\"Bahia Economia\" href=\"http:\/\/www.bahiaeconomica.com.br\/\" target=\"_blank\">http:\/\/www.bahiaeconomica.com.br\/<\/a><\/p>\r\n<p><a title=\"Boa Dica\" href=\"http:\/\/www.boadica.com.br\/noticia.asp?codigo=99896\" target=\"_blank\">http:\/\/www.boadica.com.br\/noticia.asp?codigo=99896<\/a><\/p>\r\n<p><a title=\"Bahia Not\u00edcias\" href=\"http:\/\/www.bahianoticias.com.br\/mercado\/\">http:\/\/www.bahianoticias.com.br\/mercado\/<\/a><\/p>\r\n<p><a title=\"Radio Ag\u00eancia Nacional\" href=\"http:\/\/radioagencianacional.ebc.com.br\/assunto\/sinprofaz\" target=\"_blank\">http:\/\/radioagencianacional.ebc.com.br\/assunto\/sinprofaz<\/a><\/p>\r\n<p><a title=\"Radio Ag\u00eancia Nacional\" href=\"http:\/\/radioagencianacional.ebc.com.br\/materia\/2013-03-18\/campanha-alerta-popula%C3%A7%C3%A3o-sobre-injusti%C3%A7-fiscal\" target=\"_blank\">http:\/\/radioagencianacional.ebc.com.br\/materia\/2013-03-18\/campanha-alerta-popula%C3%A7%C3%A3o-sobre-injusti%C3%A7-fiscal<\/a><\/p>\r\n<p><a title=\"Tv Globo\" href=\"http:\/\/globotv.globo.com\/rede-paraiba\/jpb-2a-edicao\/v\/jpb2jp-campanha-conscientiza-populacao-sobre-impostos-embutidos-nos-produtos\/2467074\/\" target=\"_blank\">http:\/\/globotv.globo.com\/rede-paraiba\/jpb-2a-edicao\/v\/jpb2jp-campanha-conscientiza-populacao-sobre-impostos-embutidos-nos-produtos\/2467074\/<\/a><\/p>\r\n<p><a title=\"O Globo\" href=\"http:\/\/oglobo.globo.com\/economia\/campanha-contra-injustica-fiscal-lanca-calculadora-de-carga-tributaria-7870540\" target=\"_blank\">http:\/\/oglobo.globo.com\/economia\/campanha-contra-injustica-fiscal-lanca-calculadora-de-carga-tributaria-7870540<\/a><\/p>\r\n<p><a title=\"Exame\" href=\"http:\/\/exame.abril.com.br\/brasil\/noticias\/procuradores-fazem-campanha-de-sobre-injustica-fiscal\" target=\"_blank\">http:\/\/exame.abril.com.br\/brasil\/noticias\/procuradores-fazem-campanha-de-sobre-injustica-fiscal<\/a><\/p>\r\n<p><a title=\"Uol Economia - Info Money\" href=\"http:\/\/economia.uol.com.br\/noticias\/infomoney\/2013\/03\/18\/aplicativo-informa-carga-tributaria-de-produtos.htm\" target=\"_blank\">http:\/\/economia.uol.com.br\/noticias\/infomoney\/2013\/03\/18\/aplicativo-informa-carga-tributaria-de-produtos.htm<\/a><\/p>\r\n<p><a title=\"MSN\" href=\"http:\/\/dinheiro.br.msn.com\/tributos\/story.aspx?cp-documentid=256821715\" target=\"_blank\">http:\/\/dinheiro.br.msn.com\/tributos\/story.aspx?cp-documentid=256821715<\/a><\/p>\r\n<p><a title=\"Ag\u00eancia Brasil\" target=\"_blank\">http:\/\/agenciabrasil.ebc.com.br\/noticia\/2013-03-18\/procuradores-da-fazenda-nacional-fazem-campanha-de-alerta-sobre-injustica-fiscal<\/a><\/p>\r\n<p><a title=\"A Voz do Cidad\u00e3o\" href=\"http:\/\/www.avozdocidadao.com.br\/detailAgendaCidadania.asp?ID=3976\" target=\"_blank\">http:\/\/www.avozdocidadao.com.br\/detailAgendaCidadania.asp?ID=3976<\/a><\/p>\r\n<p><a title=\"Folha Vit\u00f3ria\" href=\"http:\/\/www.folhavitoria.com.br\/economia\/noticia\/2013\/03\/aplicativo-gratuito-calcula-valor-de-impostos-em-produtos-do-dia-a-dia.html\" target=\"_blank\">http:\/\/www.folhavitoria.com.br\/economia\/noticia\/2013\/03\/aplicativo-gratuito-calcula-valor-de-impostos-em-produtos-do-dia-a-dia.html<\/a><\/p>\r\n<p><a title=\"Blog do Pavulo\" href=\"http:\/\/blogdopavulo.blogspot.com.br\/2013\/03\/novo-aplicativo-vai-calcular-impostos.html\" target=\"_blank\">http:\/\/blogdopavulo.blogspot.com.br\/2013\/03\/novo-aplicativo-vai-calcular-impostos.html<\/a><\/p>\r\n<p><a title=\"Baguete\" href=\"http:\/\/www.baguete.com.br\/noticias\/15\/03\/2013\/app-calcula-valor-de-impostos-no-ato\" target=\"_blank\">http:\/\/www.baguete.com.br\/noticias\/15\/03\/2013\/app-calcula-valor-de-impostos-no-ato<\/a><\/p>\r\n<p><a title=\"Boa Dica\" href=\"http:\/\/www.boadica.com.br\/noticia.asp?codigo=99896\" target=\"_blank\">http:\/\/www.boadica.com.br\/noticia.asp?codigo=99896<\/a><\/p>\r\n<p><a title=\"Bahia Not\u00edcias\" href=\"http:\/\/www.bahianoticias.com.br\/mercado\/financa\/1008-aplicativo-calcula-quanto-de-impostos-ha-no-preco-de-cada-produto.html\" target=\"_blank\">http:\/\/www.bahianoticias.com.br\/mercado\/financa\/1008-aplicativo-calcula-quanto-de-impostos-ha-no-preco-de-cada-produto.html<\/a><\/p>\r\n<p><a title=\"Can\u00e7\u00e3o Nova Not\u00edcias\" href=\"http:\/\/noticias.cancaonova.com\/noticia.php?id=288926\" target=\"_blank\">http:\/\/noticias.cancaonova.com\/noticia.php?id=288926<\/a><\/p>","_links":{"self":[{"href":"https:\/\/sinprofaz.org.br\/2024\/wp-json\/wp\/v2\/posts\/1191"}],"collection":[{"href":"https:\/\/sinprofaz.org.br\/2024\/wp-json\/wp\/v2\/posts"}],"about":[{"href":"https:\/\/sinprofaz.org.br\/2024\/wp-json\/wp\/v2\/types\/post"}],"author":[{"embeddable":true,"href":"https:\/\/sinprofaz.org.br\/2024\/wp-json\/wp\/v2\/users\/1"}],"replies":[{"embeddable":true,"href":"https:\/\/sinprofaz.org.br\/2024\/wp-json\/wp\/v2\/comments?post=1191"}],"version-history":[{"count":0,"href":"https:\/\/sinprofaz.org.br\/2024\/wp-json\/wp\/v2\/posts\/1191\/revisions"}],"wp:attachment":[{"href":"https:\/\/sinprofaz.org.br\/2024\/wp-json\/wp\/v2\/media?parent=1191"}],"wp:term":[{"taxonomy":"category","embeddable":true,"href":"https:\/\/sinprofaz.org.br\/2024\/wp-json\/wp\/v2\/categories?post=1191"},{"taxonomy":"post_tag","embeddable":true,"href":"https:\/\/sinprofaz.org.br\/2024\/wp-json\/wp\/v2\/tags?post=1191"}],"curies":[{"name":"wp","href":"https:\/\/api.w.org\/{rel}","templated":true}]}}