{"id":11900,"date":"2020-09-23T10:22:06","date_gmt":"2020-09-23T13:22:06","guid":{"rendered":"http:\/\/www.sinprofaz.org.br\/?p=11900"},"modified":"2020-09-24T10:15:11","modified_gmt":"2020-09-24T13:15:11","slug":"diretores-definem-detalhes-para-lancamento-do-projeto-de-saude-mental-do-pfn","status":"publish","type":"post","link":"https:\/\/sinprofaz.org.br\/2024\/noticias\/diretores-definem-detalhes-para-lancamento-do-projeto-de-saude-mental-do-pfn\/","title":{"rendered":"DIRETORES DEFINEM DETALHES PARA LAN\u00c7AMENTO DO PROJETO DE SA\u00daDE MENTAL DO PFN"},"content":{"rendered":"<p>O Projeto do SINPROFAZ de Sa\u00fade Mental e Qualidade de Vida do PFN foi tema de reuni\u00e3o realizada ontem (22). Na oportunidade, o Sindicato foi representado pelo presidente Jos\u00e9 Ernane Brito, pelo vice-presidente Roberto Rodrigues e pelos diretores Achilles Frias, S\u00e9rgio Carneiro, Rodrigo Mellet e Carlos Alexandre Torres. Tamb\u00e9m participaram da reuni\u00e3o a filiada Beatriz Pereira, lotada na DIAFI\/PRFN3, e o psic\u00f3logo Cristiano Costa, s\u00f3cio-administrador da Psych &#8211; Psicologia Cl\u00ednica e Organizacional.<\/p>\n<p>Em Webinar na pr\u00f3xima ter\u00e7a-feira (29), \u00e0s 11h, o SINPROFAZ lan\u00e7ar\u00e1 o Projeto, que, a partir do engajamento e das contribui\u00e7\u00f5es da Carreira, consolidar\u00e1, de forma t\u00e9cnica, dados e informa\u00e7\u00f5es a respeito do desgaste mental dos procuradores da Fazenda Nacional. O diagn\u00f3stico cient\u00edfico das causas desse desgaste possibilitar\u00e1 a posterior sugest\u00e3o de solu\u00e7\u00f5es fundamentadas e a implementa\u00e7\u00e3o de melhores pr\u00e1ticas no \u00e2mbito da PGFN. Ademais, com o Projeto, os filiados ao Sindicato ter\u00e3o acesso a instru\u00e7\u00f5es e a acompanhamento psicol\u00f3gico imediato nos casos de riscos evidentes \u00e0 sa\u00fade e higidez mental.<\/p>\n<p><strong>Ent\u00e3o marque na agenda: no dia 29 de setembro, pr\u00f3xima ter\u00e7a-feira, \u00e0s 11h, o SINPROFAZ lan\u00e7ar\u00e1 o Projeto de Sa\u00fade Mental e Qualidade de Vida do PFN. Em breve, ser\u00e1 divulgado o link do Webinar. Participe do Lan\u00e7amento on-line e contribua para a promo\u00e7\u00e3o de condi\u00e7\u00f5es dignas de trabalho para os Membros da Carreira!<\/strong><\/p>\n\n\t\t<style type=\"text\/css\">\n\t\t\t#gallery-1 {\n\t\t\t\tmargin: auto;\n\t\t\t}\n\t\t\t#gallery-1 .gallery-item {\n\t\t\t\tfloat: left;\n\t\t\t\tmargin-top: 10px;\n\t\t\t\ttext-align: center;\n\t\t\t\twidth: 33%;\n\t\t\t}\n\t\t\t#gallery-1 img {\n\t\t\t\tborder: 2px solid #cfcfcf;\n\t\t\t}\n\t\t\t#gallery-1 .gallery-caption {\n\t\t\t\tmargin-left: 0;\n\t\t\t}\n\t\t\t\/* see gallery_shortcode() in wp-includes\/media.php *\/\n\t\t<\/style>\n\t\t<div id='gallery-1' class='gallery galleryid-11900 gallery-columns-3 gallery-size-thumbnail'><dl class='gallery-item'>\n\t\t\t<dt class='gallery-icon landscape'>\n\t\t\t\t<a href='https:\/\/sinprofaz.org.br\/2024\/wp-content\/uploads\/2020\/09\/print-2.jpeg'><img loading=\"lazy\" decoding=\"async\" width=\"150\" height=\"150\" src=\"https:\/\/sinprofaz.org.br\/2024\/wp-content\/uploads\/2020\/09\/print-2-150x150.jpeg\" class=\"attachment-thumbnail size-thumbnail\" alt=\"\" \/><\/a>\n\t\t\t<\/dt><\/dl><dl class='gallery-item'>\n\t\t\t<dt class='gallery-icon landscape'>\n\t\t\t\t<a href='https:\/\/sinprofaz.org.br\/2024\/wp-content\/uploads\/2020\/09\/print-3.jpeg'><img loading=\"lazy\" decoding=\"async\" width=\"150\" height=\"150\" src=\"https:\/\/sinprofaz.org.br\/2024\/wp-content\/uploads\/2020\/09\/print-3-150x150.jpeg\" class=\"attachment-thumbnail size-thumbnail\" alt=\"\" \/><\/a>\n\t\t\t<\/dt><\/dl>\n\t\t\t<br style='clear: both' \/>\n\t\t<\/div>\n\n","protected":false},"excerpt":{"rendered":"<p>O Projeto de Sa\u00fade Mental e Qualidade de Vida do PFN foi tema de reuni\u00e3o. O Sindicato foi representado por Ernane Brito, Roberto Rodrigues, Achilles Frias, S\u00e9rgio Carneiro, Rodrigo Mellet e Carlos Alexandre Torres.<\/p>\n","protected":false},"author":2,"featured_media":11901,"comment_status":"open","ping_status":"open","sticky":false,"template":"","format":"standard","meta":{"footnotes":""},"categories":[8],"tags":[32,166,25],"featured_image_url":"https:\/\/sinprofaz.org.br\/2024\/wp-content\/uploads\/2020\/09\/print-1-e1600867291481.jpeg","character_count":921,"formatted_date":"23\/09\/2020 - 10:22","contentNovo":"O Projeto do SINPROFAZ de Sa\u00fade Mental e Qualidade de Vida do PFN foi tema de reuni\u00e3o realizada ontem (22). Na oportunidade, o Sindicato foi representado pelo presidente Jos\u00e9 Ernane Brito, pelo vice-presidente Roberto Rodrigues e pelos diretores Achilles Frias, S\u00e9rgio Carneiro, Rodrigo Mellet e Carlos Alexandre Torres. Tamb\u00e9m participaram da reuni\u00e3o a filiada Beatriz Pereira, lotada na DIAFI\/PRFN3, e o psic\u00f3logo Cristiano Costa, s\u00f3cio-administrador da Psych - Psicologia Cl\u00ednica e Organizacional.\r\n\r\nEm Webinar na pr\u00f3xima ter\u00e7a-feira (29), \u00e0s 11h, o SINPROFAZ lan\u00e7ar\u00e1 o Projeto, que, a partir do engajamento e das contribui\u00e7\u00f5es da Carreira, consolidar\u00e1, de forma t\u00e9cnica, dados e informa\u00e7\u00f5es a respeito do desgaste mental dos procuradores da Fazenda Nacional. O diagn\u00f3stico cient\u00edfico das causas desse desgaste possibilitar\u00e1 a posterior sugest\u00e3o de solu\u00e7\u00f5es fundamentadas e a implementa\u00e7\u00e3o de melhores pr\u00e1ticas no \u00e2mbito da PGFN. Ademais, com o Projeto, os filiados ao Sindicato ter\u00e3o acesso a instru\u00e7\u00f5es e a acompanhamento psicol\u00f3gico imediato nos casos de riscos evidentes \u00e0 sa\u00fade e higidez mental.\r\n\r\n<strong>Ent\u00e3o marque na agenda: no dia 29 de setembro, pr\u00f3xima ter\u00e7a-feira, \u00e0s 11h, o SINPROFAZ lan\u00e7ar\u00e1 o Projeto de Sa\u00fade Mental e Qualidade de Vida do PFN. Em breve, ser\u00e1 divulgado o link do Webinar. Participe do Lan\u00e7amento on-line e contribua para a promo\u00e7\u00e3o de condi\u00e7\u00f5es dignas de trabalho para os Membros da Carreira!<\/strong>\r\n\r\n[gallery link=\"file\" ids=\"11902,11903\"]","_links":{"self":[{"href":"https:\/\/sinprofaz.org.br\/2024\/wp-json\/wp\/v2\/posts\/11900"}],"collection":[{"href":"https:\/\/sinprofaz.org.br\/2024\/wp-json\/wp\/v2\/posts"}],"about":[{"href":"https:\/\/sinprofaz.org.br\/2024\/wp-json\/wp\/v2\/types\/post"}],"author":[{"embeddable":true,"href":"https:\/\/sinprofaz.org.br\/2024\/wp-json\/wp\/v2\/users\/2"}],"replies":[{"embeddable":true,"href":"https:\/\/sinprofaz.org.br\/2024\/wp-json\/wp\/v2\/comments?post=11900"}],"version-history":[{"count":2,"href":"https:\/\/sinprofaz.org.br\/2024\/wp-json\/wp\/v2\/posts\/11900\/revisions"}],"predecessor-version":[{"id":11917,"href":"https:\/\/sinprofaz.org.br\/2024\/wp-json\/wp\/v2\/posts\/11900\/revisions\/11917"}],"wp:featuredmedia":[{"embeddable":true,"href":"https:\/\/sinprofaz.org.br\/2024\/wp-json\/wp\/v2\/media\/11901"}],"wp:attachment":[{"href":"https:\/\/sinprofaz.org.br\/2024\/wp-json\/wp\/v2\/media?parent=11900"}],"wp:term":[{"taxonomy":"category","embeddable":true,"href":"https:\/\/sinprofaz.org.br\/2024\/wp-json\/wp\/v2\/categories?post=11900"},{"taxonomy":"post_tag","embeddable":true,"href":"https:\/\/sinprofaz.org.br\/2024\/wp-json\/wp\/v2\/tags?post=11900"}],"curies":[{"name":"wp","href":"https:\/\/api.w.org\/{rel}","templated":true}]}}