{"id":11801,"date":"2020-08-19T12:09:16","date_gmt":"2020-08-19T15:09:16","guid":{"rendered":"http:\/\/www.sinprofaz.org.br\/?p=11801"},"modified":"2020-08-20T18:00:47","modified_gmt":"2020-08-20T21:00:47","slug":"sinprofaz-repudia-ataques-sofridos-por-filiados-em-minas-gerais","status":"publish","type":"post","link":"https:\/\/sinprofaz.org.br\/2024\/noticias\/sinprofaz-repudia-ataques-sofridos-por-filiados-em-minas-gerais\/","title":{"rendered":"SINPROFAZ REPUDIA ATAQUES SOFRIDOS POR FILIADOS EM MINAS GERAIS"},"content":{"rendered":"<p>\u00c9 de conhecimento do SINPROFAZ que a Procuradoria da Fazenda Nacional no Estado de Minas Gerais, nas pessoas de seus Membros, vem sofrendo ataques de parcela da torcida do Cruzeiro Esporte Clube. A agremia\u00e7\u00e3o \u00e9 alvo de cobran\u00e7a por parte da PGFN, haja vista o montante dos d\u00e9bitos devidos aos cofres da Uni\u00e3o. De antem\u00e3o, o SINPROFAZ aponta: os ataques ocorrem de forma totalmente despropositada, contra Institui\u00e7\u00e3o cujo dever constitucional \u00e9 o de zelar pelo cumprimento das obriga\u00e7\u00f5es fiscais em \u00e2mbito federal.<\/p>\n<p>A PGFN, em Minas Gerais e em todo o pa\u00eds, pauta sua atua\u00e7\u00e3o em estrat\u00e9gias legais, postas em pr\u00e1tica de forma equ\u00e2nime frente a quaisquer devedores em situa\u00e7\u00e3o an\u00e1loga. A despeito do que \u00e9 factual, objetivo e referendado pelo Poder Judici\u00e1rio, a torcida ataca os procuradores da Fazenda Nacional com absurdas insinua\u00e7\u00f5es de que h\u00e1 desproporcionalidade na atua\u00e7\u00e3o do \u00f3rg\u00e3o. A postura, que culminou, na data de hoje (19), com a exposi\u00e7\u00e3o de faixas de cunho intimidador, configura pr\u00e1tica que o SINPROFAZ abomina e n\u00e3o aceitar\u00e1 e que enseja a responsabiliza\u00e7\u00e3o dos envolvidos.<\/p>\n<p>Diante do exposto, o SINPROFAZ manifesta total apoio aos procuradores da Fazenda Nacional indevidamente atacados e atingidos em sua integridade profissional. O Sindicato requer provid\u00eancias da Administra\u00e7\u00e3o no sentido de impedir novas tentativas de desacreditar a PGFN e os filiados da ponta da Institui\u00e7\u00e3o. O SINPROFAZ n\u00e3o tolerar\u00e1 ataques \u00e0 imparcialidade e \u00e0 idoneidade dos Membros da Carreira, os quais, nessa e em todas as suas iniciativas laborais, atuam em total correspond\u00eancia com o interesse p\u00fablico.<\/p>\n","protected":false},"excerpt":{"rendered":"<p>\u00c9 de conhecimento do SINPROFAZ que a PFN\/MG, na pessoa de seus Membros, vem sofrendo ataques de parcela da torcida do Cruzeiro Esporte Clube. A agremia\u00e7\u00e3o \u00e9 alvo de cobran\u00e7a por parte da PGFN, haja vista o montante dos d\u00e9bitos devidos \u00e0 Uni\u00e3o.<\/p>\n","protected":false},"author":2,"featured_media":11737,"comment_status":"open","ping_status":"open","sticky":false,"template":"","format":"standard","meta":{"footnotes":""},"categories":[8],"tags":[32,146,44,25],"featured_image_url":"https:\/\/sinprofaz.org.br\/2024\/wp-content\/uploads\/2020\/07\/logo-sinprofaz-1.png","character_count":825,"formatted_date":"19\/08\/2020 - 12:09","contentNovo":"\u00c9 de conhecimento do SINPROFAZ que a Procuradoria da Fazenda Nacional no Estado de Minas Gerais, nas pessoas de seus Membros, vem sofrendo ataques de parcela da torcida do Cruzeiro Esporte Clube. A agremia\u00e7\u00e3o \u00e9 alvo de cobran\u00e7a por parte da PGFN, haja vista o montante dos d\u00e9bitos devidos aos cofres da Uni\u00e3o. De antem\u00e3o, o SINPROFAZ aponta: os ataques ocorrem de forma totalmente despropositada, contra Institui\u00e7\u00e3o cujo dever constitucional \u00e9 o de zelar pelo cumprimento das obriga\u00e7\u00f5es fiscais em \u00e2mbito federal.\r\n\r\nA PGFN, em Minas Gerais e em todo o pa\u00eds, pauta sua atua\u00e7\u00e3o em estrat\u00e9gias legais, postas em pr\u00e1tica de forma equ\u00e2nime frente a quaisquer devedores em situa\u00e7\u00e3o an\u00e1loga. A despeito do que \u00e9 factual, objetivo e referendado pelo Poder Judici\u00e1rio, a torcida ataca os procuradores da Fazenda Nacional com absurdas insinua\u00e7\u00f5es de que h\u00e1 desproporcionalidade na atua\u00e7\u00e3o do \u00f3rg\u00e3o. A postura, que culminou, na data de hoje (19), com a exposi\u00e7\u00e3o de faixas de cunho intimidador, configura pr\u00e1tica que o SINPROFAZ abomina e n\u00e3o aceitar\u00e1 e que enseja a responsabiliza\u00e7\u00e3o dos envolvidos.\r\n\r\nDiante do exposto, o SINPROFAZ manifesta total apoio aos procuradores da Fazenda Nacional indevidamente atacados e atingidos em sua integridade profissional. O Sindicato requer provid\u00eancias da Administra\u00e7\u00e3o no sentido de impedir novas tentativas de desacreditar a PGFN e os filiados da ponta da Institui\u00e7\u00e3o. O SINPROFAZ n\u00e3o tolerar\u00e1 ataques \u00e0 imparcialidade e \u00e0 idoneidade dos Membros da Carreira, os quais, nessa e em todas as suas iniciativas laborais, atuam em total correspond\u00eancia com o interesse p\u00fablico.","_links":{"self":[{"href":"https:\/\/sinprofaz.org.br\/2024\/wp-json\/wp\/v2\/posts\/11801"}],"collection":[{"href":"https:\/\/sinprofaz.org.br\/2024\/wp-json\/wp\/v2\/posts"}],"about":[{"href":"https:\/\/sinprofaz.org.br\/2024\/wp-json\/wp\/v2\/types\/post"}],"author":[{"embeddable":true,"href":"https:\/\/sinprofaz.org.br\/2024\/wp-json\/wp\/v2\/users\/2"}],"replies":[{"embeddable":true,"href":"https:\/\/sinprofaz.org.br\/2024\/wp-json\/wp\/v2\/comments?post=11801"}],"version-history":[{"count":4,"href":"https:\/\/sinprofaz.org.br\/2024\/wp-json\/wp\/v2\/posts\/11801\/revisions"}],"predecessor-version":[{"id":11810,"href":"https:\/\/sinprofaz.org.br\/2024\/wp-json\/wp\/v2\/posts\/11801\/revisions\/11810"}],"wp:featuredmedia":[{"embeddable":true,"href":"https:\/\/sinprofaz.org.br\/2024\/wp-json\/wp\/v2\/media\/11737"}],"wp:attachment":[{"href":"https:\/\/sinprofaz.org.br\/2024\/wp-json\/wp\/v2\/media?parent=11801"}],"wp:term":[{"taxonomy":"category","embeddable":true,"href":"https:\/\/sinprofaz.org.br\/2024\/wp-json\/wp\/v2\/categories?post=11801"},{"taxonomy":"post_tag","embeddable":true,"href":"https:\/\/sinprofaz.org.br\/2024\/wp-json\/wp\/v2\/tags?post=11801"}],"curies":[{"name":"wp","href":"https:\/\/api.w.org\/{rel}","templated":true}]}}