{"id":1180,"date":"2013-03-13T13:11:22","date_gmt":"2013-03-13T13:11:22","guid":{"rendered":""},"modified":"-0001-11-30T00:00:00","modified_gmt":"-0001-11-30T03:00:00","slug":"sinprofaz-inicia-contato-com-novos-titulares-de-postos-chave-no-parlamento","status":"publish","type":"post","link":"https:\/\/sinprofaz.org.br\/2024\/noticias\/sinprofaz-inicia-contato-com-novos-titulares-de-postos-chave-no-parlamento\/","title":{"rendered":"SINPROFAZ inicia contato com novos titulares de postos-chave no Parlamento"},"content":{"rendered":"<p>O trabalho parlamentar \u00e9 uma ferramenta muito produtiva no dia-a-dia da atua\u00e7\u00e3o sindical. V\u00e1rios temas de interesse da carreira de PFN tramitam no Congresso Nacional e o SINPROFAZ est\u00e1 cada vez mais presente nas casas legislativas debatendo com deputados e senadores as raz\u00f5es dos pleitos da Advocacia P\u00fablica e angariando apoio para os momentos decisivos de delibera\u00e7\u00e3o.<\/p>\n<p>O presidente do SINPROFAZ, Allan Titonelli, lembra que o contato com os parlamentares que conduzem o processo decis\u00f3rio \u00e9 fundamental e pode ser complementado pelos PFNs por meio da aproxima\u00e7\u00e3o e abordagem dos deputados e senadores em sua base de origem. \u201cIncentivamos a participa\u00e7\u00e3o local para fortalecer a articula\u00e7\u00e3o pol\u00edtica realizada diariamente pelo SINPROFAZ em Bras\u00edlia\u201d.<\/p>\n<p><a href=\"images\/stories\/pdfs\/presidencia-das-comissoes-cd-sf.pdf\" target=\"_blank\">Acesse aqui<\/a> o quadro de presidentes de comiss\u00f5es.<\/p>\n","protected":false},"excerpt":{"rendered":"<p>As 21 comiss\u00f5es permanentes da C\u00e2mara e as 11 do Senado j\u00e1 est\u00e3o em pleno funcionamento ap\u00f3s a elei\u00e7\u00e3o de seus respectivos presidentes. Veja quem passa a conduzir os trabalhos nos colegiados tem\u00e1ticos.<\/p>\n","protected":false},"author":1,"featured_media":0,"comment_status":"closed","ping_status":"open","sticky":false,"template":"","format":"standard","meta":{"footnotes":""},"categories":[8],"tags":[],"featured_image_url":"https:\/\/dummyimage.com\/720x400","character_count":413,"formatted_date":"13\/03\/2013 - 13:11","contentNovo":"\r\n<p>O trabalho parlamentar \u00e9 uma ferramenta muito produtiva no dia-a-dia da atua\u00e7\u00e3o sindical. V\u00e1rios temas de interesse da carreira de PFN tramitam no Congresso Nacional e o SINPROFAZ est\u00e1 cada vez mais presente nas casas legislativas debatendo com deputados e senadores as raz\u00f5es dos pleitos da Advocacia P\u00fablica e angariando apoio para os momentos decisivos de delibera\u00e7\u00e3o.<\/p>\r\n<p>O presidente do SINPROFAZ, Allan Titonelli, lembra que o contato com os parlamentares que conduzem o processo decis\u00f3rio \u00e9 fundamental e pode ser complementado pelos PFNs por meio da aproxima\u00e7\u00e3o e abordagem dos deputados e senadores em sua base de origem. \u201cIncentivamos a participa\u00e7\u00e3o local para fortalecer a articula\u00e7\u00e3o pol\u00edtica realizada diariamente pelo SINPROFAZ em Bras\u00edlia\u201d.<\/p>\r\n<p><a href=\"images\/stories\/pdfs\/presidencia-das-comissoes-cd-sf.pdf\" target=\"_blank\">Acesse aqui<\/a> o quadro de presidentes de comiss\u00f5es.<\/p>","_links":{"self":[{"href":"https:\/\/sinprofaz.org.br\/2024\/wp-json\/wp\/v2\/posts\/1180"}],"collection":[{"href":"https:\/\/sinprofaz.org.br\/2024\/wp-json\/wp\/v2\/posts"}],"about":[{"href":"https:\/\/sinprofaz.org.br\/2024\/wp-json\/wp\/v2\/types\/post"}],"author":[{"embeddable":true,"href":"https:\/\/sinprofaz.org.br\/2024\/wp-json\/wp\/v2\/users\/1"}],"replies":[{"embeddable":true,"href":"https:\/\/sinprofaz.org.br\/2024\/wp-json\/wp\/v2\/comments?post=1180"}],"version-history":[{"count":0,"href":"https:\/\/sinprofaz.org.br\/2024\/wp-json\/wp\/v2\/posts\/1180\/revisions"}],"wp:attachment":[{"href":"https:\/\/sinprofaz.org.br\/2024\/wp-json\/wp\/v2\/media?parent=1180"}],"wp:term":[{"taxonomy":"category","embeddable":true,"href":"https:\/\/sinprofaz.org.br\/2024\/wp-json\/wp\/v2\/categories?post=1180"},{"taxonomy":"post_tag","embeddable":true,"href":"https:\/\/sinprofaz.org.br\/2024\/wp-json\/wp\/v2\/tags?post=1180"}],"curies":[{"name":"wp","href":"https:\/\/api.w.org\/{rel}","templated":true}]}}