{"id":118,"date":"2011-01-18T19:22:44","date_gmt":"2011-01-18T19:22:44","guid":{"rendered":""},"modified":"2016-03-24T13:42:10","modified_gmt":"2016-03-24T13:42:10","slug":"deputados-e-senadores-eleitos-assumem-secretarias-e-ministerios","status":"publish","type":"post","link":"https:\/\/sinprofaz.org.br\/2024\/noticias\/deputados-e-senadores-eleitos-assumem-secretarias-e-ministerios\/","title":{"rendered":"Deputados e senadores eleitos assumem secretarias e minist\u00e9rios"},"content":{"rendered":"<p>Foto: David Ribeiro (Fonte: SEFOT-SECOM)<\/p>\n<p>Dos 513 deputados federais eleitos, pelo menos 40 v\u00e3o se licenciar do mandato para assumir cargos no executivo. No Senado Federal, apenas dois dos 81 senadores deixar\u00e3o a Casa.<\/p>\n<p>Depois da posse da Presidenta da Rep\u00fablica e dos governadores nas 27 Unidades da Federa\u00e7\u00e3o, deputados eleitos foram recrutados para compor a equipe do governo federal e tamb\u00e9m de governos estaduais.<\/p>\n<p>Entre os licenciados, prevalece a indica\u00e7\u00e3o para cargos no executivo estadual. Para o governo federal, apenas sete cargos ser\u00e3o ocupados por parlamentares. Cinco deputados foram empossados nas seguintes Pastas: Cidades, Turismo, Rela\u00e7\u00f5es Institucionais da Presid\u00eancia da Rep\u00fablica, Secretaria Especial de Pol\u00edticas para as Mulheres e Secretaria de Direitos Humanos. Dois senadores assumiram os Minist\u00e9rios de Minas e Energia e da Previd\u00eancia Social.<\/p>\n<p><b>Suplentes<\/b><\/p>\n<p>Dos 40 suplentes que podem assumir o mandato no Legislativo em 02 de fevereiro, 23 s\u00e3o veteranos que n\u00e3o conseguiram se reeleger para a pr\u00f3xima legislatura. \u00c9 o caso do deputado Bonif\u00e1cio de Andrada (PSDB\/MG). Mesmo n\u00e3o tendo sido reeleito, ele vai retornar para a C\u00e2mara como suplente em exerc\u00edcio.<\/p>\n<p>Veja a <a href=\"images\/stories\/pdfs\/sup_ass_mandato.pdf\" target=\"_blank\">lista<\/a> completa dos suplentes que dever\u00e3o assumir mandato j\u00e1 no in\u00edcio da Legislatura, em 2 de fevereiro.<\/p>\n","protected":false},"excerpt":{"rendered":"<p>Dos 513 deputados federais eleitos, pelo menos 40 v\u00e3o se licenciar do mandato para assumir cargos no executivo. No Senado Federal, apenas dois dos 81 senadores deixar\u00e3o a Casa.<\/p>\n","protected":false},"author":1,"featured_media":3899,"comment_status":"closed","ping_status":"open","sticky":false,"template":"","format":"standard","meta":{"footnotes":""},"categories":[8],"tags":[],"featured_image_url":"https:\/\/sinprofaz.org.br\/2024\/wp-content\/uploads\/2011\/01\/01.jpg","character_count":658,"formatted_date":"18\/01\/2011 - 19:22","contentNovo":"<p>Foto: David Ribeiro (Fonte: SEFOT-SECOM)<\/p>\r\n<p>Dos 513 deputados federais eleitos, pelo menos 40 v\u00e3o se licenciar do mandato para assumir cargos no executivo. No Senado Federal, apenas dois dos 81 senadores deixar\u00e3o a Casa.<\/p>\r\n<p>Depois da posse da Presidenta da Rep\u00fablica e dos governadores nas 27 Unidades da Federa\u00e7\u00e3o, deputados eleitos foram recrutados para compor a equipe do governo federal e tamb\u00e9m de governos estaduais.<\/p>\r\n<p>Entre os licenciados, prevalece a indica\u00e7\u00e3o para cargos no executivo estadual. Para o governo federal, apenas sete cargos ser\u00e3o ocupados por parlamentares. Cinco deputados foram empossados nas seguintes Pastas: Cidades, Turismo, Rela\u00e7\u00f5es Institucionais da Presid\u00eancia da Rep\u00fablica, Secretaria Especial de Pol\u00edticas para as Mulheres e Secretaria de Direitos Humanos. Dois senadores assumiram os Minist\u00e9rios de Minas e Energia e da Previd\u00eancia Social.<\/p>\r\n<p>Suplentes<\/p>\r\n<p>Dos 40 suplentes que podem assumir o mandato no Legislativo em 02 de fevereiro, 23 s\u00e3o veteranos que n\u00e3o conseguiram se reeleger para a pr\u00f3xima legislatura. \u00c9 o caso do deputado Bonif\u00e1cio de Andrada (PSDB\/MG). Mesmo n\u00e3o tendo sido reeleito, ele vai retornar para a C\u00e2mara como suplente em exerc\u00edcio.<\/p>\r\n<p>Veja a <a href=\"images\/stories\/pdfs\/sup_ass_mandato.pdf\" target=\"_blank\">lista<\/a> completa dos suplentes que dever\u00e3o assumir mandato j\u00e1 no in\u00edcio da Legislatura, em 2 de fevereiro.<\/p>","_links":{"self":[{"href":"https:\/\/sinprofaz.org.br\/2024\/wp-json\/wp\/v2\/posts\/118"}],"collection":[{"href":"https:\/\/sinprofaz.org.br\/2024\/wp-json\/wp\/v2\/posts"}],"about":[{"href":"https:\/\/sinprofaz.org.br\/2024\/wp-json\/wp\/v2\/types\/post"}],"author":[{"embeddable":true,"href":"https:\/\/sinprofaz.org.br\/2024\/wp-json\/wp\/v2\/users\/1"}],"replies":[{"embeddable":true,"href":"https:\/\/sinprofaz.org.br\/2024\/wp-json\/wp\/v2\/comments?post=118"}],"version-history":[{"count":1,"href":"https:\/\/sinprofaz.org.br\/2024\/wp-json\/wp\/v2\/posts\/118\/revisions"}],"predecessor-version":[{"id":3900,"href":"https:\/\/sinprofaz.org.br\/2024\/wp-json\/wp\/v2\/posts\/118\/revisions\/3900"}],"wp:featuredmedia":[{"embeddable":true,"href":"https:\/\/sinprofaz.org.br\/2024\/wp-json\/wp\/v2\/media\/3899"}],"wp:attachment":[{"href":"https:\/\/sinprofaz.org.br\/2024\/wp-json\/wp\/v2\/media?parent=118"}],"wp:term":[{"taxonomy":"category","embeddable":true,"href":"https:\/\/sinprofaz.org.br\/2024\/wp-json\/wp\/v2\/categories?post=118"},{"taxonomy":"post_tag","embeddable":true,"href":"https:\/\/sinprofaz.org.br\/2024\/wp-json\/wp\/v2\/tags?post=118"}],"curies":[{"name":"wp","href":"https:\/\/api.w.org\/{rel}","templated":true}]}}