{"id":11779,"date":"2020-08-13T10:40:43","date_gmt":"2020-08-13T13:40:43","guid":{"rendered":"http:\/\/www.sinprofaz.org.br\/?p=11779"},"modified":"2020-08-13T10:47:20","modified_gmt":"2020-08-13T13:47:20","slug":"sinprofaz-e-fonacate-condenam-ataques-ao-funcionalismo-publico","status":"publish","type":"post","link":"https:\/\/sinprofaz.org.br\/2024\/noticias\/sinprofaz-e-fonacate-condenam-ataques-ao-funcionalismo-publico\/","title":{"rendered":"SINPROFAZ E FONACATE CONDENAM ATAQUES AO FUNCIONALISMO P\u00daBLICO"},"content":{"rendered":"<p>O SINPROFAZ, representado pelo presidente Jos\u00e9 Ernane Brito, participou na ter\u00e7a-feira (11) de Assembleia Geral das entidades integrantes do F\u00f3rum Nacional Permanente de Carreiras T\u00edpicas de Estado &#8211; Fonacate. Na oportunidade da reuni\u00e3o, foi discutida a an\u00e1lise do Instituto Millenium, a qual, mediante dados distorcidos sobre o funcionalismo, tenta manipular a opini\u00e3o p\u00fablica e colocar a sociedade contra o servidor. O Instituto tem entre os fundadores o ministro da Economia, Paulo Guedes.<\/p>\n<p>Segundo o economista Bra\u00falio Cerqueira, que integra a Unacon Sindical e a Comiss\u00e3o de Estudos do Fonacate, o F\u00f3rum j\u00e1 preparou estudos que desmistificam os dados usados para atacar o funcionalismo: \u201cN\u00e3o \u00e9 certo incluir os tr\u00eas n\u00edveis de Governo e os tr\u00eas Poderes para falar genericamente sobre gasto com pessoal. H\u00e1 muita heterogeneidade. Nos munic\u00edpios, sal\u00e1rios de professores e m\u00e9dicos s\u00e3o inferiores aos da iniciativa privada. Nos estados, boa parte do gasto \u00e9 com seguran\u00e7a. O n\u00edvel federal concentra fun\u00e7\u00f5es t\u00edpicas de governo, militares e a alta c\u00fapula do Judici\u00e1rio e do Legislativo\u201d.<\/p>\n<p>O deputado federal Tiago Mitraud (NOVO\/MG) participou da reuni\u00e3o. Mitraud, que \u00e9 coordenador da Frente Parlamentar Mista da Reforma Administrativa, defendeu o di\u00e1logo entre servidores, parlamentares, sociedade e governo e condenou as <em>fakenews<\/em> sobre a administra\u00e7\u00e3o p\u00fablica: \u201cN\u00e3o vamos apresentar uma proposta de reforma com base na superficialidade dos dados. Nosso objetivo \u00e9 dar pluralidade ao debate. Por isso estamos buscando o Fonacate e especialistas da sociedade civil organizada, como a Funda\u00e7\u00e3o Lemann e o Instituto Rep\u00fablica, para nos apoiar com dados t\u00e9cnicos\u201d.<\/p>\n<p>Por fim, tratou-se da Nota T\u00e9cnica da Controladoria-Geral da Uni\u00e3o, que restringiu a liberdade de express\u00e3o dos servidores nas redes sociais. Para Guilherme Coelho, fundador do Instituto Rep\u00fablica, \u00e9 clara a inten\u00e7\u00e3o de calar o funcionalismo: \u201cEstamos dispostos a ir ao Judici\u00e1rio para garantir o direito \u00e0 liberdade de express\u00e3o\u201d. Rudinei Marques, presidente do Fonacate, informou que, al\u00e9m de um parecer sobre as inconstitucionalidades da Nota, o F\u00f3rum lan\u00e7ar\u00e1 tr\u00eas novos cadernos sobre a Reforma Administrativa, um deles para tratar especificamente da NT.<\/p>\n<p><em>Com informa\u00e7\u00f5es da Ascom\/Fonacate<\/em><\/p>\n","protected":false},"excerpt":{"rendered":"<p>Na oportunidade da reuni\u00e3o realizada na ter\u00e7a-feira (11) , foi discutida a an\u00e1lise do Instituto Millenium, a qual, mediante dados distorcidos sobre o funcionalismo, tenta manipular a opini\u00e3o p\u00fablica e colocar a sociedade contra o servidor. <\/p>\n","protected":false},"author":2,"featured_media":11780,"comment_status":"open","ping_status":"open","sticky":false,"template":"","format":"standard","meta":{"footnotes":""},"categories":[8],"tags":[122,151,25],"featured_image_url":"https:\/\/sinprofaz.org.br\/2024\/wp-content\/uploads\/2020\/08\/WhatsApp-Image-2020-08-12-at-10.39.29-e1597326022838.jpeg","character_count":1165,"formatted_date":"13\/08\/2020 - 10:40","contentNovo":"O SINPROFAZ, representado pelo presidente Jos\u00e9 Ernane Brito, participou na ter\u00e7a-feira (11) de Assembleia Geral das entidades integrantes do F\u00f3rum Nacional Permanente de Carreiras T\u00edpicas de Estado - Fonacate. Na oportunidade da reuni\u00e3o, foi discutida a an\u00e1lise do Instituto Millenium, a qual, mediante dados distorcidos sobre o funcionalismo, tenta manipular a opini\u00e3o p\u00fablica e colocar a sociedade contra o servidor. O Instituto tem entre os fundadores o ministro da Economia, Paulo Guedes.\r\n\r\nSegundo o economista Bra\u00falio Cerqueira, que integra a Unacon Sindical e a Comiss\u00e3o de Estudos do Fonacate, o F\u00f3rum j\u00e1 preparou estudos que desmistificam os dados usados para atacar o funcionalismo: \u201cN\u00e3o \u00e9 certo incluir os tr\u00eas n\u00edveis de Governo e os tr\u00eas Poderes para falar genericamente sobre gasto com pessoal. H\u00e1 muita heterogeneidade. Nos munic\u00edpios, sal\u00e1rios de professores e m\u00e9dicos s\u00e3o inferiores aos da iniciativa privada. Nos estados, boa parte do gasto \u00e9 com seguran\u00e7a. O n\u00edvel federal concentra fun\u00e7\u00f5es t\u00edpicas de governo, militares e a alta c\u00fapula do Judici\u00e1rio e do Legislativo\u201d.\r\n\r\nO deputado federal Tiago Mitraud (NOVO\/MG) participou da reuni\u00e3o. Mitraud, que \u00e9 coordenador da Frente Parlamentar Mista da Reforma Administrativa, defendeu o di\u00e1logo entre servidores, parlamentares, sociedade e governo e condenou as <em>fakenews<\/em> sobre a administra\u00e7\u00e3o p\u00fablica: \u201cN\u00e3o vamos apresentar uma proposta de reforma com base na superficialidade dos dados. Nosso objetivo \u00e9 dar pluralidade ao debate. Por isso estamos buscando o Fonacate e especialistas da sociedade civil organizada, como a Funda\u00e7\u00e3o Lemann e o Instituto Rep\u00fablica, para nos apoiar com dados t\u00e9cnicos\u201d.\r\n\r\nPor fim, tratou-se da Nota T\u00e9cnica da Controladoria-Geral da Uni\u00e3o, que restringiu a liberdade de express\u00e3o dos servidores nas redes sociais. Para Guilherme Coelho, fundador do Instituto Rep\u00fablica, \u00e9 clara a inten\u00e7\u00e3o de calar o funcionalismo: \u201cEstamos dispostos a ir ao Judici\u00e1rio para garantir o direito \u00e0 liberdade de express\u00e3o\u201d. Rudinei Marques, presidente do Fonacate, informou que, al\u00e9m de um parecer sobre as inconstitucionalidades da Nota, o F\u00f3rum lan\u00e7ar\u00e1 tr\u00eas novos cadernos sobre a Reforma Administrativa, um deles para tratar especificamente da NT.\r\n\r\n<em>Com informa\u00e7\u00f5es da Ascom\/Fonacate<\/em>","_links":{"self":[{"href":"https:\/\/sinprofaz.org.br\/2024\/wp-json\/wp\/v2\/posts\/11779"}],"collection":[{"href":"https:\/\/sinprofaz.org.br\/2024\/wp-json\/wp\/v2\/posts"}],"about":[{"href":"https:\/\/sinprofaz.org.br\/2024\/wp-json\/wp\/v2\/types\/post"}],"author":[{"embeddable":true,"href":"https:\/\/sinprofaz.org.br\/2024\/wp-json\/wp\/v2\/users\/2"}],"replies":[{"embeddable":true,"href":"https:\/\/sinprofaz.org.br\/2024\/wp-json\/wp\/v2\/comments?post=11779"}],"version-history":[{"count":2,"href":"https:\/\/sinprofaz.org.br\/2024\/wp-json\/wp\/v2\/posts\/11779\/revisions"}],"predecessor-version":[{"id":11782,"href":"https:\/\/sinprofaz.org.br\/2024\/wp-json\/wp\/v2\/posts\/11779\/revisions\/11782"}],"wp:featuredmedia":[{"embeddable":true,"href":"https:\/\/sinprofaz.org.br\/2024\/wp-json\/wp\/v2\/media\/11780"}],"wp:attachment":[{"href":"https:\/\/sinprofaz.org.br\/2024\/wp-json\/wp\/v2\/media?parent=11779"}],"wp:term":[{"taxonomy":"category","embeddable":true,"href":"https:\/\/sinprofaz.org.br\/2024\/wp-json\/wp\/v2\/categories?post=11779"},{"taxonomy":"post_tag","embeddable":true,"href":"https:\/\/sinprofaz.org.br\/2024\/wp-json\/wp\/v2\/tags?post=11779"}],"curies":[{"name":"wp","href":"https:\/\/api.w.org\/{rel}","templated":true}]}}