{"id":1176,"date":"2013-03-09T00:13:16","date_gmt":"2013-03-09T00:13:16","guid":{"rendered":""},"modified":"-0001-11-30T00:00:00","modified_gmt":"-0001-11-30T03:00:00","slug":"plp-205-ctasp-pode-aprovar-requerimento-com-convocacao-ao-agu","status":"publish","type":"post","link":"https:\/\/sinprofaz.org.br\/2024\/noticias\/plp-205-ctasp-pode-aprovar-requerimento-com-convocacao-ao-agu\/","title":{"rendered":"PLP 205: CTASP pode aprovar requerimento com convoca\u00e7\u00e3o ao AGU"},"content":{"rendered":"<p><img loading=\"lazy\" decoding=\"async\" style=\"margin-right: 10px; border: 1px solid #000000; float: left;\" alt=\"PLP 205: CTASP pode aprovar requerimento com convoca\u00e7\u00e3o ao AGU\" src=\"images\/noticias\/agenda-parlamentas-marco-2013\/agenda-parlamentar-marco-03.jpg\" height=\"154\" width=\"218\" \/>Com a elei\u00e7\u00e3o das mesas das comiss\u00f5es, Sindicato refor\u00e7a atua\u00e7\u00e3o parlamentar. Primeiro resultado: deputada Andr\u00e9ia Zito apresenta requerimento convocando ministro Adams.<\/p>\n<p>Esta semana os deputados se reuniram para eleger os presidentes das comiss\u00f5es permanentes da C\u00e2mara. O presidente do SINPROFAZ, Allan Titonelli, acompanhou algumas dessas reuni\u00f5es que marcaram o in\u00edcio efetivo da sess\u00e3o legislativa nos colegiados tem\u00e1ticos da Casa.<\/p>\n<p>Entre as comiss\u00f5es, as de maior interesse para a carreira s\u00e3o a CCJ \u2013 Comiss\u00e3o de Constitui\u00e7\u00e3o e Justi\u00e7a e a CTASP \u2013 Comiss\u00e3o de Trabalho, Administra\u00e7\u00e3o e Servi\u00e7o P\u00fablico. Nesta \u00faltima, est\u00e1 tramitando mat\u00e9ria priorit\u00e1ria para a Advocacia P\u00fablica, o PLP 205\/12, que atualiza a Lei Complementar da AGU.<\/p>\n<h3>Lei Org\u00e2nica<\/h3>\n<p>O presidente do SINPROFAZ j\u00e1 tratou do PLP 205 com alguns membros da CTASP, onde foi eleito como presidente o deputado Roberto Santiago (PSD\/SP).<img loading=\"lazy\" decoding=\"async\" style=\"margin-left: 10px; margin-bottom: 5px; margin-top: 5px; border: 1px solid #000000; float: right;\" alt=\"PLP 205: CTASP pode aprovar requerimento com convoca\u00e7\u00e3o ao AGU\" src=\"images\/noticias\/agenda-parlamentas-marco-2013\/agenda-parlamentar-marco-01.jpg\" height=\"113\" width=\"150\" \/><\/p>\n<p>Titonelli conversou com a deputada Andr\u00e9ia Zito (PSDB\/RJ) sobre compromisso firmado no final do ano passado. Como houve o cancelamento da audi\u00eancia p\u00fablica que ouviria o ministro Adams acerca do PLP 205, a deputada comprometeu-se a resgatar o debate logo no in\u00edcio da sess\u00e3o legislativa em 2013.<\/p>\n<p>Ontem, dia 07 de mar\u00e7o, a deputada fluminense apresentou dois requerimentos relativos ao PLP 205. O REQ 211\/1013 requer \u201ca convoca\u00e7\u00e3o do Senhor Ministro de Estado da Advocacia Geral da Uni\u00e3o, Dr. Lu\u00eds In\u00e1cio Lucena Adams, para debater nesta Comiss\u00e3o o impacto e as consequ\u00eancias para toda a administra\u00e7\u00e3o p\u00fablica federal do contido no Projeto de Lei Complementar n\u00ba 205, de 2012\u201d.<\/p>\n<p>J\u00e1 o REQ 210\/2013 requer \u201ca realiza\u00e7\u00e3o de audi\u00eancia p\u00fablica nesta Comiss\u00e3o para debater o Projeto de Lei Complementar n\u00ba 205, de 2012, do Poder Executivo, que &#8220;Altera a Lei Complementar n\u00ba 73, de 10 de fevereiro de 1993, que institui a Lei Org\u00e2nica da Advocacia-Geral da Uni\u00e3o&#8221;.<\/p>\n<p>A partir da pr\u00f3xima semana, quando as comiss\u00f5es v\u00e3o come\u00e7ar a se reunir para deliberar ordinariamente, os requerimentos da deputada Andr\u00e9ia Zito poder\u00e3o ser inclu\u00eddos na pauta da Comiss\u00e3o de Trabalho. A assessoria parlamentar do Sindicato monitora a agenda da CTASP e a informa\u00e7\u00e3o sobre aprova\u00e7\u00e3o dos referidos requerimentos ser\u00e1 divulgada imediatamente aos filiados.<\/p>\n<p style=\"text-align: center;\"><img loading=\"lazy\" decoding=\"async\" style=\"margin-right: 5px; border: 1px solid #000000;\" alt=\"PLP 205: CTASP pode aprovar requerimento com convoca\u00e7\u00e3o ao AGU\" src=\"images\/noticias\/agenda-parlamentas-marco-2013\/agenda-parlamentar-marco-04.jpg\" height=\"113\" width=\"150\" \/><img loading=\"lazy\" decoding=\"async\" style=\"margin-right: 5px; border: 1px solid #000000;\" alt=\"PLP 205: CTASP pode aprovar requerimento com convoca\u00e7\u00e3o ao AGU\" src=\"images\/noticias\/agenda-parlamentas-marco-2013\/agenda-parlamentar-marco-05.jpg\" height=\"113\" width=\"150\" \/><img loading=\"lazy\" decoding=\"async\" style=\"margin-right: 5px; border: 1px solid #000000;\" alt=\"PLP 205: CTASP pode aprovar requerimento com convoca\u00e7\u00e3o ao AGU\" src=\"images\/noticias\/agenda-parlamentas-marco-2013\/agenda-parlamentar-marco-06.jpg\" height=\"113\" width=\"150\" \/><img loading=\"lazy\" decoding=\"async\" style=\"border: 1px solid #000000;\" alt=\"PLP 205: CTASP pode aprovar requerimento com convoca\u00e7\u00e3o ao AGU\" src=\"images\/noticias\/agenda-parlamentas-marco-2013\/agenda-parlamentar-marco-07.jpg\" height=\"113\" width=\"150\" \/><\/p>\n","protected":false},"excerpt":{"rendered":"<p>Com a elei\u00e7\u00e3o das mesas das comiss\u00f5es, Sindicato refor\u00e7a atua\u00e7\u00e3o parlamentar. Primeiro resultado: deputada Andr\u00e9ia Zito apresenta requerimento convocando ministro Adams.<\/p>\n","protected":false},"author":1,"featured_media":0,"comment_status":"closed","ping_status":"open","sticky":false,"template":"","format":"standard","meta":{"footnotes":""},"categories":[8],"tags":[],"featured_image_url":"https:\/\/dummyimage.com\/720x400","character_count":1158,"formatted_date":"09\/03\/2013 - 00:13","contentNovo":"\r\n<p>Com a elei\u00e7\u00e3o das mesas das comiss\u00f5es, Sindicato refor\u00e7a atua\u00e7\u00e3o parlamentar. Primeiro resultado: deputada Andr\u00e9ia Zito apresenta requerimento convocando ministro Adams.<\/p>\r\n<p>Esta semana os deputados se reuniram para eleger os presidentes das comiss\u00f5es permanentes da C\u00e2mara. O presidente do SINPROFAZ, Allan Titonelli, acompanhou algumas dessas reuni\u00f5es que marcaram o in\u00edcio efetivo da sess\u00e3o legislativa nos colegiados tem\u00e1ticos da Casa.<\/p>\r\n<p>Entre as comiss\u00f5es, as de maior interesse para a carreira s\u00e3o a CCJ \u2013 Comiss\u00e3o de Constitui\u00e7\u00e3o e Justi\u00e7a e a CTASP \u2013 Comiss\u00e3o de Trabalho, Administra\u00e7\u00e3o e Servi\u00e7o P\u00fablico. Nesta \u00faltima, est\u00e1 tramitando mat\u00e9ria priorit\u00e1ria para a Advocacia P\u00fablica, o PLP 205\/12, que atualiza a Lei Complementar da AGU.<\/p>\r\nLei Org\u00e2nica\r\n<p>O presidente do SINPROFAZ j\u00e1 tratou do PLP 205 com alguns membros da CTASP, onde foi eleito como presidente o deputado Roberto Santiago (PSD\/SP).<\/p>\r\n<p>Titonelli conversou com a deputada Andr\u00e9ia Zito (PSDB\/RJ) sobre compromisso firmado no final do ano passado. Como houve o cancelamento da audi\u00eancia p\u00fablica que ouviria o ministro Adams acerca do PLP 205, a deputada comprometeu-se a resgatar o debate logo no in\u00edcio da sess\u00e3o legislativa em 2013.<\/p>\r\n<p>Ontem, dia 07 de mar\u00e7o, a deputada fluminense apresentou dois requerimentos relativos ao PLP 205. O REQ 211\/1013 requer \u201ca convoca\u00e7\u00e3o do Senhor Ministro de Estado da Advocacia Geral da Uni\u00e3o, Dr. Lu\u00eds In\u00e1cio Lucena Adams, para debater nesta Comiss\u00e3o o impacto e as consequ\u00eancias para toda a administra\u00e7\u00e3o p\u00fablica federal do contido no Projeto de Lei Complementar n\u00ba 205, de 2012\u201d.<\/p>\r\n<p>J\u00e1 o REQ 210\/2013 requer \u201ca realiza\u00e7\u00e3o de audi\u00eancia p\u00fablica nesta Comiss\u00e3o para debater o Projeto de Lei Complementar n\u00ba 205, de 2012, do Poder Executivo, que \"Altera a Lei Complementar n\u00ba 73, de 10 de fevereiro de 1993, que institui a Lei Org\u00e2nica da Advocacia-Geral da Uni\u00e3o\".<\/p>\r\n<p>A partir da pr\u00f3xima semana, quando as comiss\u00f5es v\u00e3o come\u00e7ar a se reunir para deliberar ordinariamente, os requerimentos da deputada Andr\u00e9ia Zito poder\u00e3o ser inclu\u00eddos na pauta da Comiss\u00e3o de Trabalho. A assessoria parlamentar do Sindicato monitora a agenda da CTASP e a informa\u00e7\u00e3o sobre aprova\u00e7\u00e3o dos referidos requerimentos ser\u00e1 divulgada imediatamente aos filiados.<\/p>\r\n<p style=\"text-align: center;\"><\/p>","_links":{"self":[{"href":"https:\/\/sinprofaz.org.br\/2024\/wp-json\/wp\/v2\/posts\/1176"}],"collection":[{"href":"https:\/\/sinprofaz.org.br\/2024\/wp-json\/wp\/v2\/posts"}],"about":[{"href":"https:\/\/sinprofaz.org.br\/2024\/wp-json\/wp\/v2\/types\/post"}],"author":[{"embeddable":true,"href":"https:\/\/sinprofaz.org.br\/2024\/wp-json\/wp\/v2\/users\/1"}],"replies":[{"embeddable":true,"href":"https:\/\/sinprofaz.org.br\/2024\/wp-json\/wp\/v2\/comments?post=1176"}],"version-history":[{"count":0,"href":"https:\/\/sinprofaz.org.br\/2024\/wp-json\/wp\/v2\/posts\/1176\/revisions"}],"wp:attachment":[{"href":"https:\/\/sinprofaz.org.br\/2024\/wp-json\/wp\/v2\/media?parent=1176"}],"wp:term":[{"taxonomy":"category","embeddable":true,"href":"https:\/\/sinprofaz.org.br\/2024\/wp-json\/wp\/v2\/categories?post=1176"},{"taxonomy":"post_tag","embeddable":true,"href":"https:\/\/sinprofaz.org.br\/2024\/wp-json\/wp\/v2\/tags?post=1176"}],"curies":[{"name":"wp","href":"https:\/\/api.w.org\/{rel}","templated":true}]}}