{"id":11743,"date":"2020-07-28T12:00:23","date_gmt":"2020-07-28T15:00:23","guid":{"rendered":"http:\/\/www.sinprofaz.org.br\/?p=11743"},"modified":"2020-07-28T13:37:40","modified_gmt":"2020-07-28T16:37:40","slug":"revista-forum-de-direito-tributario-recebe-sugestoes-de-artigos-dos-pfns","status":"publish","type":"post","link":"https:\/\/sinprofaz.org.br\/2024\/noticias\/revista-forum-de-direito-tributario-recebe-sugestoes-de-artigos-dos-pfns\/","title":{"rendered":"REVISTA F\u00d3RUM DE DIREITO TRIBUT\u00c1RIO RECEBE SUGEST\u00d5ES DE ARTIGOS DA CARREIRA"},"content":{"rendered":"<p>A Revista F\u00f3rum de Direito Tribut\u00e1rio &#8211; RFDT \u00e9 um peri\u00f3dico especializado na legisla\u00e7\u00e3o tribut\u00e1ria. S\u00e3o artigos, pareceres e decis\u00f5es que discorrem sobre as normas e princ\u00edpios que regem a administra\u00e7\u00e3o, a arrecada\u00e7\u00e3o, a regulamenta\u00e7\u00e3o e a fiscaliza\u00e7\u00e3o de tributos. Os temas s\u00e3o abordados nas se\u00e7\u00f5es &#8220;Doutrina&#8221;, dividida em artigos e pareceres, e &#8220;Jurisprud\u00eancia Selecionada&#8221;, com ac\u00f3rd\u00e3os e tend\u00eancias jurisprudenciais.<\/p>\n<p>O PFN aposentado e filiado Oswaldo Othon de Pontes Saraiva Filho \u00e9 fundador do peri\u00f3dico e diretor cient\u00edfico da publica\u00e7\u00e3o. Desde 2003, \u00e9 tamb\u00e9m membro do Conselho Editorial da Editora F\u00f3rum. Ex-consultor da Uni\u00e3o (1996 a 2019), Saraiva Filho colocou a Revista \u00e0 disposi\u00e7\u00e3o dos Colegas para a publica\u00e7\u00e3o de artigos pertinentes ao Direito Tribut\u00e1rio. Os procuradores da Fazenda Nacional interessados devem enviar suas sugest\u00f5es para o e-mail <a href=\"mailto:othonsaraiva.filho@gmail.com\">othonsaraiva.filho@gmail.com<\/a>.<\/p>\n<p>A Revista F\u00f3rum de Direito Tribut\u00e1rio &#8211; RFDT guarda conte\u00fado de interesse da Advocacia P\u00fablica e Privada, com artigos e pareceres de autoria de renomados tributaristas nacionais e internacionais. Para saber mais, acesse: <a href=\"https:\/\/loja.editoraforum.com.br\/revista-forum-de-direito-tributario-rfdt?search=REVISTA%20F%C3%93RUM%20DE%20DIREITO%20TRIBUT%C3%81RIO\" target=\"_blank\" rel=\"noopener\">bit.ly\/2EoOGeF<\/a><\/p>\n","protected":false},"excerpt":{"rendered":"<p>A RFDT \u00e9 um peri\u00f3dico especializado na legisla\u00e7\u00e3o tribut\u00e1ria. S\u00e3o artigos, pareceres e decis\u00f5es que discorrem sobre as normas que regem a administra\u00e7\u00e3o, a arrecada\u00e7\u00e3o, a regulamenta\u00e7\u00e3o e a fiscaliza\u00e7\u00e3o de tributos. <\/p>\n","protected":false},"author":2,"featured_media":11744,"comment_status":"open","ping_status":"open","sticky":false,"template":"","format":"standard","meta":{"footnotes":""},"categories":[8],"tags":[32,136,25],"featured_image_url":"https:\/\/sinprofaz.org.br\/2024\/wp-content\/uploads\/2020\/07\/logo-sinprofaz-1.jpg","character_count":605,"formatted_date":"28\/07\/2020 - 12:00","contentNovo":"A Revista F\u00f3rum de Direito Tribut\u00e1rio - RFDT \u00e9 um peri\u00f3dico especializado na legisla\u00e7\u00e3o tribut\u00e1ria. S\u00e3o artigos, pareceres e decis\u00f5es que discorrem sobre as normas e princ\u00edpios que regem a administra\u00e7\u00e3o, a arrecada\u00e7\u00e3o, a regulamenta\u00e7\u00e3o e a fiscaliza\u00e7\u00e3o de tributos. Os temas s\u00e3o abordados nas se\u00e7\u00f5es \"Doutrina\", dividida em artigos e pareceres, e \"Jurisprud\u00eancia Selecionada\", com ac\u00f3rd\u00e3os e tend\u00eancias jurisprudenciais.\r\n\r\nO PFN aposentado e filiado Oswaldo Othon de Pontes Saraiva Filho \u00e9 fundador do peri\u00f3dico e diretor cient\u00edfico da publica\u00e7\u00e3o. Desde 2003, \u00e9 tamb\u00e9m membro do Conselho Editorial da Editora F\u00f3rum. Ex-consultor da Uni\u00e3o (1996 a 2019), Saraiva Filho colocou a Revista \u00e0 disposi\u00e7\u00e3o dos Colegas para a publica\u00e7\u00e3o de artigos pertinentes ao Direito Tribut\u00e1rio. Os procuradores da Fazenda Nacional interessados devem enviar suas sugest\u00f5es para o e-mail <a href=\"mailto:othonsaraiva.filho@gmail.com\">othonsaraiva.filho@gmail.com<\/a>.\r\n\r\nA Revista F\u00f3rum de Direito Tribut\u00e1rio - RFDT guarda conte\u00fado de interesse da Advocacia P\u00fablica e Privada, com artigos e pareceres de autoria de renomados tributaristas nacionais e internacionais. Para saber mais, acesse: <a href=\"https:\/\/loja.editoraforum.com.br\/revista-forum-de-direito-tributario-rfdt?search=REVISTA%20F%C3%93RUM%20DE%20DIREITO%20TRIBUT%C3%81RIO\" target=\"_blank\" rel=\"noopener\">bit.ly\/2EoOGeF<\/a>","_links":{"self":[{"href":"https:\/\/sinprofaz.org.br\/2024\/wp-json\/wp\/v2\/posts\/11743"}],"collection":[{"href":"https:\/\/sinprofaz.org.br\/2024\/wp-json\/wp\/v2\/posts"}],"about":[{"href":"https:\/\/sinprofaz.org.br\/2024\/wp-json\/wp\/v2\/types\/post"}],"author":[{"embeddable":true,"href":"https:\/\/sinprofaz.org.br\/2024\/wp-json\/wp\/v2\/users\/2"}],"replies":[{"embeddable":true,"href":"https:\/\/sinprofaz.org.br\/2024\/wp-json\/wp\/v2\/comments?post=11743"}],"version-history":[{"count":2,"href":"https:\/\/sinprofaz.org.br\/2024\/wp-json\/wp\/v2\/posts\/11743\/revisions"}],"predecessor-version":[{"id":11746,"href":"https:\/\/sinprofaz.org.br\/2024\/wp-json\/wp\/v2\/posts\/11743\/revisions\/11746"}],"wp:featuredmedia":[{"embeddable":true,"href":"https:\/\/sinprofaz.org.br\/2024\/wp-json\/wp\/v2\/media\/11744"}],"wp:attachment":[{"href":"https:\/\/sinprofaz.org.br\/2024\/wp-json\/wp\/v2\/media?parent=11743"}],"wp:term":[{"taxonomy":"category","embeddable":true,"href":"https:\/\/sinprofaz.org.br\/2024\/wp-json\/wp\/v2\/categories?post=11743"},{"taxonomy":"post_tag","embeddable":true,"href":"https:\/\/sinprofaz.org.br\/2024\/wp-json\/wp\/v2\/tags?post=11743"}],"curies":[{"name":"wp","href":"https:\/\/api.w.org\/{rel}","templated":true}]}}