{"id":1174,"date":"2013-03-08T14:46:36","date_gmt":"2013-03-08T14:46:36","guid":{"rendered":""},"modified":"-0001-11-30T00:00:00","modified_gmt":"-0001-11-30T03:00:00","slug":"pfns-de-sao-paulo-debatem-interesses-da-carreira-em-reuniao","status":"publish","type":"post","link":"https:\/\/sinprofaz.org.br\/2024\/noticias\/pfns-de-sao-paulo-debatem-interesses-da-carreira-em-reuniao\/","title":{"rendered":"PFNs de S\u00e3o Paulo debatem interesses da carreira em reuni\u00e3o"},"content":{"rendered":"<p><img loading=\"lazy\" decoding=\"async\" style=\"margin-right: 10px; border: 1px solid #000000; float: left;\" alt=\"PFNs de S\u00e3o Paulo debatem interesses da carreira em reuni\u00e3o\" src=\"images\/noticias\/pfns-sp-debatem-interesses\/pfns-sp-debatem-interesses.jpg\" height=\"154\" width=\"218\" \/>Na reuni\u00e3o ocorrida no in\u00edcio da semana, Procuradores lotados na PRFN3 relataram as rotinas da unidade e fizeram sugest\u00f5es \u00e0 agenda do Sindicato para 2013.<\/p>\n<p>O presidente do SINPROFAZ, Allan Titonelli, os diretores Her\u00e1clio Camargo, Filemon Rose e Regina Hirose reuniram-se com colegas lotados em S\u00e3o Paulo na segunda-feira, 4 de mar\u00e7o.<\/p>\n<p>O encontro foi mais uma oportunidade de intera\u00e7\u00e3o entre filiados e sindicato no esfor\u00e7o cotidiano da categoria em harmonizar os interesses de uma carreira que atua em \u00e2mbito nacional com realidades distintas de unidade para unidade.<\/p>\n<p>Os PFNs tiraram d\u00favidas sobre a\u00e7\u00f5es judiciais em andamento e conheceram um pouco mais sobre como se concretiza a atua\u00e7\u00e3o do Sindicato no dia a dia em Bras\u00edlia, especialmente no Congresso Nacional, onde muitos pleitos da carreira est\u00e3o tramitando.<\/p>\n<p>Na reuni\u00e3o de S\u00e3o Paulo, os colegas receberam em m\u00e3os as c\u00f3pias do relat\u00f3rio das a\u00e7\u00f5es judiciais sob o patroc\u00ednio do Dr. Hugo Plutarco.<\/p>\n<p>O PFN Jo\u00e3o Paulo Oliveira, integrante do GT dos Honor\u00e1rios, descreveu a atua\u00e7\u00e3o do grupo e suas conclus\u00f5es. Na oportunidade, os PFNs registraram a irresigna\u00e7\u00e3o com a extin\u00e7\u00e3o da lista institucional e a censura pr\u00e9via hoje existente, sugerindo medidas judiciais contra o tolhimento da liberdade de express\u00e3o. Ficou decidido que o SINPROFAZ encaminhar\u00e1 requerimento dirigido \u00e0 PGFN para pedir esclarecimentos sobre o que poderia ser veiculado na lista de gest\u00e3o e, ap\u00f3s a resposta, ingressar com a\u00e7\u00e3o judicial sobre o tema.<\/p>\n<p>O Sindicato continuar\u00e1 visitando as unidades da Fazenda Nacional nos estados. A pr\u00f3xima reuni\u00e3o ser\u00e1 no Rio de Janeiro na segunda-feira, 11\/03.<\/p>\n","protected":false},"excerpt":{"rendered":"<p>Na reuni\u00e3o ocorrida no in\u00edcio da semana, Procuradores lotados na PRFN3 relataram as rotinas da unidade e fizeram sugest\u00f5es \u00e0 agenda do Sindicato para 2013.<\/p>\n","protected":false},"author":1,"featured_media":0,"comment_status":"closed","ping_status":"open","sticky":false,"template":"","format":"standard","meta":{"footnotes":""},"categories":[8],"tags":[],"featured_image_url":"https:\/\/dummyimage.com\/720x400","character_count":832,"formatted_date":"08\/03\/2013 - 14:46","contentNovo":"\r\n<p>Na reuni\u00e3o ocorrida no in\u00edcio da semana, Procuradores lotados na PRFN3 relataram as rotinas da unidade e fizeram sugest\u00f5es \u00e0 agenda do Sindicato para 2013.<\/p>\r\n<p>O presidente do SINPROFAZ, Allan Titonelli, os diretores Her\u00e1clio Camargo, Filemon Rose e Regina Hirose reuniram-se com colegas lotados em S\u00e3o Paulo na segunda-feira, 4 de mar\u00e7o.<\/p>\r\n<p>O encontro foi mais uma oportunidade de intera\u00e7\u00e3o entre filiados e sindicato no esfor\u00e7o cotidiano da categoria em harmonizar os interesses de uma carreira que atua em \u00e2mbito nacional com realidades distintas de unidade para unidade.<\/p>\r\n<p>Os PFNs tiraram d\u00favidas sobre a\u00e7\u00f5es judiciais em andamento e conheceram um pouco mais sobre como se concretiza a atua\u00e7\u00e3o do Sindicato no dia a dia em Bras\u00edlia, especialmente no Congresso Nacional, onde muitos pleitos da carreira est\u00e3o tramitando.<\/p>\r\n<p>Na reuni\u00e3o de S\u00e3o Paulo, os colegas receberam em m\u00e3os as c\u00f3pias do relat\u00f3rio das a\u00e7\u00f5es judiciais sob o patroc\u00ednio do Dr. Hugo Plutarco.<\/p>\r\n<p>O PFN Jo\u00e3o Paulo Oliveira, integrante do GT dos Honor\u00e1rios, descreveu a atua\u00e7\u00e3o do grupo e suas conclus\u00f5es. Na oportunidade, os PFNs registraram a irresigna\u00e7\u00e3o com a extin\u00e7\u00e3o da lista institucional e a censura pr\u00e9via hoje existente, sugerindo medidas judiciais contra o tolhimento da liberdade de express\u00e3o. Ficou decidido que o SINPROFAZ encaminhar\u00e1 requerimento dirigido \u00e0 PGFN para pedir esclarecimentos sobre o que poderia ser veiculado na lista de gest\u00e3o e, ap\u00f3s a resposta, ingressar com a\u00e7\u00e3o judicial sobre o tema.<\/p>\r\n<p>O Sindicato continuar\u00e1 visitando as unidades da Fazenda Nacional nos estados. A pr\u00f3xima reuni\u00e3o ser\u00e1 no Rio de Janeiro na segunda-feira, 11\/03.<\/p>","_links":{"self":[{"href":"https:\/\/sinprofaz.org.br\/2024\/wp-json\/wp\/v2\/posts\/1174"}],"collection":[{"href":"https:\/\/sinprofaz.org.br\/2024\/wp-json\/wp\/v2\/posts"}],"about":[{"href":"https:\/\/sinprofaz.org.br\/2024\/wp-json\/wp\/v2\/types\/post"}],"author":[{"embeddable":true,"href":"https:\/\/sinprofaz.org.br\/2024\/wp-json\/wp\/v2\/users\/1"}],"replies":[{"embeddable":true,"href":"https:\/\/sinprofaz.org.br\/2024\/wp-json\/wp\/v2\/comments?post=1174"}],"version-history":[{"count":0,"href":"https:\/\/sinprofaz.org.br\/2024\/wp-json\/wp\/v2\/posts\/1174\/revisions"}],"wp:attachment":[{"href":"https:\/\/sinprofaz.org.br\/2024\/wp-json\/wp\/v2\/media?parent=1174"}],"wp:term":[{"taxonomy":"category","embeddable":true,"href":"https:\/\/sinprofaz.org.br\/2024\/wp-json\/wp\/v2\/categories?post=1174"},{"taxonomy":"post_tag","embeddable":true,"href":"https:\/\/sinprofaz.org.br\/2024\/wp-json\/wp\/v2\/tags?post=1174"}],"curies":[{"name":"wp","href":"https:\/\/api.w.org\/{rel}","templated":true}]}}