{"id":1173,"date":"2013-03-08T13:16:42","date_gmt":"2013-03-08T13:16:42","guid":{"rendered":""},"modified":"-0001-11-30T00:00:00","modified_gmt":"-0001-11-30T03:00:00","slug":"dia-internacional-da-mulher-sinprofaz-homenageia-todas-as-procuradoras-da-fazenda","status":"publish","type":"post","link":"https:\/\/sinprofaz.org.br\/2024\/noticias\/dia-internacional-da-mulher-sinprofaz-homenageia-todas-as-procuradoras-da-fazenda\/","title":{"rendered":"Dia Internacional da Mulher: SINPROFAZ homenageia todas as Procuradoras da Fazenda"},"content":{"rendered":"<p>Mais do que merecedoras de admira\u00e7\u00e3o e respeito, as mulheres que comp\u00f5em os quadros da PGFN e da AGU, demonstram em seu trabalho cotidiano o quanto a compet\u00eancia feminina \u00e9 essencial e enriquecedora para o exerc\u00edcio da Advocacia P\u00fablica no Brasil.<\/p>\n","protected":false},"excerpt":{"rendered":"<p>Hoje, Dia Internacional da Mulher, o SINPROFAZ sa\u00fada especialmente todas as Procuradoras da Fazenda Nacional, que abrilhantam a Carreira com sua forma\u00e7\u00e3o de alto n\u00edvel, delicadeza, \u00e9tica e determina\u00e7\u00e3o.<\/p>\n","protected":false},"author":1,"featured_media":0,"comment_status":"closed","ping_status":"open","sticky":false,"template":"","format":"standard","meta":{"footnotes":""},"categories":[8],"tags":[],"featured_image_url":"https:\/\/dummyimage.com\/720x400","character_count":128,"formatted_date":"08\/03\/2013 - 13:16","contentNovo":"\r\n<p>Mais do que merecedoras de admira\u00e7\u00e3o e respeito, as mulheres que comp\u00f5em os quadros da PGFN e da AGU, demonstram em seu trabalho cotidiano o quanto a compet\u00eancia feminina \u00e9 essencial e enriquecedora para o exerc\u00edcio da Advocacia P\u00fablica no Brasil.<\/p>","_links":{"self":[{"href":"https:\/\/sinprofaz.org.br\/2024\/wp-json\/wp\/v2\/posts\/1173"}],"collection":[{"href":"https:\/\/sinprofaz.org.br\/2024\/wp-json\/wp\/v2\/posts"}],"about":[{"href":"https:\/\/sinprofaz.org.br\/2024\/wp-json\/wp\/v2\/types\/post"}],"author":[{"embeddable":true,"href":"https:\/\/sinprofaz.org.br\/2024\/wp-json\/wp\/v2\/users\/1"}],"replies":[{"embeddable":true,"href":"https:\/\/sinprofaz.org.br\/2024\/wp-json\/wp\/v2\/comments?post=1173"}],"version-history":[{"count":0,"href":"https:\/\/sinprofaz.org.br\/2024\/wp-json\/wp\/v2\/posts\/1173\/revisions"}],"wp:attachment":[{"href":"https:\/\/sinprofaz.org.br\/2024\/wp-json\/wp\/v2\/media?parent=1173"}],"wp:term":[{"taxonomy":"category","embeddable":true,"href":"https:\/\/sinprofaz.org.br\/2024\/wp-json\/wp\/v2\/categories?post=1173"},{"taxonomy":"post_tag","embeddable":true,"href":"https:\/\/sinprofaz.org.br\/2024\/wp-json\/wp\/v2\/tags?post=1173"}],"curies":[{"name":"wp","href":"https:\/\/api.w.org\/{rel}","templated":true}]}}