{"id":11707,"date":"2020-07-15T14:42:39","date_gmt":"2020-07-15T17:42:39","guid":{"rendered":"http:\/\/www.sinprofaz.org.br\/?p=11707"},"modified":"2020-07-15T14:51:50","modified_gmt":"2020-07-15T17:51:50","slug":"regulamentacao-do-teletrabalho-e-tema-de-reuniao-do-fonacate","status":"publish","type":"post","link":"https:\/\/sinprofaz.org.br\/2024\/noticias\/regulamentacao-do-teletrabalho-e-tema-de-reuniao-do-fonacate\/","title":{"rendered":"REGULAMENTA\u00c7\u00c3O DO TELETRABALHO \u00c9 TEMA DE REUNI\u00c3O DO FONACATE"},"content":{"rendered":"<p>O SINPROFAZ, representado pelo presidente Jos\u00e9 Ernane Brito, participou ontem (14) de Assembleia Geral Extraordin\u00e1ria das entidades filiadas ao F\u00f3rum Nacional Permanente de Carreiras T\u00edpicas de Estado &#8211; Fonacate. Entre os assuntos debatidos no encontro virtual, estiveram especialmente os reflexos da pandemia sobre o servidor p\u00fablico, que vem se adaptando ao teletrabalho e atingindo a produtividade esperada.<\/p>\n<p>Em reuni\u00e3o na segunda-feira com representantes da Secretaria de Gest\u00e3o e Desempenho de Pessoal (SGP) do Minist\u00e9rio da Economia, o Fonacate forneceu informa\u00e7\u00f5es sobre o <em>home office<\/em> dos servidores. A experi\u00eancia positiva tem norteado o governo federal na elabora\u00e7\u00e3o de uma instru\u00e7\u00e3o normativa que ampliar\u00e1 o teletrabalho para o funcionalismo da Uni\u00e3o. Uma nova reuni\u00e3o com a SGP deve ocorrer em breve e contar\u00e1 com a participa\u00e7\u00e3o do SINPROFAZ.<\/p>\n<p>O Fonacate defende a moderniza\u00e7\u00e3o do servi\u00e7o p\u00fablico. Representantes do F\u00f3rum reiteram, no entanto, que os normativos que regulamentem o tema n\u00e3o devem exigir produtividade maior que a j\u00e1 exigida, mas ater-se \u00e0 aferi\u00e7\u00e3o de resultados e ao fornecimento de meios adequados ao trabalho remoto. A a\u00e7odada decis\u00e3o de alguns \u00f3rg\u00e3os de retomar a atua\u00e7\u00e3o presencial preocupa as carreiras: a administra\u00e7\u00e3o p\u00fablica ainda n\u00e3o tem condi\u00e7\u00f5es de propiciar ambientes seguros, com planos de conting\u00eancia, adequa\u00e7\u00e3o das esta\u00e7\u00f5es de trabalho, distribui\u00e7\u00e3o de EPIs e outras medidas necess\u00e1rias.<\/p>\n<p>O trabalho parlamentar tamb\u00e9m foi debatido durante a Assembleia. Segundo a comiss\u00e3o respons\u00e1vel do Fonacate, tr\u00eas mat\u00e9rias em tramita\u00e7\u00e3o no Congresso Nacional devem ser acompanhadas com aten\u00e7\u00e3o: o PLS 116\/2017, que trata da perda do cargo p\u00fablico por insufici\u00eancia de desempenho; a PEC 188\/2019, que estabelece medidas de ajuste fiscal aplic\u00e1veis ao custeio da m\u00e1quina p\u00fablica; e a PEC 438\/2018, que cria gatilhos para conter as despesas p\u00fablicas. O F\u00f3rum j\u00e1 tem notas t\u00e9cnicas e estudos sobre os temas, assim como estrat\u00e9gias proativas de atua\u00e7\u00e3o.<\/p>\n<p><em>Com informa\u00e7\u00f5es do Fonacate<\/em><\/p>\n","protected":false},"excerpt":{"rendered":"<p>O SINPROFAZ participou de Assembleia Geral do Fonacate. Entre os assuntos debatidos no encontro, estiveram os reflexos da pandemia sobre o servidor, que vem se adaptando ao teletrabalho e atingindo a produtividade esperada. <\/p>\n","protected":false},"author":2,"featured_media":11708,"comment_status":"open","ping_status":"open","sticky":false,"template":"","format":"standard","meta":{"footnotes":""},"categories":[8],"tags":[32,122,25],"featured_image_url":"https:\/\/sinprofaz.org.br\/2024\/wp-content\/uploads\/2020\/07\/WhatsApp-Image-2020-07-14-at-20.40.23-e1594834930390.jpeg","character_count":1043,"formatted_date":"15\/07\/2020 - 14:42","contentNovo":"O SINPROFAZ, representado pelo presidente Jos\u00e9 Ernane Brito, participou ontem (14) de Assembleia Geral Extraordin\u00e1ria das entidades filiadas ao F\u00f3rum Nacional Permanente de Carreiras T\u00edpicas de Estado - Fonacate. Entre os assuntos debatidos no encontro virtual, estiveram especialmente os reflexos da pandemia sobre o servidor p\u00fablico, que vem se adaptando ao teletrabalho e atingindo a produtividade esperada.\r\n\r\nEm reuni\u00e3o na segunda-feira com representantes da Secretaria de Gest\u00e3o e Desempenho de Pessoal (SGP) do Minist\u00e9rio da Economia, o Fonacate forneceu informa\u00e7\u00f5es sobre o <em>home office<\/em> dos servidores. A experi\u00eancia positiva tem norteado o governo federal na elabora\u00e7\u00e3o de uma instru\u00e7\u00e3o normativa que ampliar\u00e1 o teletrabalho para o funcionalismo da Uni\u00e3o. Uma nova reuni\u00e3o com a SGP deve ocorrer em breve e contar\u00e1 com a participa\u00e7\u00e3o do SINPROFAZ.\r\n\r\nO Fonacate defende a moderniza\u00e7\u00e3o do servi\u00e7o p\u00fablico. Representantes do F\u00f3rum reiteram, no entanto, que os normativos que regulamentem o tema n\u00e3o devem exigir produtividade maior que a j\u00e1 exigida, mas ater-se \u00e0 aferi\u00e7\u00e3o de resultados e ao fornecimento de meios adequados ao trabalho remoto. A a\u00e7odada decis\u00e3o de alguns \u00f3rg\u00e3os de retomar a atua\u00e7\u00e3o presencial preocupa as carreiras: a administra\u00e7\u00e3o p\u00fablica ainda n\u00e3o tem condi\u00e7\u00f5es de propiciar ambientes seguros, com planos de conting\u00eancia, adequa\u00e7\u00e3o das esta\u00e7\u00f5es de trabalho, distribui\u00e7\u00e3o de EPIs e outras medidas necess\u00e1rias.\r\n\r\nO trabalho parlamentar tamb\u00e9m foi debatido durante a Assembleia. Segundo a comiss\u00e3o respons\u00e1vel do Fonacate, tr\u00eas mat\u00e9rias em tramita\u00e7\u00e3o no Congresso Nacional devem ser acompanhadas com aten\u00e7\u00e3o: o PLS 116\/2017, que trata da perda do cargo p\u00fablico por insufici\u00eancia de desempenho; a PEC 188\/2019, que estabelece medidas de ajuste fiscal aplic\u00e1veis ao custeio da m\u00e1quina p\u00fablica; e a PEC 438\/2018, que cria gatilhos para conter as despesas p\u00fablicas. O F\u00f3rum j\u00e1 tem notas t\u00e9cnicas e estudos sobre os temas, assim como estrat\u00e9gias proativas de atua\u00e7\u00e3o.\r\n\r\n<em>Com informa\u00e7\u00f5es do Fonacate<\/em>","_links":{"self":[{"href":"https:\/\/sinprofaz.org.br\/2024\/wp-json\/wp\/v2\/posts\/11707"}],"collection":[{"href":"https:\/\/sinprofaz.org.br\/2024\/wp-json\/wp\/v2\/posts"}],"about":[{"href":"https:\/\/sinprofaz.org.br\/2024\/wp-json\/wp\/v2\/types\/post"}],"author":[{"embeddable":true,"href":"https:\/\/sinprofaz.org.br\/2024\/wp-json\/wp\/v2\/users\/2"}],"replies":[{"embeddable":true,"href":"https:\/\/sinprofaz.org.br\/2024\/wp-json\/wp\/v2\/comments?post=11707"}],"version-history":[{"count":2,"href":"https:\/\/sinprofaz.org.br\/2024\/wp-json\/wp\/v2\/posts\/11707\/revisions"}],"predecessor-version":[{"id":11710,"href":"https:\/\/sinprofaz.org.br\/2024\/wp-json\/wp\/v2\/posts\/11707\/revisions\/11710"}],"wp:featuredmedia":[{"embeddable":true,"href":"https:\/\/sinprofaz.org.br\/2024\/wp-json\/wp\/v2\/media\/11708"}],"wp:attachment":[{"href":"https:\/\/sinprofaz.org.br\/2024\/wp-json\/wp\/v2\/media?parent=11707"}],"wp:term":[{"taxonomy":"category","embeddable":true,"href":"https:\/\/sinprofaz.org.br\/2024\/wp-json\/wp\/v2\/categories?post=11707"},{"taxonomy":"post_tag","embeddable":true,"href":"https:\/\/sinprofaz.org.br\/2024\/wp-json\/wp\/v2\/tags?post=11707"}],"curies":[{"name":"wp","href":"https:\/\/api.w.org\/{rel}","templated":true}]}}