{"id":11613,"date":"2020-06-17T10:18:55","date_gmt":"2020-06-17T13:18:55","guid":{"rendered":"http:\/\/www.sinprofaz.org.br\/?p=11613"},"modified":"2020-06-24T17:06:52","modified_gmt":"2020-06-24T20:06:52","slug":"sinprofaz-acompanha-julgamento-de-adi-relativa-a-reforma-da-previdencia","status":"publish","type":"post","link":"https:\/\/sinprofaz.org.br\/2024\/noticias\/sinprofaz-acompanha-julgamento-de-adi-relativa-a-reforma-da-previdencia\/","title":{"rendered":"SINPROFAZ ACOMPANHA JULGAMENTO DE ADI RELATIVA \u00c0 REFORMA DA PREVID\u00caNCIA"},"content":{"rendered":"<p>O SINPROFAZ, representado pelo presidente Jos\u00e9 Ernane Brito, participou na ter\u00e7a-feira (16) de reuni\u00e3o virtual com as demais entidades filiadas ao F\u00f3rum Nacional Permanente de Carreiras T\u00edpicas de Estado &#8211; Fonacate. Ao longo da Assembleia Geral, discutiram-se temas pertinentes \u00e0s carreiras, como a necessidade de reabertura do prazo de migra\u00e7\u00e3o para a Funpresp-Exe e os comandos da Lei Complementar 173\/2020, que estabeleceu o Programa Federativo de Enfrentamento \u00e0 Covid-19.<\/p>\n<p>Junto ao Fonacate, o SINPROFAZ acompanha o julgamento de A\u00e7\u00f5es Diretas de Inconstitucionalidade relativas \u00e0 reforma da Previd\u00eancia. A expectativa \u00e9 que as al\u00edquotas progressivas impostas pela reforma sejam consideradas inconstitucionais pelo Supremo Tribunal Federal. O Fonacate foi admitido como amicus curiae na ADI n\u00ba 6258, a qual deve entrar em vota\u00e7\u00e3o nos pr\u00f3ximos dias. As advogadas do Fonacate Larissa Benevides e Tha\u00eds Riedel prepararam a sustenta\u00e7\u00e3o oral para o julgamento, <a href=\"https:\/\/www.facebook.com\/watch\/?v=599752530662514\">confira no v\u00eddeo<\/a>.<\/p>\n<p>A pr\u00e1tica do ass\u00e9dio institucional na administra\u00e7\u00e3o p\u00fablica tamb\u00e9m foi debatida ao longo da Assembleia. Segundo representantes de algumas entidades, o ass\u00e9dio vem se intensificando no atual governo, tendo ficado evidente, por exemplo, em <a href=\"https:\/\/www1.folha.uol.com.br\/colunas\/painelsa\/2020\/06\/ministerio-da-economia-diz-para-servidor-se-comportar-nas-redes-sociais.shtml\">orienta\u00e7\u00e3o recente<\/a> do Minist\u00e9rio da Economia sobre o comportamento dos servidores nas redes sociais. Visando avan\u00e7ar na tipifica\u00e7\u00e3o legal do ass\u00e9dio institucional no \u00e2mbito do servi\u00e7o p\u00fablico, o Fonacate elaborar\u00e1 estudo complementar ao livro \u201c<a href=\"https:\/\/fonacate.org.br\/v3\/wp-content\/uploads\/2020\/05\/Erosa%CC%83o-de-Direitos.pdf\">Eros\u00e3o de Direitos<\/a>: reformas neoliberais e ass\u00e9dio institucional\u201d.<\/p>\n<p><em>Com informa\u00e7\u00f5es da Ascom\/Fonacate<\/em><\/p>\n","protected":false},"excerpt":{"rendered":"<p>Junto ao Fonacate, o SINPROFAZ acompanha o julgamento das A\u00e7\u00f5es Diretas de Inconstitucionalidade. A expectativa \u00e9 que as al\u00edquotas progressivas sejam consideradas inconstitucionais pelo STF.<\/p>\n","protected":false},"author":2,"featured_media":11614,"comment_status":"open","ping_status":"open","sticky":false,"template":"","format":"standard","meta":{"footnotes":""},"categories":[8],"tags":[122,77,25],"featured_image_url":"https:\/\/sinprofaz.org.br\/2024\/wp-content\/uploads\/2020\/06\/WhatsApp-Image-2020-06-16-at-21.27.57-e1592399880465.jpeg","character_count":808,"formatted_date":"17\/06\/2020 - 10:18","contentNovo":"O SINPROFAZ, representado pelo presidente Jos\u00e9 Ernane Brito, participou na ter\u00e7a-feira (16) de reuni\u00e3o virtual com as demais entidades filiadas ao F\u00f3rum Nacional Permanente de Carreiras T\u00edpicas de Estado - Fonacate. Ao longo da Assembleia Geral, discutiram-se temas pertinentes \u00e0s carreiras, como a necessidade de reabertura do prazo de migra\u00e7\u00e3o para a Funpresp-Exe e os comandos da Lei Complementar 173\/2020, que estabeleceu o Programa Federativo de Enfrentamento \u00e0 Covid-19.\r\n\r\nJunto ao Fonacate, o SINPROFAZ acompanha o julgamento de A\u00e7\u00f5es Diretas de Inconstitucionalidade relativas \u00e0 reforma da Previd\u00eancia. A expectativa \u00e9 que as al\u00edquotas progressivas impostas pela reforma sejam consideradas inconstitucionais pelo Supremo Tribunal Federal. O Fonacate foi admitido como amicus curiae na ADI n\u00ba 6258, a qual deve entrar em vota\u00e7\u00e3o nos pr\u00f3ximos dias. As advogadas do Fonacate Larissa Benevides e Tha\u00eds Riedel prepararam a sustenta\u00e7\u00e3o oral para o julgamento, <a href=\"https:\/\/www.facebook.com\/watch\/?v=599752530662514\">confira no v\u00eddeo<\/a>.\r\n\r\nA pr\u00e1tica do ass\u00e9dio institucional na administra\u00e7\u00e3o p\u00fablica tamb\u00e9m foi debatida ao longo da Assembleia. Segundo representantes de algumas entidades, o ass\u00e9dio vem se intensificando no atual governo, tendo ficado evidente, por exemplo, em <a href=\"https:\/\/www1.folha.uol.com.br\/colunas\/painelsa\/2020\/06\/ministerio-da-economia-diz-para-servidor-se-comportar-nas-redes-sociais.shtml\">orienta\u00e7\u00e3o recente<\/a> do Minist\u00e9rio da Economia sobre o comportamento dos servidores nas redes sociais. Visando avan\u00e7ar na tipifica\u00e7\u00e3o legal do ass\u00e9dio institucional no \u00e2mbito do servi\u00e7o p\u00fablico, o Fonacate elaborar\u00e1 estudo complementar ao livro \u201c<a href=\"https:\/\/fonacate.org.br\/v3\/wp-content\/uploads\/2020\/05\/Erosa%CC%83o-de-Direitos.pdf\">Eros\u00e3o de Direitos<\/a>: reformas neoliberais e ass\u00e9dio institucional\u201d.\r\n\r\n<em>Com informa\u00e7\u00f5es da Ascom\/Fonacate<\/em>","_links":{"self":[{"href":"https:\/\/sinprofaz.org.br\/2024\/wp-json\/wp\/v2\/posts\/11613"}],"collection":[{"href":"https:\/\/sinprofaz.org.br\/2024\/wp-json\/wp\/v2\/posts"}],"about":[{"href":"https:\/\/sinprofaz.org.br\/2024\/wp-json\/wp\/v2\/types\/post"}],"author":[{"embeddable":true,"href":"https:\/\/sinprofaz.org.br\/2024\/wp-json\/wp\/v2\/users\/2"}],"replies":[{"embeddable":true,"href":"https:\/\/sinprofaz.org.br\/2024\/wp-json\/wp\/v2\/comments?post=11613"}],"version-history":[{"count":4,"href":"https:\/\/sinprofaz.org.br\/2024\/wp-json\/wp\/v2\/posts\/11613\/revisions"}],"predecessor-version":[{"id":11628,"href":"https:\/\/sinprofaz.org.br\/2024\/wp-json\/wp\/v2\/posts\/11613\/revisions\/11628"}],"wp:featuredmedia":[{"embeddable":true,"href":"https:\/\/sinprofaz.org.br\/2024\/wp-json\/wp\/v2\/media\/11614"}],"wp:attachment":[{"href":"https:\/\/sinprofaz.org.br\/2024\/wp-json\/wp\/v2\/media?parent=11613"}],"wp:term":[{"taxonomy":"category","embeddable":true,"href":"https:\/\/sinprofaz.org.br\/2024\/wp-json\/wp\/v2\/categories?post=11613"},{"taxonomy":"post_tag","embeddable":true,"href":"https:\/\/sinprofaz.org.br\/2024\/wp-json\/wp\/v2\/tags?post=11613"}],"curies":[{"name":"wp","href":"https:\/\/api.w.org\/{rel}","templated":true}]}}