{"id":11594,"date":"2020-06-08T09:38:26","date_gmt":"2020-06-08T12:38:26","guid":{"rendered":"http:\/\/www.sinprofaz.org.br\/?p=11594"},"modified":"2020-06-10T15:50:48","modified_gmt":"2020-06-10T18:50:48","slug":"sinprofaz-e-fonacate-se-unem-contra-alteracoes-na-funpresp","status":"publish","type":"post","link":"https:\/\/sinprofaz.org.br\/2024\/noticias\/sinprofaz-e-fonacate-se-unem-contra-alteracoes-na-funpresp\/","title":{"rendered":"SINPROFAZ E FONACATE SE UNEM CONTRA ALTERA\u00c7\u00d5ES NA FUNPRESP"},"content":{"rendered":"<p>O SINPROFAZ, representado pelo diretor-jur\u00eddico, Giuliano Menezes Campos, e pelo advogado Hugo Plutarco, participou de videoconfer\u00eancia na quinta-feira (4). Estiveram presentes na reuni\u00e3o virtual as assessorias jur\u00eddicas das demais entidades sindicais e associativas integrantes do F\u00f3rum Nacional Permanente de Carreiras T\u00edpicas de Estado &#8211; Fonacate.  <\/p>\n<p>Visando \u00e0 atua\u00e7\u00e3o conjunta, as entidades debateram estrat\u00e9gias relativas ao julgamento, no STF, da A\u00e7\u00e3o Cautelar na ADIn sobre o aumento das contribui\u00e7\u00f5es previdenci\u00e1rias e as altera\u00e7\u00f5es nos benef\u00edcios da Funpresp. As mudan\u00e7as pretendidas pela Diretoria Executiva da Funda\u00e7\u00e3o atingem a forma de c\u00e1lculo dos benef\u00edcios de pens\u00e3o por morte e aposentadoria por invalidez, em grave preju\u00edzo aos servidores.<\/p>\n\n\t\t<style type=\"text\/css\">\n\t\t\t#gallery-1 {\n\t\t\t\tmargin: auto;\n\t\t\t}\n\t\t\t#gallery-1 .gallery-item {\n\t\t\t\tfloat: left;\n\t\t\t\tmargin-top: 10px;\n\t\t\t\ttext-align: center;\n\t\t\t\twidth: 33%;\n\t\t\t}\n\t\t\t#gallery-1 img {\n\t\t\t\tborder: 2px solid #cfcfcf;\n\t\t\t}\n\t\t\t#gallery-1 .gallery-caption {\n\t\t\t\tmargin-left: 0;\n\t\t\t}\n\t\t\t\/* see gallery_shortcode() in wp-includes\/media.php *\/\n\t\t<\/style>\n\t\t<div id='gallery-1' class='gallery galleryid-11594 gallery-columns-3 gallery-size-thumbnail'><dl class='gallery-item'>\n\t\t\t<dt class='gallery-icon landscape'>\n\t\t\t\t<a href='https:\/\/sinprofaz.org.br\/2024\/wp-content\/uploads\/2020\/06\/INTERNO.jpeg'><img loading=\"lazy\" decoding=\"async\" width=\"150\" height=\"150\" src=\"https:\/\/sinprofaz.org.br\/2024\/wp-content\/uploads\/2020\/06\/INTERNO-150x150.jpeg\" class=\"attachment-thumbnail size-thumbnail\" alt=\"\" \/><\/a>\n\t\t\t<\/dt><\/dl>\n\t\t\t<br style='clear: both' \/>\n\t\t<\/div>\n\n","protected":false},"excerpt":{"rendered":"<p>O SINPROFAZ, representado por Giuliano Menezes Campos e Hugo Plutarco, participou de videoconfer\u00eancia na quinta-feira (4). Estiveram presentes na reuni\u00e3o virtual as assessorias jur\u00eddicas das demais entidades integrantes do Fonacate.<\/p>\n","protected":false},"author":2,"featured_media":11595,"comment_status":"open","ping_status":"open","sticky":false,"template":"","format":"standard","meta":{"footnotes":""},"categories":[8],"tags":[],"featured_image_url":"https:\/\/sinprofaz.org.br\/2024\/wp-content\/uploads\/2020\/06\/CAPA-e1591618865929.jpeg","character_count":572,"formatted_date":"08\/06\/2020 - 09:38","contentNovo":"O SINPROFAZ, representado pelo diretor-jur\u00eddico, Giuliano Menezes Campos, e pelo advogado Hugo Plutarco, participou de videoconfer\u00eancia na quinta-feira (4). Estiveram presentes na reuni\u00e3o virtual as assessorias jur\u00eddicas das demais entidades sindicais e associativas integrantes do F\u00f3rum Nacional Permanente de Carreiras T\u00edpicas de Estado - Fonacate.  \r\n\r\nVisando \u00e0 atua\u00e7\u00e3o conjunta, as entidades debateram estrat\u00e9gias relativas ao julgamento, no STF, da A\u00e7\u00e3o Cautelar na ADIn sobre o aumento das contribui\u00e7\u00f5es previdenci\u00e1rias e as altera\u00e7\u00f5es nos benef\u00edcios da Funpresp. As mudan\u00e7as pretendidas pela Diretoria Executiva da Funda\u00e7\u00e3o atingem a forma de c\u00e1lculo dos benef\u00edcios de pens\u00e3o por morte e aposentadoria por invalidez, em grave preju\u00edzo aos servidores.\r\n\r\n[gallery link=\"file\" ids=\"11597\"]","_links":{"self":[{"href":"https:\/\/sinprofaz.org.br\/2024\/wp-json\/wp\/v2\/posts\/11594"}],"collection":[{"href":"https:\/\/sinprofaz.org.br\/2024\/wp-json\/wp\/v2\/posts"}],"about":[{"href":"https:\/\/sinprofaz.org.br\/2024\/wp-json\/wp\/v2\/types\/post"}],"author":[{"embeddable":true,"href":"https:\/\/sinprofaz.org.br\/2024\/wp-json\/wp\/v2\/users\/2"}],"replies":[{"embeddable":true,"href":"https:\/\/sinprofaz.org.br\/2024\/wp-json\/wp\/v2\/comments?post=11594"}],"version-history":[{"count":4,"href":"https:\/\/sinprofaz.org.br\/2024\/wp-json\/wp\/v2\/posts\/11594\/revisions"}],"predecessor-version":[{"id":11606,"href":"https:\/\/sinprofaz.org.br\/2024\/wp-json\/wp\/v2\/posts\/11594\/revisions\/11606"}],"wp:featuredmedia":[{"embeddable":true,"href":"https:\/\/sinprofaz.org.br\/2024\/wp-json\/wp\/v2\/media\/11595"}],"wp:attachment":[{"href":"https:\/\/sinprofaz.org.br\/2024\/wp-json\/wp\/v2\/media?parent=11594"}],"wp:term":[{"taxonomy":"category","embeddable":true,"href":"https:\/\/sinprofaz.org.br\/2024\/wp-json\/wp\/v2\/categories?post=11594"},{"taxonomy":"post_tag","embeddable":true,"href":"https:\/\/sinprofaz.org.br\/2024\/wp-json\/wp\/v2\/tags?post=11594"}],"curies":[{"name":"wp","href":"https:\/\/api.w.org\/{rel}","templated":true}]}}