{"id":1156,"date":"2013-02-05T12:50:15","date_gmt":"2013-02-05T12:50:15","guid":{"rendered":""},"modified":"-0001-11-30T00:00:00","modified_gmt":"-0001-11-30T03:00:00","slug":"advogado-publico-nao-pode-ser-multado-ou-preso-por-descumprir-decisao","status":"publish","type":"post","link":"https:\/\/sinprofaz.org.br\/2024\/noticias\/advogado-publico-nao-pode-ser-multado-ou-preso-por-descumprir-decisao\/","title":{"rendered":"Advogado P\u00fablico n\u00e3o pode ser multado ou preso por descumprir decis\u00e3o"},"content":{"rendered":"<p>As penalidades estavam previstas em decis\u00f5es da 2\u00aa Vara C\u00edvel de Ariquemes (RO) e da Comarca de Vilhena (RO) que determinaram as implementa\u00e7\u00f5es imediatas de benef\u00edcios previdenci\u00e1rios a serem arcadas pelos procuradores federais, sob pena de multas.<\/p>\n<p>A Procuradoria-Regional Federal da 1\u00aa Regi\u00e3o entrou com dois recursos no Tribunal Regional Federal da 1\u00aa Regi\u00e3o solicitando o afastamento das penalidades. Foi alegada a inconstitucionalidade da aplica\u00e7\u00e3o de multas em raz\u00e3o de os procuradores apenas representarem judicialmente o Instituto Nacional do Seguro Social, n\u00e3o sendo agente respons\u00e1vel em caso de descumprimento da ordem judicial.<\/p>\n<p>Para a Advocacia Geral da Uni\u00e3o, o risco da puni\u00e7\u00e3o reca\u00eda sobre algo que os procuradores n\u00e3o possu\u00edam a m\u00ednima atribui\u00e7\u00e3o para resolver, considerando que a autarquia previdenci\u00e1ria n\u00e3o sofre qualquer inger\u00eancia de procurador federal.<\/p>\n<p>Os argumentos apresentados nos recursos esclareceram ainda que o TRF-1 tem reconhecido a impossibilidade de aplica\u00e7\u00e3o de multa pessoal a procurador federal em casos similares, em observ\u00e2ncia a manifesta\u00e7\u00e3o do STF na Reclama\u00e7\u00e3o 5.746-RO. Acolhendo os argumentos da PRF-1, os relatores de ambos os recursos afastaram as multas pessoais impostas aos procuradores federais.<\/p>\n<h3>Precedente<\/h3>\n<p>O SINPROFAZ e o Forum Nacional da Advocacia P\u00fablica adotaram esta linha de defesa h\u00e1 muito tempo. Decis\u00e3o proferida ano passado pelo CNJ teve como precedente reclama\u00e7\u00e3o ajuizada pelo Forvm.<\/p>\n<p>A decis\u00e3o do CNJ foi no sentido de recomendar aos magistrados que se eximam de decretar a pris\u00e3o de Advogados P\u00fablicos para for\u00e7ar o cumprimento de decis\u00f5es judiciais por parte dos gestores por eles representados. Entenda o caso acessando o link de not\u00edcia postada \u00e0 \u00e9poca (<a href=\"http:\/\/www.advocaciapublica.com.br\/forum\/noticias\/reclamacao-ajuizada-pelo-forvm-em-2010-foi-o-precedente-para-decisao-do-cnj\" target=\"_blank\">http:\/\/www.advocaciapublica.com.br\/forum\/noticias\/reclamacao-ajuizada-pelo-forvm-em-2010-foi-o-precedente-para-decisao-do-cnj<\/a>).<\/p>\n<p>Ainda nesse sentido, a atua\u00e7\u00e3o do SINPROFAZ, do Forvm e demais entidades da Advocacia P\u00fablica junto \u00e0 Comiss\u00e3o Nacional da Advocacia P\u00fablica da OAB adotou uma s\u00famula que vai ao encontro da defesa dessa importante prerrogativa aos Advogados P\u00fablicos. Segundo a S\u00famula 7: \u201cOs Advogados P\u00fablicos, no exerc\u00edcio de suas atribui\u00e7\u00f5es, n\u00e3o podem ser presos ou responsabilizados pelo descumprimento de decis\u00f5es judiciais. A responsabiliza\u00e7\u00e3o dos gestores n\u00e3o pode ser confundida com a atividade de representa\u00e7\u00e3o judicial e extrajudicial do advogado p\u00fablico\u201d.<\/p>\n","protected":false},"excerpt":{"rendered":"<p>Foi suspensa a previs\u00e3o de multas contra Advogados P\u00fablicos reafirmando a impossibilidade de aplica\u00e7\u00e3o de puni\u00e7\u00f5es por protela\u00e7\u00e3o. Entendimento pode se estender em decreta\u00e7\u00f5es de pris\u00e3o.<\/p>\n","protected":false},"author":1,"featured_media":0,"comment_status":"closed","ping_status":"open","sticky":false,"template":"","format":"standard","meta":{"footnotes":""},"categories":[8],"tags":[],"featured_image_url":"https:\/\/dummyimage.com\/720x400","character_count":1235,"formatted_date":"05\/02\/2013 - 12:50","contentNovo":"\r\n<p>As penalidades estavam previstas em decis\u00f5es da 2\u00aa Vara C\u00edvel de Ariquemes (RO) e da Comarca de Vilhena (RO) que determinaram as implementa\u00e7\u00f5es imediatas de benef\u00edcios previdenci\u00e1rios a serem arcadas pelos procuradores federais, sob pena de multas.<\/p>\r\n<p>A Procuradoria-Regional Federal da 1\u00aa Regi\u00e3o entrou com dois recursos no Tribunal Regional Federal da 1\u00aa Regi\u00e3o solicitando o afastamento das penalidades. Foi alegada a inconstitucionalidade da aplica\u00e7\u00e3o de multas em raz\u00e3o de os procuradores apenas representarem judicialmente o Instituto Nacional do Seguro Social, n\u00e3o sendo agente respons\u00e1vel em caso de descumprimento da ordem judicial.<\/p>\r\n<p>Para a Advocacia Geral da Uni\u00e3o, o risco da puni\u00e7\u00e3o reca\u00eda sobre algo que os procuradores n\u00e3o possu\u00edam a m\u00ednima atribui\u00e7\u00e3o para resolver, considerando que a autarquia previdenci\u00e1ria n\u00e3o sofre qualquer inger\u00eancia de procurador federal.<\/p>\r\n<p>Os argumentos apresentados nos recursos esclareceram ainda que o TRF-1 tem reconhecido a impossibilidade de aplica\u00e7\u00e3o de multa pessoal a procurador federal em casos similares, em observ\u00e2ncia a manifesta\u00e7\u00e3o do STF na Reclama\u00e7\u00e3o 5.746-RO. Acolhendo os argumentos da PRF-1, os relatores de ambos os recursos afastaram as multas pessoais impostas aos procuradores federais.<\/p>\r\nPrecedente\r\n<p>O SINPROFAZ e o Forum Nacional da Advocacia P\u00fablica adotaram esta linha de defesa h\u00e1 muito tempo. Decis\u00e3o proferida ano passado pelo CNJ teve como precedente reclama\u00e7\u00e3o ajuizada pelo Forvm.<\/p>\r\n<p>A decis\u00e3o do CNJ foi no sentido de recomendar aos magistrados que se eximam de decretar a pris\u00e3o de Advogados P\u00fablicos para for\u00e7ar o cumprimento de decis\u00f5es judiciais por parte dos gestores por eles representados. Entenda o caso acessando o link de not\u00edcia postada \u00e0 \u00e9poca (<a href=\"http:\/\/www.advocaciapublica.com.br\/forum\/noticias\/reclamacao-ajuizada-pelo-forvm-em-2010-foi-o-precedente-para-decisao-do-cnj\" target=\"_blank\">http:\/\/www.advocaciapublica.com.br\/forum\/noticias\/reclamacao-ajuizada-pelo-forvm-em-2010-foi-o-precedente-para-decisao-do-cnj<\/a>).<\/p>\r\n<p>Ainda nesse sentido, a atua\u00e7\u00e3o do SINPROFAZ, do Forvm e demais entidades da Advocacia P\u00fablica junto \u00e0 Comiss\u00e3o Nacional da Advocacia P\u00fablica da OAB adotou uma s\u00famula que vai ao encontro da defesa dessa importante prerrogativa aos Advogados P\u00fablicos. Segundo a S\u00famula 7: \u201cOs Advogados P\u00fablicos, no exerc\u00edcio de suas atribui\u00e7\u00f5es, n\u00e3o podem ser presos ou responsabilizados pelo descumprimento de decis\u00f5es judiciais. A responsabiliza\u00e7\u00e3o dos gestores n\u00e3o pode ser confundida com a atividade de representa\u00e7\u00e3o judicial e extrajudicial do advogado p\u00fablico\u201d.<\/p>","_links":{"self":[{"href":"https:\/\/sinprofaz.org.br\/2024\/wp-json\/wp\/v2\/posts\/1156"}],"collection":[{"href":"https:\/\/sinprofaz.org.br\/2024\/wp-json\/wp\/v2\/posts"}],"about":[{"href":"https:\/\/sinprofaz.org.br\/2024\/wp-json\/wp\/v2\/types\/post"}],"author":[{"embeddable":true,"href":"https:\/\/sinprofaz.org.br\/2024\/wp-json\/wp\/v2\/users\/1"}],"replies":[{"embeddable":true,"href":"https:\/\/sinprofaz.org.br\/2024\/wp-json\/wp\/v2\/comments?post=1156"}],"version-history":[{"count":0,"href":"https:\/\/sinprofaz.org.br\/2024\/wp-json\/wp\/v2\/posts\/1156\/revisions"}],"wp:attachment":[{"href":"https:\/\/sinprofaz.org.br\/2024\/wp-json\/wp\/v2\/media?parent=1156"}],"wp:term":[{"taxonomy":"category","embeddable":true,"href":"https:\/\/sinprofaz.org.br\/2024\/wp-json\/wp\/v2\/categories?post=1156"},{"taxonomy":"post_tag","embeddable":true,"href":"https:\/\/sinprofaz.org.br\/2024\/wp-json\/wp\/v2\/tags?post=1156"}],"curies":[{"name":"wp","href":"https:\/\/api.w.org\/{rel}","templated":true}]}}