{"id":11538,"date":"2020-05-22T18:11:31","date_gmt":"2020-05-22T21:11:31","guid":{"rendered":"http:\/\/www.sinprofaz.org.br\/?p=11538"},"modified":"2020-05-26T10:38:57","modified_gmt":"2020-05-26T13:38:57","slug":"dirigentes-do-sinprofaz-se-reunem-com-filiado-jose-levi-advogado-geral-da-uniao","status":"publish","type":"post","link":"https:\/\/sinprofaz.org.br\/2024\/noticias\/dirigentes-do-sinprofaz-se-reunem-com-filiado-jose-levi-advogado-geral-da-uniao\/","title":{"rendered":"DIRIGENTES DO SINPROFAZ SE RE\u00daNEM COM FILIADO JOS\u00c9 LEVI, ADVOGADO-GERAL DA UNI\u00c3O"},"content":{"rendered":"<p>O SINPROFAZ, representado pelo presidente Jos\u00e9 Ernane Brito, pelo vice-presidente Roberto Rodrigues e pelo diretor Achilles Frias, esteve reunido hoje (22) com Jos\u00e9 Levi, ex-procurador-geral da Fazenda Nacional recentemente empossado advogado-geral da Uni\u00e3o. O encontro ocorreu na sede da AGU, em Bras\u00edlia\/DF, e contou tamb\u00e9m com as presen\u00e7as dos PFNs Fabr\u00edcio Da Soller, adjunto do advogado-geral da Uni\u00e3o, e Fernanda Vilares, assessora especial.<\/p>\n<p>Pautas pertinentes \u00e0 Carreira e \u00e0 rotina laboral dos procuradores da Fazenda Nacional foram discutidas na ocasi\u00e3o. Os dirigentes do SINPROFAZ levaram ao AGU a quest\u00e3o da sobrecarga de trabalho a que est\u00e3o submetidos os PFNs, os quais incorrem em desvio de fun\u00e7\u00e3o ao realizarem atividades meramente administrativas \u2013 situa\u00e7\u00e3o agravada ainda pela perda dos estagi\u00e1rios e pela hist\u00f3rica car\u00eancia de carreira de apoio. Segundo os representantes do SINPROFAZ, \u00e9 importante que a Corregedoria esteja ciente dessa situa\u00e7\u00e3o de desgaste dos procuradores da Fazenda Nacional.<\/p>\n<p>O sentimento de pertencimento dos PFNs em rela\u00e7\u00e3o \u00e0 Advocacia-Geral da Uni\u00e3o tamb\u00e9m foi debatido. Sabe-se que houve avan\u00e7os em rela\u00e7\u00e3o ao tema \u2013 a admiss\u00e3o dos procuradores da Fazenda Nacional nos cursos ofertados pela Escola da AGU \u00e9 um exemplo. O fato de a Carreira, entretanto, n\u00e3o ter tido acesso \u00e0 apresenta\u00e7\u00e3o de Jos\u00e9 Levi na oportunidade da nomea\u00e7\u00e3o \u2013 o v\u00eddeo s\u00f3 foi assistido por aqueles que tinham e-mails institucionais da AGU \u2013 deixou evidente que ainda existem obst\u00e1culos \u00e0 plena integra\u00e7\u00e3o.<\/p>\n<p>O di\u00e1logo, a parceria e o trabalho conjunto entre o SINPROFAZ e o novo AGU s\u00e3o anteriores \u00e0 gest\u00e3o de Jos\u00e9 Levi \u00e0 frente da Advocacia-Geral da Uni\u00e3o e da Procuradoria-Geral da Fazenda Nacional. Filiado ao Sindicato, o PFN foi figura conciliadora decisiva durante o Movimento de Entrega de Cargos em 2015 e, enquanto procurador-geral, diversas vezes lan\u00e7ou m\u00e3o da capilaridade do SINPROFAZ para ouvir demandas e sugest\u00f5es dos Colegas de todo o pa\u00eds. A defesa de prerrogativa da Advocacia P\u00fablica \u2013 tema t\u00e3o caro \u00e0 Carreira \u2013 foi prioridade de Levi na PGFN e ser\u00e1 tamb\u00e9m na AGU.<\/p>\n<p>Conforme a reuni\u00e3o realizada nesta sexta-feira, a parceria deve continuar, agora com Jos\u00e9 Levi \u00e0 frente da Advocacia-Geral da Uni\u00e3o \u2013 nomea\u00e7\u00e3o recebida pela Carreira com grande felicidade e orgulho e compreendida pelo SINPROFAZ como oportunidade \u00edmpar para fortalecimento da Procuradoria da Fazenda Nacional e da Advocacia de Estado. O SINPROFAZ se compromete com os filiados a ser canal de comunica\u00e7\u00e3o entre os procuradores da Fazenda Nacional e a equipe de dirigentes da AGU e deseja muito sucesso \u00e0 gest\u00e3o do Colega.<\/p>\n\n\t\t<style type=\"text\/css\">\n\t\t\t#gallery-1 {\n\t\t\t\tmargin: auto;\n\t\t\t}\n\t\t\t#gallery-1 .gallery-item {\n\t\t\t\tfloat: left;\n\t\t\t\tmargin-top: 10px;\n\t\t\t\ttext-align: center;\n\t\t\t\twidth: 33%;\n\t\t\t}\n\t\t\t#gallery-1 img {\n\t\t\t\tborder: 2px solid #cfcfcf;\n\t\t\t}\n\t\t\t#gallery-1 .gallery-caption {\n\t\t\t\tmargin-left: 0;\n\t\t\t}\n\t\t\t\/* see gallery_shortcode() in wp-includes\/media.php *\/\n\t\t<\/style>\n\t\t<div id='gallery-1' class='gallery galleryid-11538 gallery-columns-3 gallery-size-thumbnail'><dl class='gallery-item'>\n\t\t\t<dt class='gallery-icon landscape'>\n\t\t\t\t<a href='https:\/\/sinprofaz.org.br\/2024\/wp-content\/uploads\/2020\/05\/2-1.jpg'><img loading=\"lazy\" decoding=\"async\" width=\"150\" height=\"150\" src=\"https:\/\/sinprofaz.org.br\/2024\/wp-content\/uploads\/2020\/05\/2-1-150x150.jpg\" class=\"attachment-thumbnail size-thumbnail\" alt=\"\" \/><\/a>\n\t\t\t<\/dt><\/dl><dl class='gallery-item'>\n\t\t\t<dt class='gallery-icon landscape'>\n\t\t\t\t<a href='https:\/\/sinprofaz.org.br\/2024\/wp-content\/uploads\/2020\/05\/3.jpg'><img loading=\"lazy\" decoding=\"async\" width=\"150\" height=\"150\" src=\"https:\/\/sinprofaz.org.br\/2024\/wp-content\/uploads\/2020\/05\/3-150x150.jpg\" class=\"attachment-thumbnail size-thumbnail\" alt=\"\" \/><\/a>\n\t\t\t<\/dt><\/dl><dl class='gallery-item'>\n\t\t\t<dt class='gallery-icon landscape'>\n\t\t\t\t<a href='https:\/\/sinprofaz.org.br\/2024\/wp-content\/uploads\/2020\/05\/4.jpg'><img loading=\"lazy\" decoding=\"async\" width=\"150\" height=\"150\" src=\"https:\/\/sinprofaz.org.br\/2024\/wp-content\/uploads\/2020\/05\/4-150x150.jpg\" class=\"attachment-thumbnail size-thumbnail\" alt=\"\" \/><\/a>\n\t\t\t<\/dt><\/dl><br style=\"clear: both\" \/><dl class='gallery-item'>\n\t\t\t<dt class='gallery-icon landscape'>\n\t\t\t\t<a href='https:\/\/sinprofaz.org.br\/2024\/wp-content\/uploads\/2020\/05\/5.jpg'><img loading=\"lazy\" decoding=\"async\" width=\"150\" height=\"150\" src=\"https:\/\/sinprofaz.org.br\/2024\/wp-content\/uploads\/2020\/05\/5-150x150.jpg\" class=\"attachment-thumbnail size-thumbnail\" alt=\"\" \/><\/a>\n\t\t\t<\/dt><\/dl><dl class='gallery-item'>\n\t\t\t<dt class='gallery-icon landscape'>\n\t\t\t\t<a href='https:\/\/sinprofaz.org.br\/2024\/wp-content\/uploads\/2020\/05\/6.jpg'><img loading=\"lazy\" decoding=\"async\" width=\"150\" height=\"150\" src=\"https:\/\/sinprofaz.org.br\/2024\/wp-content\/uploads\/2020\/05\/6-150x150.jpg\" class=\"attachment-thumbnail size-thumbnail\" alt=\"\" \/><\/a>\n\t\t\t<\/dt><\/dl><dl class='gallery-item'>\n\t\t\t<dt class='gallery-icon landscape'>\n\t\t\t\t<a href='https:\/\/sinprofaz.org.br\/2024\/wp-content\/uploads\/2020\/05\/7.jpg'><img loading=\"lazy\" decoding=\"async\" width=\"150\" height=\"150\" src=\"https:\/\/sinprofaz.org.br\/2024\/wp-content\/uploads\/2020\/05\/7-150x150.jpg\" class=\"attachment-thumbnail size-thumbnail\" alt=\"\" \/><\/a>\n\t\t\t<\/dt><\/dl><br style=\"clear: both\" \/><dl class='gallery-item'>\n\t\t\t<dt class='gallery-icon landscape'>\n\t\t\t\t<a href='https:\/\/sinprofaz.org.br\/2024\/wp-content\/uploads\/2020\/05\/8.jpg'><img loading=\"lazy\" decoding=\"async\" width=\"150\" height=\"150\" src=\"https:\/\/sinprofaz.org.br\/2024\/wp-content\/uploads\/2020\/05\/8-150x150.jpg\" class=\"attachment-thumbnail size-thumbnail\" alt=\"\" \/><\/a>\n\t\t\t<\/dt><\/dl>\n\t\t\t<br style='clear: both' \/>\n\t\t<\/div>\n\n","protected":false},"excerpt":{"rendered":"<p>O presidente Jos\u00e9 Ernane Brito, o vice-presidente Roberto Rodrigues e o diretor Achilles Frias estiveram reunidos hoje (22) com Jos\u00e9 Levi. O encontro contou com as presen\u00e7as de Fabr\u00edcio Da Soller e Fernanda Vilares.<\/p>\n","protected":false},"author":2,"featured_media":11552,"comment_status":"open","ping_status":"open","sticky":false,"template":"","format":"standard","meta":{"footnotes":""},"categories":[8],"tags":[43,32,25],"featured_image_url":"https:\/\/sinprofaz.org.br\/2024\/wp-content\/uploads\/2020\/05\/1-2.jpg","character_count":1568,"formatted_date":"22\/05\/2020 - 18:11","contentNovo":"O SINPROFAZ, representado pelo presidente Jos\u00e9 Ernane Brito, pelo vice-presidente Roberto Rodrigues e pelo diretor Achilles Frias, esteve reunido hoje (22) com Jos\u00e9 Levi, ex-procurador-geral da Fazenda Nacional recentemente empossado advogado-geral da Uni\u00e3o. O encontro ocorreu na sede da AGU, em Bras\u00edlia\/DF, e contou tamb\u00e9m com as presen\u00e7as dos PFNs Fabr\u00edcio Da Soller, adjunto do advogado-geral da Uni\u00e3o, e Fernanda Vilares, assessora especial.\r\n\r\nPautas pertinentes \u00e0 Carreira e \u00e0 rotina laboral dos procuradores da Fazenda Nacional foram discutidas na ocasi\u00e3o. Os dirigentes do SINPROFAZ levaram ao AGU a quest\u00e3o da sobrecarga de trabalho a que est\u00e3o submetidos os PFNs, os quais incorrem em desvio de fun\u00e7\u00e3o ao realizarem atividades meramente administrativas \u2013 situa\u00e7\u00e3o agravada ainda pela perda dos estagi\u00e1rios e pela hist\u00f3rica car\u00eancia de carreira de apoio. Segundo os representantes do SINPROFAZ, \u00e9 importante que a Corregedoria esteja ciente dessa situa\u00e7\u00e3o de desgaste dos procuradores da Fazenda Nacional.\r\n\r\nO sentimento de pertencimento dos PFNs em rela\u00e7\u00e3o \u00e0 Advocacia-Geral da Uni\u00e3o tamb\u00e9m foi debatido. Sabe-se que houve avan\u00e7os em rela\u00e7\u00e3o ao tema \u2013 a admiss\u00e3o dos procuradores da Fazenda Nacional nos cursos ofertados pela Escola da AGU \u00e9 um exemplo. O fato de a Carreira, entretanto, n\u00e3o ter tido acesso \u00e0 apresenta\u00e7\u00e3o de Jos\u00e9 Levi na oportunidade da nomea\u00e7\u00e3o \u2013 o v\u00eddeo s\u00f3 foi assistido por aqueles que tinham e-mails institucionais da AGU \u2013 deixou evidente que ainda existem obst\u00e1culos \u00e0 plena integra\u00e7\u00e3o.\r\n\r\nO di\u00e1logo, a parceria e o trabalho conjunto entre o SINPROFAZ e o novo AGU s\u00e3o anteriores \u00e0 gest\u00e3o de Jos\u00e9 Levi \u00e0 frente da Advocacia-Geral da Uni\u00e3o e da Procuradoria-Geral da Fazenda Nacional. Filiado ao Sindicato, o PFN foi figura conciliadora decisiva durante o Movimento de Entrega de Cargos em 2015 e, enquanto procurador-geral, diversas vezes lan\u00e7ou m\u00e3o da capilaridade do SINPROFAZ para ouvir demandas e sugest\u00f5es dos Colegas de todo o pa\u00eds. A defesa de prerrogativa da Advocacia P\u00fablica \u2013 tema t\u00e3o caro \u00e0 Carreira \u2013 foi prioridade de Levi na PGFN e ser\u00e1 tamb\u00e9m na AGU.\r\n\r\nConforme a reuni\u00e3o realizada nesta sexta-feira, a parceria deve continuar, agora com Jos\u00e9 Levi \u00e0 frente da Advocacia-Geral da Uni\u00e3o \u2013 nomea\u00e7\u00e3o recebida pela Carreira com grande felicidade e orgulho e compreendida pelo SINPROFAZ como oportunidade \u00edmpar para fortalecimento da Procuradoria da Fazenda Nacional e da Advocacia de Estado. O SINPROFAZ se compromete com os filiados a ser canal de comunica\u00e7\u00e3o entre os procuradores da Fazenda Nacional e a equipe de dirigentes da AGU e deseja muito sucesso \u00e0 gest\u00e3o do Colega.\r\n\r\n[gallery link=\"file\" ids=\"11548,11543,11544,11545,11546,11549,11550\"]","_links":{"self":[{"href":"https:\/\/sinprofaz.org.br\/2024\/wp-json\/wp\/v2\/posts\/11538"}],"collection":[{"href":"https:\/\/sinprofaz.org.br\/2024\/wp-json\/wp\/v2\/posts"}],"about":[{"href":"https:\/\/sinprofaz.org.br\/2024\/wp-json\/wp\/v2\/types\/post"}],"author":[{"embeddable":true,"href":"https:\/\/sinprofaz.org.br\/2024\/wp-json\/wp\/v2\/users\/2"}],"replies":[{"embeddable":true,"href":"https:\/\/sinprofaz.org.br\/2024\/wp-json\/wp\/v2\/comments?post=11538"}],"version-history":[{"count":5,"href":"https:\/\/sinprofaz.org.br\/2024\/wp-json\/wp\/v2\/posts\/11538\/revisions"}],"predecessor-version":[{"id":11561,"href":"https:\/\/sinprofaz.org.br\/2024\/wp-json\/wp\/v2\/posts\/11538\/revisions\/11561"}],"wp:featuredmedia":[{"embeddable":true,"href":"https:\/\/sinprofaz.org.br\/2024\/wp-json\/wp\/v2\/media\/11552"}],"wp:attachment":[{"href":"https:\/\/sinprofaz.org.br\/2024\/wp-json\/wp\/v2\/media?parent=11538"}],"wp:term":[{"taxonomy":"category","embeddable":true,"href":"https:\/\/sinprofaz.org.br\/2024\/wp-json\/wp\/v2\/categories?post=11538"},{"taxonomy":"post_tag","embeddable":true,"href":"https:\/\/sinprofaz.org.br\/2024\/wp-json\/wp\/v2\/tags?post=11538"}],"curies":[{"name":"wp","href":"https:\/\/api.w.org\/{rel}","templated":true}]}}