{"id":11509,"date":"2020-05-12T15:30:16","date_gmt":"2020-05-12T18:30:16","guid":{"rendered":"http:\/\/www.sinprofaz.org.br\/?p=11509"},"modified":"2020-05-13T14:14:27","modified_gmt":"2020-05-13T17:14:27","slug":"sinprofaz-lanca-coletanea-de-monografias-premiadas-2","status":"publish","type":"post","link":"https:\/\/sinprofaz.org.br\/2024\/noticias\/sinprofaz-lanca-coletanea-de-monografias-premiadas-2\/","title":{"rendered":"SINPROFAZ LAN\u00c7A COLET\u00c2NEA DE MONOGRAFIAS PREMIADAS"},"content":{"rendered":"<p>Incentivar a produ\u00e7\u00e3o de conhecimento por parte dos Procuradores da Fazenda Nacional \u00e9 uma pr\u00e1tica do SINPROFAZ. Ao passo que prop\u00f5e a pesquisa e a reda\u00e7\u00e3o de artigos e monografias, o SINPROFAZ se compromete a dar visibilidade \u00e0 produ\u00e7\u00e3o cient\u00edfica da Carreira. \u00c9 com esse intuito que o Sindicato lan\u00e7a hoje a Colet\u00e2nea de Trabalhos Premiados no 2\u00ba, 3\u00ba e 4\u00ba Concursos de Monografias do SINPROFAZ. Trata-se de Edi\u00e7\u00e3o Especial da Revista dos Procuradores da Fazenda Nacional com a reuni\u00e3o dos estudos vencedores nos Concursos promovidos de 2017 a 2019.<\/p>\n<p>Na oportunidade deste lan\u00e7amento, o SINPROFAZ homenageia os Professores que compuseram as Bancas Examinadoras respons\u00e1veis pela avalia\u00e7\u00e3o das monografias nas tr\u00eas edi\u00e7\u00f5es do Concurso. Aos Doutores Adilson Rodrigues Pires, Denise Lucena Cavalcante, Marcelo da Costa Pinto Neves, Maria Lucia de Paula Oliveira e Ricardo Lodi Ribeiro, nossos parab\u00e9ns e sincero reconhecimento. Sem o comprometimento e o conhecimento dos senhores, nossos Concursos de Monografias n\u00e3o teriam alcan\u00e7ado o mesmo \u00eaxito.<\/p>\n<p>Da mesma forma, registramos nossos agradecimentos aos Procuradores da Fazenda Nacional que, a partir de suas contribui\u00e7\u00f5es, tornaram os Concursos poss\u00edveis. Nossas congratula\u00e7\u00f5es aos ilustr\u00edssimos Colegas premiados Agostinho do Nascimento Netto, Anderson Ricardo Gomes, Daniel Giotti de Paula, Daniel Vieira Marins, Jo\u00e3o Aurino de Melo Filho, Jos\u00e9 Leite dos Santos Neto, Marcelo Cl\u00e1udio Fausto Maia, Marcelo Polo, Rafael Pedroso Colembergue e Vinicius Garcia, assim como a todos aqueles que concorreram com monografias in\u00e9ditas nas tr\u00eas edi\u00e7\u00f5es do Concurso.<\/p>\n<p>Acesse a vers\u00e3o digital da Colet\u00e2nea de Trabalhos Premiados no 2\u00ba, 3\u00ba e 4\u00ba Concursos de Monografias do SINPROFAZ: <a href=\"https:\/\/www.sinprofaz.org.br\/pdfs\/coletanea-sinprofaz.pdf\">bit.ly\/Colet\u00e2neaSINPROFAZ<\/a><\/p>\n","protected":false},"excerpt":{"rendered":"<p>O Sindicato lan\u00e7a hoje a Colet\u00e2nea de Trabalhos Premiados no 2\u00ba, 3\u00ba e 4\u00ba Concursos de Monografias do SINPROFAZ. Trata-se de Edi\u00e7\u00e3o Especial da Revista dos Procuradores da Fazenda Nacional com a reuni\u00e3o dos estudos vencedores.<\/p>\n","protected":false},"author":2,"featured_media":11522,"comment_status":"open","ping_status":"open","sticky":false,"template":"","format":"standard","meta":{"footnotes":""},"categories":[8],"tags":[32,63,146,25],"featured_image_url":"https:\/\/sinprofaz.org.br\/2024\/wp-content\/uploads\/2020\/05\/nota-sinprofaz.jpg","character_count":897,"formatted_date":"12\/05\/2020 - 15:30","contentNovo":"Incentivar a produ\u00e7\u00e3o de conhecimento por parte dos Procuradores da Fazenda Nacional \u00e9 uma pr\u00e1tica do SINPROFAZ. Ao passo que prop\u00f5e a pesquisa e a reda\u00e7\u00e3o de artigos e monografias, o SINPROFAZ se compromete a dar visibilidade \u00e0 produ\u00e7\u00e3o cient\u00edfica da Carreira. \u00c9 com esse intuito que o Sindicato lan\u00e7a hoje a Colet\u00e2nea de Trabalhos Premiados no 2\u00ba, 3\u00ba e 4\u00ba Concursos de Monografias do SINPROFAZ. Trata-se de Edi\u00e7\u00e3o Especial da Revista dos Procuradores da Fazenda Nacional com a reuni\u00e3o dos estudos vencedores nos Concursos promovidos de 2017 a 2019.\r\n\r\nNa oportunidade deste lan\u00e7amento, o SINPROFAZ homenageia os Professores que compuseram as Bancas Examinadoras respons\u00e1veis pela avalia\u00e7\u00e3o das monografias nas tr\u00eas edi\u00e7\u00f5es do Concurso. Aos Doutores Adilson Rodrigues Pires, Denise Lucena Cavalcante, Marcelo da Costa Pinto Neves, Maria Lucia de Paula Oliveira e Ricardo Lodi Ribeiro, nossos parab\u00e9ns e sincero reconhecimento. Sem o comprometimento e o conhecimento dos senhores, nossos Concursos de Monografias n\u00e3o teriam alcan\u00e7ado o mesmo \u00eaxito.\r\n\r\nDa mesma forma, registramos nossos agradecimentos aos Procuradores da Fazenda Nacional que, a partir de suas contribui\u00e7\u00f5es, tornaram os Concursos poss\u00edveis. Nossas congratula\u00e7\u00f5es aos ilustr\u00edssimos Colegas premiados Agostinho do Nascimento Netto, Anderson Ricardo Gomes, Daniel Giotti de Paula, Daniel Vieira Marins, Jo\u00e3o Aurino de Melo Filho, Jos\u00e9 Leite dos Santos Neto, Marcelo Cl\u00e1udio Fausto Maia, Marcelo Polo, Rafael Pedroso Colembergue e Vinicius Garcia, assim como a todos aqueles que concorreram com monografias in\u00e9ditas nas tr\u00eas edi\u00e7\u00f5es do Concurso.\r\n\r\nAcesse a vers\u00e3o digital da Colet\u00e2nea de Trabalhos Premiados no 2\u00ba, 3\u00ba e 4\u00ba Concursos de Monografias do SINPROFAZ: <a href=\"https:\/\/www.sinprofaz.org.br\/pdfs\/coletanea-sinprofaz.pdf\">bit.ly\/Colet\u00e2neaSINPROFAZ<\/a>","_links":{"self":[{"href":"https:\/\/sinprofaz.org.br\/2024\/wp-json\/wp\/v2\/posts\/11509"}],"collection":[{"href":"https:\/\/sinprofaz.org.br\/2024\/wp-json\/wp\/v2\/posts"}],"about":[{"href":"https:\/\/sinprofaz.org.br\/2024\/wp-json\/wp\/v2\/types\/post"}],"author":[{"embeddable":true,"href":"https:\/\/sinprofaz.org.br\/2024\/wp-json\/wp\/v2\/users\/2"}],"replies":[{"embeddable":true,"href":"https:\/\/sinprofaz.org.br\/2024\/wp-json\/wp\/v2\/comments?post=11509"}],"version-history":[{"count":1,"href":"https:\/\/sinprofaz.org.br\/2024\/wp-json\/wp\/v2\/posts\/11509\/revisions"}],"predecessor-version":[{"id":11511,"href":"https:\/\/sinprofaz.org.br\/2024\/wp-json\/wp\/v2\/posts\/11509\/revisions\/11511"}],"wp:featuredmedia":[{"embeddable":true,"href":"https:\/\/sinprofaz.org.br\/2024\/wp-json\/wp\/v2\/media\/11522"}],"wp:attachment":[{"href":"https:\/\/sinprofaz.org.br\/2024\/wp-json\/wp\/v2\/media?parent=11509"}],"wp:term":[{"taxonomy":"category","embeddable":true,"href":"https:\/\/sinprofaz.org.br\/2024\/wp-json\/wp\/v2\/categories?post=11509"},{"taxonomy":"post_tag","embeddable":true,"href":"https:\/\/sinprofaz.org.br\/2024\/wp-json\/wp\/v2\/tags?post=11509"}],"curies":[{"name":"wp","href":"https:\/\/api.w.org\/{rel}","templated":true}]}}