{"id":1150,"date":"2013-01-25T10:48:25","date_gmt":"2013-01-25T10:48:25","guid":{"rendered":""},"modified":"-0001-11-30T00:00:00","modified_gmt":"-0001-11-30T03:00:00","slug":"sociedade-brasileira-de-direito-tributario","status":"publish","type":"post","link":"https:\/\/sinprofaz.org.br\/2024\/noticias\/sociedade-brasileira-de-direito-tributario\/","title":{"rendered":"Sociedade Brasileira de Direito Tribut\u00e1rio"},"content":{"rendered":"<p>No \u00faltimo dia 19 de dezembro, foi fundada a Sociedade Brasileira de Direito Tribut\u00e1rio &#8211; SBDT, sob a presid\u00eancia do ex-PFN e professor Ricardo Lodi Ribeiro e a presid\u00eancia de honra do professor Ricardo Lobo Torres.<\/p>\n<p>O objetivo da SBDT \u00e9 o estudo do Direito Tribut\u00e1rio sob uma perspectiva aberta aos valores e princ\u00edpios e voltada para a discuss\u00e3o dos problemas fiscais dos v\u00e1rios segmentos da sociedade brasileira.<\/p>\n<p>Na diretoria da entidade sem fins lucrativos h\u00e1 tr\u00eas PFNs: Ronaldo Campos e Silva, Marcus Vin\u00edcius Cardoso Barbosa e Julio Cesar Santiago. Al\u00e9m deles, outros colegas PFNs j\u00e1 est\u00e3o postulando inscri\u00e7\u00e3o na sociedade.<\/p>\n<p>A SBDT se prop\u00f5e ainda a realizar eventos, congressos, grupos de estudo e publica\u00e7\u00f5es na \u00e1rea, inclusive uma revista peri\u00f3dica de artigos cient\u00edficos.<\/p>\n<p>As inscri\u00e7\u00f5es podem ser feitas pelo e-mail <a href=\"mailto:http:\/\/www.sbdt.net\/\">cadastro@sbdt.net<\/a>, ou pelo site <a href=\"http:\/\/www.sbdt.net\/\" target=\"_blank\">http:\/\/www.sbdt.net\/<\/a>. De acordo com o Estatuto da SBDT, aqueles que se associarem nos primeiros 180 dias de funda\u00e7\u00e3o s\u00e3o considerados s\u00f3cios fundadores. Este prazo se encerrar\u00e1 em 19 de junho.<\/p>\n","protected":false},"excerpt":{"rendered":"<p>Entidade promover\u00e1 estudo do Direito Tribut\u00e1rio sob perspectiva aberta aos valores e princ\u00edpios. Tr\u00eas PFNs integram diretoria.<\/p>\n","protected":false},"author":1,"featured_media":0,"comment_status":"closed","ping_status":"open","sticky":false,"template":"","format":"standard","meta":{"footnotes":""},"categories":[8],"tags":[],"featured_image_url":"https:\/\/dummyimage.com\/720x400","character_count":542,"formatted_date":"25\/01\/2013 - 10:48","contentNovo":"\r\n<p>No \u00faltimo dia 19 de dezembro, foi fundada a Sociedade Brasileira de Direito Tribut\u00e1rio - SBDT, sob a presid\u00eancia do ex-PFN e professor Ricardo Lodi Ribeiro e a presid\u00eancia de honra do professor Ricardo Lobo Torres.<\/p>\r\n<p>O objetivo da SBDT \u00e9 o estudo do Direito Tribut\u00e1rio sob uma perspectiva aberta aos valores e princ\u00edpios e voltada para a discuss\u00e3o dos problemas fiscais dos v\u00e1rios segmentos da sociedade brasileira.<\/p>\r\n<p>Na diretoria da entidade sem fins lucrativos h\u00e1 tr\u00eas PFNs: Ronaldo Campos e Silva, Marcus Vin\u00edcius Cardoso Barbosa e Julio Cesar Santiago. Al\u00e9m deles, outros colegas PFNs j\u00e1 est\u00e3o postulando inscri\u00e7\u00e3o na sociedade.<\/p>\r\n<p>A SBDT se prop\u00f5e ainda a realizar eventos, congressos, grupos de estudo e publica\u00e7\u00f5es na \u00e1rea, inclusive uma revista peri\u00f3dica de artigos cient\u00edficos.<\/p>\r\n<p>As inscri\u00e7\u00f5es podem ser feitas pelo e-mail <a href=\"mailto:http:\/\/www.sbdt.net\/\">cadastro@sbdt.net<\/a>, ou pelo site <a href=\"http:\/\/www.sbdt.net\/\" target=\"_blank\">http:\/\/www.sbdt.net\/<\/a>. De acordo com o Estatuto da SBDT, aqueles que se associarem nos primeiros 180 dias de funda\u00e7\u00e3o s\u00e3o considerados s\u00f3cios fundadores. Este prazo se encerrar\u00e1 em 19 de junho.<\/p>","_links":{"self":[{"href":"https:\/\/sinprofaz.org.br\/2024\/wp-json\/wp\/v2\/posts\/1150"}],"collection":[{"href":"https:\/\/sinprofaz.org.br\/2024\/wp-json\/wp\/v2\/posts"}],"about":[{"href":"https:\/\/sinprofaz.org.br\/2024\/wp-json\/wp\/v2\/types\/post"}],"author":[{"embeddable":true,"href":"https:\/\/sinprofaz.org.br\/2024\/wp-json\/wp\/v2\/users\/1"}],"replies":[{"embeddable":true,"href":"https:\/\/sinprofaz.org.br\/2024\/wp-json\/wp\/v2\/comments?post=1150"}],"version-history":[{"count":0,"href":"https:\/\/sinprofaz.org.br\/2024\/wp-json\/wp\/v2\/posts\/1150\/revisions"}],"wp:attachment":[{"href":"https:\/\/sinprofaz.org.br\/2024\/wp-json\/wp\/v2\/media?parent=1150"}],"wp:term":[{"taxonomy":"category","embeddable":true,"href":"https:\/\/sinprofaz.org.br\/2024\/wp-json\/wp\/v2\/categories?post=1150"},{"taxonomy":"post_tag","embeddable":true,"href":"https:\/\/sinprofaz.org.br\/2024\/wp-json\/wp\/v2\/tags?post=1150"}],"curies":[{"name":"wp","href":"https:\/\/api.w.org\/{rel}","templated":true}]}}