{"id":11495,"date":"2020-05-06T08:47:59","date_gmt":"2020-05-06T11:47:59","guid":{"rendered":"http:\/\/www.sinprofaz.org.br\/?p=11495"},"modified":"2020-05-08T18:06:16","modified_gmt":"2020-05-08T21:06:16","slug":"em-reuniao-virtual-entidades-discutem-temas-pertinentes-a-advocacia-publica-federal","status":"publish","type":"post","link":"https:\/\/sinprofaz.org.br\/2024\/noticias\/em-reuniao-virtual-entidades-discutem-temas-pertinentes-a-advocacia-publica-federal\/","title":{"rendered":"EM REUNI\u00c3O, ENTIDADES DISCUTEM TEMAS PERTINENTES \u00c0 ADVOCACIA P\u00daBLICA FEDERAL"},"content":{"rendered":"<p>O SINPROFAZ, representado pelo presidente Jos\u00e9 Ernane Brito e pelo diretor Achilles Frias, esteve reunido virtualmente com o assessor institucional da Advocacia-Geral da Uni\u00e3o, Paulo Kuhn. Representantes de ANAFE, ANAJUR, ANAUNI e ANPPREV tamb\u00e9m participaram da videoconfer\u00eancia dessa ter\u00e7a-feira (5).<\/p>\n<p>Ao longo da reuni\u00e3o, Paulo Kuhn fez uma apresenta\u00e7\u00e3o a respeito do trabalho que sua equipe vem desenvolvendo \u00e0 frente da AGU. Juntamente com o assessor, as entidades debateram temas pertinentes ao advogados p\u00fablicos em \u00e2mbito federal e, visando \u00e0 defesa de prerrogativas das carreiras, tra\u00e7aram estrat\u00e9gias conjuntas alinhadas \u00e0s da Institui\u00e7\u00e3o. <\/p>\n","protected":false},"excerpt":{"rendered":"<p>O SINPROFAZ esteve reunido virtualmente com o assessor institucional da AGU, Paulo Kuhn. Representantes de ANAFE, ANAJUR, ANAUNI e ANPPREV tamb\u00e9m participaram da videoconfer\u00eancia na ter\u00e7a (5).<\/p>\n","protected":false},"author":2,"featured_media":11496,"comment_status":"open","ping_status":"open","sticky":false,"template":"","format":"standard","meta":{"footnotes":""},"categories":[8],"tags":[34,43,25],"featured_image_url":"https:\/\/sinprofaz.org.br\/2024\/wp-content\/uploads\/2020\/05\/WhatsApp-Image-2020-05-05-at-17.08.19-e1588765664940.jpeg","character_count":333,"formatted_date":"06\/05\/2020 - 08:47","contentNovo":"O SINPROFAZ, representado pelo presidente Jos\u00e9 Ernane Brito e pelo diretor Achilles Frias, esteve reunido virtualmente com o assessor institucional da Advocacia-Geral da Uni\u00e3o, Paulo Kuhn. Representantes de ANAFE, ANAJUR, ANAUNI e ANPPREV tamb\u00e9m participaram da videoconfer\u00eancia dessa ter\u00e7a-feira (5).\r\n\r\nAo longo da reuni\u00e3o, Paulo Kuhn fez uma apresenta\u00e7\u00e3o a respeito do trabalho que sua equipe vem desenvolvendo \u00e0 frente da AGU. Juntamente com o assessor, as entidades debateram temas pertinentes ao advogados p\u00fablicos em \u00e2mbito federal e, visando \u00e0 defesa de prerrogativas das carreiras, tra\u00e7aram estrat\u00e9gias conjuntas alinhadas \u00e0s da Institui\u00e7\u00e3o. ","_links":{"self":[{"href":"https:\/\/sinprofaz.org.br\/2024\/wp-json\/wp\/v2\/posts\/11495"}],"collection":[{"href":"https:\/\/sinprofaz.org.br\/2024\/wp-json\/wp\/v2\/posts"}],"about":[{"href":"https:\/\/sinprofaz.org.br\/2024\/wp-json\/wp\/v2\/types\/post"}],"author":[{"embeddable":true,"href":"https:\/\/sinprofaz.org.br\/2024\/wp-json\/wp\/v2\/users\/2"}],"replies":[{"embeddable":true,"href":"https:\/\/sinprofaz.org.br\/2024\/wp-json\/wp\/v2\/comments?post=11495"}],"version-history":[{"count":4,"href":"https:\/\/sinprofaz.org.br\/2024\/wp-json\/wp\/v2\/posts\/11495\/revisions"}],"predecessor-version":[{"id":11502,"href":"https:\/\/sinprofaz.org.br\/2024\/wp-json\/wp\/v2\/posts\/11495\/revisions\/11502"}],"wp:featuredmedia":[{"embeddable":true,"href":"https:\/\/sinprofaz.org.br\/2024\/wp-json\/wp\/v2\/media\/11496"}],"wp:attachment":[{"href":"https:\/\/sinprofaz.org.br\/2024\/wp-json\/wp\/v2\/media?parent=11495"}],"wp:term":[{"taxonomy":"category","embeddable":true,"href":"https:\/\/sinprofaz.org.br\/2024\/wp-json\/wp\/v2\/categories?post=11495"},{"taxonomy":"post_tag","embeddable":true,"href":"https:\/\/sinprofaz.org.br\/2024\/wp-json\/wp\/v2\/tags?post=11495"}],"curies":[{"name":"wp","href":"https:\/\/api.w.org\/{rel}","templated":true}]}}