{"id":11481,"date":"2020-04-28T10:47:11","date_gmt":"2020-04-28T13:47:11","guid":{"rendered":"http:\/\/www.sinprofaz.org.br\/?p=11481"},"modified":"2020-04-30T10:33:31","modified_gmt":"2020-04-30T13:33:31","slug":"nossos-cumprimentos-ao-doutor-jose-levi-novo-ministro-da-agu","status":"publish","type":"post","link":"https:\/\/sinprofaz.org.br\/2024\/noticias\/nossos-cumprimentos-ao-doutor-jose-levi-novo-ministro-da-agu\/","title":{"rendered":"NOSSOS CUMPRIMENTOS AO DOUTOR JOS\u00c9 LEVI, NOVO MINISTRO DA AGU"},"content":{"rendered":"<p>Foi com grande entusiasmo que o Sindicato Nacional dos Procuradores da Fazenda Nacional &#8211; SINPROFAZ e a Carreira como um todo receberam a not\u00edcia da nomea\u00e7\u00e3o, para o posto de Advogado-Geral da Uni\u00e3o, do t\u00e3o estimado Colega e filiado Doutor Jos\u00e9 Levi Mello do Amaral J\u00fanior. Vossa Excel\u00eancia, uma das lideran\u00e7as mais benquistas pela Carreira, est\u00e1 agora diante de uma nova e grandiosa miss\u00e3o, na qual os Colegas Procuradores da Fazenda Nacional n\u00e3o t\u00eam d\u00favidas de que lograr\u00e1 os maiores \u00eaxitos.<\/p>\n<p>Todos os avan\u00e7os consolidados no \u00e2mbito da Procuradoria-Geral da Fazenda Nacional nos \u00faltimos anos, assim como todas as vit\u00f3rias resultantes da parceria entre a Institui\u00e7\u00e3o e o SINPROFAZ, t\u00eam a participa\u00e7\u00e3o do nobre Colega Doutor Jos\u00e9 Levi. Vossa Excel\u00eancia foi um dos grandes respons\u00e1veis pelo aprimoramento da gest\u00e3o da D\u00edvida Ativa da Uni\u00e3o, tendo feito hist\u00f3ria ao inaugurar esta nova fase da PGFN: reconhecida Institui\u00e7\u00e3o de Estado que conta, hoje, com respeito e credibilidade em n\u00edveis nunca antes experimentados perante os Tr\u00eas Poderes da Rep\u00fablica.<\/p>\n<p>Doutor Jos\u00e9 Levi, tenha consigo a certeza de que cumpriu com brilhantismo seu papel e que o legado deixado ser\u00e1 sempre reconhecido pelos Procuradores da Fazenda Nacional. Confie que temos todos, em Vossa Excel\u00eancia, o modelo de PFN a ser seguido, no qual o destacado conhecimento t\u00e9cnico soma-se \u00e0 paix\u00e3o pelo of\u00edcio e \u00e0 absoluta disposi\u00e7\u00e3o para lutar em prol da Carreira.<\/p>\n<p>Estimado Doutor Jos\u00e9 Levi, desejamos a Vossa Excel\u00eancia todos os sucessos que esse novo desafio possa proporcionar e, em nome do SINPROFAZ, agradecemos pela incans\u00e1vel dedica\u00e7\u00e3o \u00e0 Institui\u00e7\u00e3o e ao Estado Democr\u00e1tico. Foi uma honra t\u00ea-lo como Procurador-Geral da Fazenda Nacional. Nossa parceria segue firme, agora na Advocacia-Geral da Uni\u00e3o. O SINPROFAZ continua \u00e0 inteira disposi\u00e7\u00e3o do nobre Ministro.<\/p>\n<p style=\"text-align: center;\">Diretoria do SINPROFAZ<\/p>\n","protected":false},"excerpt":{"rendered":"<p>Foi com grande entusiasmo que o Sindicato Nacional dos Procuradores da Fazenda Nacional &#8211; SINPROFAZ e a Carreira como um todo receberam a not\u00edcia da nomea\u00e7\u00e3o, para o posto de Advogado-Geral da Uni\u00e3o, do estimado Colega e filiado Doutor Jos\u00e9 Levi Mello do Amaral J\u00fanior.<\/p>\n","protected":false},"author":2,"featured_media":11483,"comment_status":"open","ping_status":"open","sticky":false,"template":"","format":"standard","meta":{"footnotes":""},"categories":[8],"tags":[43,32,25],"featured_image_url":"https:\/\/sinprofaz.org.br\/2024\/wp-content\/uploads\/2020\/04\/01-3.jpg","character_count":960,"formatted_date":"28\/04\/2020 - 10:47","contentNovo":"Foi com grande entusiasmo que o Sindicato Nacional dos Procuradores da Fazenda Nacional - SINPROFAZ e a Carreira como um todo receberam a not\u00edcia da nomea\u00e7\u00e3o, para o posto de Advogado-Geral da Uni\u00e3o, do t\u00e3o estimado Colega e filiado Doutor Jos\u00e9 Levi Mello do Amaral J\u00fanior. Vossa Excel\u00eancia, uma das lideran\u00e7as mais benquistas pela Carreira, est\u00e1 agora diante de uma nova e grandiosa miss\u00e3o, na qual os Colegas Procuradores da Fazenda Nacional n\u00e3o t\u00eam d\u00favidas de que lograr\u00e1 os maiores \u00eaxitos.\r\n\r\nTodos os avan\u00e7os consolidados no \u00e2mbito da Procuradoria-Geral da Fazenda Nacional nos \u00faltimos anos, assim como todas as vit\u00f3rias resultantes da parceria entre a Institui\u00e7\u00e3o e o SINPROFAZ, t\u00eam a participa\u00e7\u00e3o do nobre Colega Doutor Jos\u00e9 Levi. Vossa Excel\u00eancia foi um dos grandes respons\u00e1veis pelo aprimoramento da gest\u00e3o da D\u00edvida Ativa da Uni\u00e3o, tendo feito hist\u00f3ria ao inaugurar esta nova fase da PGFN: reconhecida Institui\u00e7\u00e3o de Estado que conta, hoje, com respeito e credibilidade em n\u00edveis nunca antes experimentados perante os Tr\u00eas Poderes da Rep\u00fablica.\r\n\r\nDoutor Jos\u00e9 Levi, tenha consigo a certeza de que cumpriu com brilhantismo seu papel e que o legado deixado ser\u00e1 sempre reconhecido pelos Procuradores da Fazenda Nacional. Confie que temos todos, em Vossa Excel\u00eancia, o modelo de PFN a ser seguido, no qual o destacado conhecimento t\u00e9cnico soma-se \u00e0 paix\u00e3o pelo of\u00edcio e \u00e0 absoluta disposi\u00e7\u00e3o para lutar em prol da Carreira.\r\n\r\nEstimado Doutor Jos\u00e9 Levi, desejamos a Vossa Excel\u00eancia todos os sucessos que esse novo desafio possa proporcionar e, em nome do SINPROFAZ, agradecemos pela incans\u00e1vel dedica\u00e7\u00e3o \u00e0 Institui\u00e7\u00e3o e ao Estado Democr\u00e1tico. Foi uma honra t\u00ea-lo como Procurador-Geral da Fazenda Nacional. Nossa parceria segue firme, agora na Advocacia-Geral da Uni\u00e3o. O SINPROFAZ continua \u00e0 inteira disposi\u00e7\u00e3o do nobre Ministro.\r\n<p style=\"text-align: center;\">Diretoria do SINPROFAZ<\/p>","_links":{"self":[{"href":"https:\/\/sinprofaz.org.br\/2024\/wp-json\/wp\/v2\/posts\/11481"}],"collection":[{"href":"https:\/\/sinprofaz.org.br\/2024\/wp-json\/wp\/v2\/posts"}],"about":[{"href":"https:\/\/sinprofaz.org.br\/2024\/wp-json\/wp\/v2\/types\/post"}],"author":[{"embeddable":true,"href":"https:\/\/sinprofaz.org.br\/2024\/wp-json\/wp\/v2\/users\/2"}],"replies":[{"embeddable":true,"href":"https:\/\/sinprofaz.org.br\/2024\/wp-json\/wp\/v2\/comments?post=11481"}],"version-history":[{"count":4,"href":"https:\/\/sinprofaz.org.br\/2024\/wp-json\/wp\/v2\/posts\/11481\/revisions"}],"predecessor-version":[{"id":11491,"href":"https:\/\/sinprofaz.org.br\/2024\/wp-json\/wp\/v2\/posts\/11481\/revisions\/11491"}],"wp:featuredmedia":[{"embeddable":true,"href":"https:\/\/sinprofaz.org.br\/2024\/wp-json\/wp\/v2\/media\/11483"}],"wp:attachment":[{"href":"https:\/\/sinprofaz.org.br\/2024\/wp-json\/wp\/v2\/media?parent=11481"}],"wp:term":[{"taxonomy":"category","embeddable":true,"href":"https:\/\/sinprofaz.org.br\/2024\/wp-json\/wp\/v2\/categories?post=11481"},{"taxonomy":"post_tag","embeddable":true,"href":"https:\/\/sinprofaz.org.br\/2024\/wp-json\/wp\/v2\/tags?post=11481"}],"curies":[{"name":"wp","href":"https:\/\/api.w.org\/{rel}","templated":true}]}}