{"id":1148,"date":"2013-01-24T10:50:19","date_gmt":"2013-01-24T10:50:19","guid":{"rendered":""},"modified":"-0001-11-30T00:00:00","modified_gmt":"-0001-11-30T03:00:00","slug":"quem-nasceu-cara-pintada-nao-foge-a-luta","status":"publish","type":"post","link":"https:\/\/sinprofaz.org.br\/2024\/noticias\/quem-nasceu-cara-pintada-nao-foge-a-luta\/","title":{"rendered":"Quem nasceu cara-pintada n\u00e3o foge \u00e0 luta"},"content":{"rendered":"<p>Quando o SINPROFAZ nasceu, no dia 11 de janeiro de 1990, o Brasil se preparava para assistir \u00e0 posse do primeiro presidente eleito diretamente pelo povo, ap\u00f3s 26 anos de dolorosa ansiedade. Mesmo vivendo num ambiente de hiperinfla\u00e7\u00e3o, havia no ar um sentimento de otimismo e esperan\u00e7a, pois os bons ventos da Constituinte de 88 se mantinham firmes e inspiravam a real possibilidade de o Pa\u00eds retomar seu rumo como na\u00e7\u00e3o democr\u00e1tica e progressista.<\/p>\n<p>No entanto, um malfadado ippon econ\u00f4mico logo transformaria o clima festivo de vit\u00f3ria democr\u00e1tica em surreal anticl\u00edmax pol\u00edtico, afetando a vida de todos os brasileiros. Tempos dif\u00edceis se seguiram \u00e0 funda\u00e7\u00e3o do Sindicato Nacional dos Procuradores da Fazenda Nacional. Mas, assim como o Pa\u00eds superou os percal\u00e7os da aventura econ\u00f4mica heterodoxa, somado \u00e0s den\u00fancias de corrup\u00e7\u00e3o, com o povo pintando a cara e saindo \u00e0s ruas, culminando com o impeachment do presidente Collor, o SINPROFAZ tamb\u00e9m soube assumir as r\u00e9deas de seu destino, tornando-se importante refer\u00eancia entre as entidades que representam as carreiras da Advocacia P\u00fablica.<\/p>\n<p>Nesse breve panorama hist\u00f3rico, h\u00e1 que se destacar a fundamental atua\u00e7\u00e3o do SINPROFAZ nas greves, nos movimentos pela Reforma da Advocacia P\u00fablica, pela isonomia entre as fun\u00e7\u00f5es essenciais \u00e0 Justi\u00e7a, pela reposi\u00e7\u00e3o das perdas remunerat\u00f3rias e sobretudo agora, em sua firme postura contra o lesivo projeto de Lei Org\u00e2nica da AGU, que privilegia a advocacia de governo em detrimento da advocacia de Estado.<\/p>\n<p>A Campanha Nacional da Justi\u00e7a Fiscal, criada em 2009 e reconhecida em todo o Brasil pelo mote Quanto Custa o Brasil pra Voc\u00ea?, tornou-se outra bandeira que expressa a preocupa\u00e7\u00e3o dos PFNs em promover a educa\u00e7\u00e3o fiscal, o combate \u00e0 sonega\u00e7\u00e3o e a conscientiza\u00e7\u00e3o tribut\u00e1ria para todos os cidad\u00e3os. As a\u00e7\u00f5es desse movimento de responsabilidade social tem difundido a carreira institucionalmente, para muito al\u00e9m das quest\u00f5es corporativas.<\/p>\n<p>Proativo e respons\u00e1vel, o trabalho do SINPROFAZ tem sido reconhecido nos poderes da Rep\u00fablica, especialmente no Congresso Nacional, palco de grandes batalhas da Carreira de PFN. Vale ressaltar que em 2013 as a\u00e7\u00f5es do Sindicato junto ao poder legislativo federal continuar\u00e3o ainda mais intensas, pois tramitam em car\u00e1ter decisivo as PECs 443 e 452, os projetos que tratam do direito aos honor\u00e1rios, o PLP n 205, entre outros projetos de lei.<\/p>\n<p>Nesse registro de anivers\u00e1rio, \u00e9 justo e pertinente que se reverencie a hist\u00f3ria de luta do SINPROFAZ. Mas, acima de tudo, importa \u00e0 diretoria do sindicato expressar seu agradecimento \u00e0queles que efetivamente colaboram para o fortalecimento da entidade: seus mais de 1800 filiados, Procuradores da Fazenda Nacional ativos e aposentados.<\/p>\n<p>Obrigado, PFNs.<\/p>\n","protected":false},"excerpt":{"rendered":"<p>Quando o SINPROFAZ nasceu, no dia 11 de janeiro de 1990, o Brasil se preparava para assistir \u00e0 posse do primeiro presidente eleito diretamente pelo povo, ap\u00f3s 26 anos de dolorosa ansiedade.<\/p>\n","protected":false},"author":1,"featured_media":0,"comment_status":"closed","ping_status":"open","sticky":false,"template":"","format":"standard","meta":{"footnotes":""},"categories":[8],"tags":[],"featured_image_url":"https:\/\/dummyimage.com\/720x400","character_count":1400,"formatted_date":"24\/01\/2013 - 10:50","contentNovo":"\r\n<p>Quando o SINPROFAZ nasceu, no dia 11 de janeiro de 1990, o Brasil se preparava para assistir \u00e0 posse do primeiro presidente eleito diretamente pelo povo, ap\u00f3s 26 anos de dolorosa ansiedade. Mesmo vivendo num ambiente de hiperinfla\u00e7\u00e3o, havia no ar um sentimento de otimismo e esperan\u00e7a, pois os bons ventos da Constituinte de 88 se mantinham firmes e inspiravam a real possibilidade de o Pa\u00eds retomar seu rumo como na\u00e7\u00e3o democr\u00e1tica e progressista.<\/p>\r\n<p>No entanto, um malfadado ippon econ\u00f4mico logo transformaria o clima festivo de vit\u00f3ria democr\u00e1tica em surreal anticl\u00edmax pol\u00edtico, afetando a vida de todos os brasileiros. Tempos dif\u00edceis se seguiram \u00e0 funda\u00e7\u00e3o do Sindicato Nacional dos Procuradores da Fazenda Nacional. Mas, assim como o Pa\u00eds superou os percal\u00e7os da aventura econ\u00f4mica heterodoxa, somado \u00e0s den\u00fancias de corrup\u00e7\u00e3o, com o povo pintando a cara e saindo \u00e0s ruas, culminando com o impeachment do presidente Collor, o SINPROFAZ tamb\u00e9m soube assumir as r\u00e9deas de seu destino, tornando-se importante refer\u00eancia entre as entidades que representam as carreiras da Advocacia P\u00fablica.<\/p>\r\n<p>Nesse breve panorama hist\u00f3rico, h\u00e1 que se destacar a fundamental atua\u00e7\u00e3o do SINPROFAZ nas greves, nos movimentos pela Reforma da Advocacia P\u00fablica, pela isonomia entre as fun\u00e7\u00f5es essenciais \u00e0 Justi\u00e7a, pela reposi\u00e7\u00e3o das perdas remunerat\u00f3rias e sobretudo agora, em sua firme postura contra o lesivo projeto de Lei Org\u00e2nica da AGU, que privilegia a advocacia de governo em detrimento da advocacia de Estado.<\/p>\r\n<p>A Campanha Nacional da Justi\u00e7a Fiscal, criada em 2009 e reconhecida em todo o Brasil pelo mote Quanto Custa o Brasil pra Voc\u00ea?, tornou-se outra bandeira que expressa a preocupa\u00e7\u00e3o dos PFNs em promover a educa\u00e7\u00e3o fiscal, o combate \u00e0 sonega\u00e7\u00e3o e a conscientiza\u00e7\u00e3o tribut\u00e1ria para todos os cidad\u00e3os. As a\u00e7\u00f5es desse movimento de responsabilidade social tem difundido a carreira institucionalmente, para muito al\u00e9m das quest\u00f5es corporativas.<\/p>\r\n<p>Proativo e respons\u00e1vel, o trabalho do SINPROFAZ tem sido reconhecido nos poderes da Rep\u00fablica, especialmente no Congresso Nacional, palco de grandes batalhas da Carreira de PFN. Vale ressaltar que em 2013 as a\u00e7\u00f5es do Sindicato junto ao poder legislativo federal continuar\u00e3o ainda mais intensas, pois tramitam em car\u00e1ter decisivo as PECs 443 e 452, os projetos que tratam do direito aos honor\u00e1rios, o PLP n 205, entre outros projetos de lei.<\/p>\r\n<p>Nesse registro de anivers\u00e1rio, \u00e9 justo e pertinente que se reverencie a hist\u00f3ria de luta do SINPROFAZ. Mas, acima de tudo, importa \u00e0 diretoria do sindicato expressar seu agradecimento \u00e0queles que efetivamente colaboram para o fortalecimento da entidade: seus mais de 1800 filiados, Procuradores da Fazenda Nacional ativos e aposentados.<\/p>\r\n<p>Obrigado, PFNs.<\/p>","_links":{"self":[{"href":"https:\/\/sinprofaz.org.br\/2024\/wp-json\/wp\/v2\/posts\/1148"}],"collection":[{"href":"https:\/\/sinprofaz.org.br\/2024\/wp-json\/wp\/v2\/posts"}],"about":[{"href":"https:\/\/sinprofaz.org.br\/2024\/wp-json\/wp\/v2\/types\/post"}],"author":[{"embeddable":true,"href":"https:\/\/sinprofaz.org.br\/2024\/wp-json\/wp\/v2\/users\/1"}],"replies":[{"embeddable":true,"href":"https:\/\/sinprofaz.org.br\/2024\/wp-json\/wp\/v2\/comments?post=1148"}],"version-history":[{"count":0,"href":"https:\/\/sinprofaz.org.br\/2024\/wp-json\/wp\/v2\/posts\/1148\/revisions"}],"wp:attachment":[{"href":"https:\/\/sinprofaz.org.br\/2024\/wp-json\/wp\/v2\/media?parent=1148"}],"wp:term":[{"taxonomy":"category","embeddable":true,"href":"https:\/\/sinprofaz.org.br\/2024\/wp-json\/wp\/v2\/categories?post=1148"},{"taxonomy":"post_tag","embeddable":true,"href":"https:\/\/sinprofaz.org.br\/2024\/wp-json\/wp\/v2\/tags?post=1148"}],"curies":[{"name":"wp","href":"https:\/\/api.w.org\/{rel}","templated":true}]}}