{"id":11463,"date":"2020-04-20T11:02:33","date_gmt":"2020-04-20T14:02:33","guid":{"rendered":"http:\/\/www.sinprofaz.org.br\/?p=11463"},"modified":"2020-04-20T14:57:42","modified_gmt":"2020-04-20T17:57:42","slug":"nos-advogados-somos-figura-retorica-no-autoritarismo-afirma-cardozo","status":"publish","type":"post","link":"https:\/\/sinprofaz.org.br\/2024\/noticias\/nos-advogados-somos-figura-retorica-no-autoritarismo-afirma-cardozo\/","title":{"rendered":"&#8220;N\u00d3S, ADVOGADOS, SOMOS FIGURA RET\u00d3RICA NO AUTORITARISMO&#8221;, AFIRMA CARDOZO"},"content":{"rendered":"<p>Jos\u00e9 Eduardo Cardozo foi um dos convidados do 19\u00ba Encontro do SINPROFAZ. Em palestra, o advogado do F\u00f3rum Nacional da Advocacia P\u00fablica Federal, ex-AGU e ex-ministro da Justi\u00e7a destacou a crise enfrentada pelo Estado Democr\u00e1tico de Direito, cujo colapso, segundo Cardozo, d\u00e1-se por conta da convuls\u00e3o que atinge os pilares do modelo, fundamentado na legalidade, na soberania do Estado e na triparti\u00e7\u00e3o dos Poderes. O tema da palestra foi lembrado durante entrevista concedida por ele \u00e0 TV SINPROFAZ.<\/p>\n<p>&#8220;No momento em que temos uma crise do Estado Democr\u00e1tico de Direito, os advogados em geral t\u00eam que lutar em cada uma das situa\u00e7\u00f5es que vivem pela defesa da Democracia e deste Estado de Direito. N\u00f3s, advogados, n\u00e3o somos nada sem o Estado de Direito. Somos figura ret\u00f3rica no autoritarismo. Portanto \u00e9 hora, diante de amea\u00e7as feitas \u00e0 Democracia e a este modelo de Estado, de exercermos nosso papel. Advogados e advogadas t\u00eam que ter coragem institucional acima de tudo, sempre com respeito \u00e0 Constitui\u00e7\u00e3o e \u00e0s nossas leis.&#8221;<\/p>\n<p>Assista \u00e0 entrevista completa: <a href=\"https:\/\/www.youtube.com\/watch?v=qxI9vzvSRfw\">youtube.com\/watch?v=qxI9vzvSRfw<\/a><\/p>\n","protected":false},"excerpt":{"rendered":"<p>Jos\u00e9 Eduardo Cardozo foi convidado do 19\u00ba Encontro do SINPROFAZ. Em palestra, o advogado do F\u00f3rum Nacional da Advocacia P\u00fablica Federal, ex-AGU e ex-ministro destacou a crise do Estado Democr\u00e1tico de Direito.<\/p>\n","protected":false},"author":2,"featured_media":11466,"comment_status":"open","ping_status":"open","sticky":false,"template":"","format":"standard","meta":{"footnotes":""},"categories":[8],"tags":[32,62,25],"featured_image_url":"https:\/\/sinprofaz.org.br\/2024\/wp-content\/uploads\/2020\/04\/2.jpg","character_count":563,"formatted_date":"20\/04\/2020 - 11:02","contentNovo":"Jos\u00e9 Eduardo Cardozo foi um dos convidados do 19\u00ba Encontro do SINPROFAZ. Em palestra, o advogado do F\u00f3rum Nacional da Advocacia P\u00fablica Federal, ex-AGU e ex-ministro da Justi\u00e7a destacou a crise enfrentada pelo Estado Democr\u00e1tico de Direito, cujo colapso, segundo Cardozo, d\u00e1-se por conta da convuls\u00e3o que atinge os pilares do modelo, fundamentado na legalidade, na soberania do Estado e na triparti\u00e7\u00e3o dos Poderes. O tema da palestra foi lembrado durante entrevista concedida por ele \u00e0 TV SINPROFAZ.\r\n\r\n\"No momento em que temos uma crise do Estado Democr\u00e1tico de Direito, os advogados em geral t\u00eam que lutar em cada uma das situa\u00e7\u00f5es que vivem pela defesa da Democracia e deste Estado de Direito. N\u00f3s, advogados, n\u00e3o somos nada sem o Estado de Direito. Somos figura ret\u00f3rica no autoritarismo. Portanto \u00e9 hora, diante de amea\u00e7as feitas \u00e0 Democracia e a este modelo de Estado, de exercermos nosso papel. Advogados e advogadas t\u00eam que ter coragem institucional acima de tudo, sempre com respeito \u00e0 Constitui\u00e7\u00e3o e \u00e0s nossas leis.\"\r\n\r\nAssista \u00e0 entrevista completa: <a href=\"https:\/\/www.youtube.com\/watch?v=qxI9vzvSRfw\">youtube.com\/watch?v=qxI9vzvSRfw<\/a>","_links":{"self":[{"href":"https:\/\/sinprofaz.org.br\/2024\/wp-json\/wp\/v2\/posts\/11463"}],"collection":[{"href":"https:\/\/sinprofaz.org.br\/2024\/wp-json\/wp\/v2\/posts"}],"about":[{"href":"https:\/\/sinprofaz.org.br\/2024\/wp-json\/wp\/v2\/types\/post"}],"author":[{"embeddable":true,"href":"https:\/\/sinprofaz.org.br\/2024\/wp-json\/wp\/v2\/users\/2"}],"replies":[{"embeddable":true,"href":"https:\/\/sinprofaz.org.br\/2024\/wp-json\/wp\/v2\/comments?post=11463"}],"version-history":[{"count":2,"href":"https:\/\/sinprofaz.org.br\/2024\/wp-json\/wp\/v2\/posts\/11463\/revisions"}],"predecessor-version":[{"id":11473,"href":"https:\/\/sinprofaz.org.br\/2024\/wp-json\/wp\/v2\/posts\/11463\/revisions\/11473"}],"wp:featuredmedia":[{"embeddable":true,"href":"https:\/\/sinprofaz.org.br\/2024\/wp-json\/wp\/v2\/media\/11466"}],"wp:attachment":[{"href":"https:\/\/sinprofaz.org.br\/2024\/wp-json\/wp\/v2\/media?parent=11463"}],"wp:term":[{"taxonomy":"category","embeddable":true,"href":"https:\/\/sinprofaz.org.br\/2024\/wp-json\/wp\/v2\/categories?post=11463"},{"taxonomy":"post_tag","embeddable":true,"href":"https:\/\/sinprofaz.org.br\/2024\/wp-json\/wp\/v2\/tags?post=11463"}],"curies":[{"name":"wp","href":"https:\/\/api.w.org\/{rel}","templated":true}]}}