{"id":1144,"date":"2013-01-22T16:42:43","date_gmt":"2013-01-22T16:42:43","guid":{"rendered":""},"modified":"-0001-11-30T00:00:00","modified_gmt":"-0001-11-30T03:00:00","slug":"pfns-lotados-na-pfn-de-belem-receberam-presidente-do-sinprofaz","status":"publish","type":"post","link":"https:\/\/sinprofaz.org.br\/2024\/noticias\/pfns-lotados-na-pfn-de-belem-receberam-presidente-do-sinprofaz\/","title":{"rendered":"PFNs lotados na PFN de Bel\u00e9m receberam presidente do SINPROFAZ"},"content":{"rendered":"<p>Durante o encontro, o presidente do SINPROFAZ, Allan Titonelli, relatou aos colegas presentes sobre a atua\u00e7\u00e3o permanente da entidade no Congresso Nacional. O projeto que atualiza a Lei Complementar 73\/93 e os desdobramentos da campanha salarial foram os principais temas em discuss\u00e3o.<\/p>\n<p>Esta mat\u00e9ria, ali\u00e1s, continuar\u00e1 sendo prioridade para o Sindicato em 2013. Logo que os trabalhos legislativos forem iniciados, em 4 de fevereiro, o SINPROFAZ voltar\u00e1 a marcar presen\u00e7a nas reuni\u00f5es da Comiss\u00e3o de Trabalho, na expectativa de que os membros do colegiado promovam franco debate sobre o PLP 205\/12, uma vez que a audi\u00eancia p\u00fablica que seria realizada em 12 de dezembro \u00faltimo foi cancelada.<\/p>\n<p>O SINPROFAZ vai continuar vigilante \u00e0 tramita\u00e7\u00e3o da mat\u00e9ria na C\u00e2mara para demonstrar seus riscos e a necessidade de aperfei\u00e7oamento em v\u00e1rios pontos como o combate a qualquer dispositivo que abra possibilidade de politiza\u00e7\u00e3o da AGU e a preserva\u00e7\u00e3o da discricionariedade t\u00e9cnica do advogado p\u00fablico federal.<\/p>\n<p>Na conversa com os Procuradores da Fazenda, o presidente do SINPROFAZ pediu apoio e engajamento no trabalho parlamentar. Recomendou tamb\u00e9m aos filiados que fa\u00e7am uso da ferramenta de envio de e-mails aos parlamentares, dispon\u00edvel na \u00e1rea restrita do site. \u00c9 uma forma muito \u00e1gil e eficaz para disseminar as not\u00edcias do site do Sindicato com a possibilidade de incluir coment\u00e1rios pessoais.<\/p>\n","protected":false},"excerpt":{"rendered":"<p>Sindicato retomou agenda de visitas a Procuradores nas unidades de lota\u00e7\u00e3o. Primeiro encontro foi no Par\u00e1 nesta segunda, 21\/01.<\/p>\n","protected":false},"author":1,"featured_media":0,"comment_status":"closed","ping_status":"open","sticky":false,"template":"","format":"standard","meta":{"footnotes":""},"categories":[8],"tags":[],"featured_image_url":"https:\/\/dummyimage.com\/720x400","character_count":710,"formatted_date":"22\/01\/2013 - 16:42","contentNovo":"\r\n<p>Durante o encontro, o presidente do SINPROFAZ, Allan Titonelli, relatou aos colegas presentes sobre a atua\u00e7\u00e3o permanente da entidade no Congresso Nacional. O projeto que atualiza a Lei Complementar 73\/93 e os desdobramentos da campanha salarial foram os principais temas em discuss\u00e3o.<\/p>\r\n<p>Esta mat\u00e9ria, ali\u00e1s, continuar\u00e1 sendo prioridade para o Sindicato em 2013. Logo que os trabalhos legislativos forem iniciados, em 4 de fevereiro, o SINPROFAZ voltar\u00e1 a marcar presen\u00e7a nas reuni\u00f5es da Comiss\u00e3o de Trabalho, na expectativa de que os membros do colegiado promovam franco debate sobre o PLP 205\/12, uma vez que a audi\u00eancia p\u00fablica que seria realizada em 12 de dezembro \u00faltimo foi cancelada.<\/p>\r\n<p>O SINPROFAZ vai continuar vigilante \u00e0 tramita\u00e7\u00e3o da mat\u00e9ria na C\u00e2mara para demonstrar seus riscos e a necessidade de aperfei\u00e7oamento em v\u00e1rios pontos como o combate a qualquer dispositivo que abra possibilidade de politiza\u00e7\u00e3o da AGU e a preserva\u00e7\u00e3o da discricionariedade t\u00e9cnica do advogado p\u00fablico federal.<\/p>\r\n<p>Na conversa com os Procuradores da Fazenda, o presidente do SINPROFAZ pediu apoio e engajamento no trabalho parlamentar. Recomendou tamb\u00e9m aos filiados que fa\u00e7am uso da ferramenta de envio de e-mails aos parlamentares, dispon\u00edvel na \u00e1rea restrita do site. \u00c9 uma forma muito \u00e1gil e eficaz para disseminar as not\u00edcias do site do Sindicato com a possibilidade de incluir coment\u00e1rios pessoais.<\/p>","_links":{"self":[{"href":"https:\/\/sinprofaz.org.br\/2024\/wp-json\/wp\/v2\/posts\/1144"}],"collection":[{"href":"https:\/\/sinprofaz.org.br\/2024\/wp-json\/wp\/v2\/posts"}],"about":[{"href":"https:\/\/sinprofaz.org.br\/2024\/wp-json\/wp\/v2\/types\/post"}],"author":[{"embeddable":true,"href":"https:\/\/sinprofaz.org.br\/2024\/wp-json\/wp\/v2\/users\/1"}],"replies":[{"embeddable":true,"href":"https:\/\/sinprofaz.org.br\/2024\/wp-json\/wp\/v2\/comments?post=1144"}],"version-history":[{"count":0,"href":"https:\/\/sinprofaz.org.br\/2024\/wp-json\/wp\/v2\/posts\/1144\/revisions"}],"wp:attachment":[{"href":"https:\/\/sinprofaz.org.br\/2024\/wp-json\/wp\/v2\/media?parent=1144"}],"wp:term":[{"taxonomy":"category","embeddable":true,"href":"https:\/\/sinprofaz.org.br\/2024\/wp-json\/wp\/v2\/categories?post=1144"},{"taxonomy":"post_tag","embeddable":true,"href":"https:\/\/sinprofaz.org.br\/2024\/wp-json\/wp\/v2\/tags?post=1144"}],"curies":[{"name":"wp","href":"https:\/\/api.w.org\/{rel}","templated":true}]}}