{"id":11439,"date":"2020-04-08T09:11:14","date_gmt":"2020-04-08T12:11:14","guid":{"rendered":"http:\/\/www.sinprofaz.org.br\/?p=11439"},"modified":"2020-04-09T18:10:05","modified_gmt":"2020-04-09T21:10:05","slug":"entidades-da-advocacia-publica-federal-realizam-videoconferencia","status":"publish","type":"post","link":"https:\/\/sinprofaz.org.br\/2024\/noticias\/entidades-da-advocacia-publica-federal-realizam-videoconferencia\/","title":{"rendered":"ENTIDADES DA ADVOCACIA P\u00daBLICA FEDERAL REALIZAM VIDEOCONFER\u00caNCIA"},"content":{"rendered":"<p>O SINPROFAZ, representado pelo presidente Jos\u00e9 Ernane Brito e pelo diretor Achilles Frias, esteve reunido, nessa ter\u00e7a-feira (7), com dirigentes de ANAJUR, ANAUNI e ANAFE. Em pauta, assuntos espec\u00edficos da Advocacia P\u00fablica no \u00e2mbito federal, em especial a defesa de prerrogativas das carreiras. <\/p>\n<p>Por meio de videoconfer\u00eancia, os representantes sindicais e associativos analisaram os contatos institucionais e pol\u00edticos recentemente consolidados pelas entidades. A avalia\u00e7\u00e3o das assessorias parlamentares a respeito da tramita\u00e7\u00e3o, no Congresso Nacional, de projetos relativos \u00e0s carreiras tamb\u00e9m foi debatida. Permanentemente vigilantes \u00e0 situa\u00e7\u00e3o das pautas de interesse, os dirigentes tra\u00e7aram, por fim, estrat\u00e9gias de atua\u00e7\u00e3o conjunta.<\/p>\n","protected":false},"excerpt":{"rendered":"<p>O SINPROFAZ esteve reunido com dirigentes de ANAJUR, ANAUNI e ANAFE. Em pauta, assuntos espec\u00edficos da Advocacia P\u00fablica no \u00e2mbito federal, em especial a defesa de prerrogativas das carreiras. A reuni\u00e3o ocorreu por meio de videoconfer\u00eancia.<\/p>\n","protected":false},"author":2,"featured_media":11444,"comment_status":"open","ping_status":"open","sticky":false,"template":"","format":"standard","meta":{"footnotes":""},"categories":[8],"tags":[34,32,25],"featured_image_url":"https:\/\/sinprofaz.org.br\/2024\/wp-content\/uploads\/2020\/04\/01.jpg","character_count":380,"formatted_date":"08\/04\/2020 - 09:11","contentNovo":"O SINPROFAZ, representado pelo presidente Jos\u00e9 Ernane Brito e pelo diretor Achilles Frias, esteve reunido, nessa ter\u00e7a-feira (7), com dirigentes de ANAJUR, ANAUNI e ANAFE. Em pauta, assuntos espec\u00edficos da Advocacia P\u00fablica no \u00e2mbito federal, em especial a defesa de prerrogativas das carreiras. \r\n\r\nPor meio de videoconfer\u00eancia, os representantes sindicais e associativos analisaram os contatos institucionais e pol\u00edticos recentemente consolidados pelas entidades. A avalia\u00e7\u00e3o das assessorias parlamentares a respeito da tramita\u00e7\u00e3o, no Congresso Nacional, de projetos relativos \u00e0s carreiras tamb\u00e9m foi debatida. Permanentemente vigilantes \u00e0 situa\u00e7\u00e3o das pautas de interesse, os dirigentes tra\u00e7aram, por fim, estrat\u00e9gias de atua\u00e7\u00e3o conjunta.","_links":{"self":[{"href":"https:\/\/sinprofaz.org.br\/2024\/wp-json\/wp\/v2\/posts\/11439"}],"collection":[{"href":"https:\/\/sinprofaz.org.br\/2024\/wp-json\/wp\/v2\/posts"}],"about":[{"href":"https:\/\/sinprofaz.org.br\/2024\/wp-json\/wp\/v2\/types\/post"}],"author":[{"embeddable":true,"href":"https:\/\/sinprofaz.org.br\/2024\/wp-json\/wp\/v2\/users\/2"}],"replies":[{"embeddable":true,"href":"https:\/\/sinprofaz.org.br\/2024\/wp-json\/wp\/v2\/comments?post=11439"}],"version-history":[{"count":2,"href":"https:\/\/sinprofaz.org.br\/2024\/wp-json\/wp\/v2\/posts\/11439\/revisions"}],"predecessor-version":[{"id":11449,"href":"https:\/\/sinprofaz.org.br\/2024\/wp-json\/wp\/v2\/posts\/11439\/revisions\/11449"}],"wp:featuredmedia":[{"embeddable":true,"href":"https:\/\/sinprofaz.org.br\/2024\/wp-json\/wp\/v2\/media\/11444"}],"wp:attachment":[{"href":"https:\/\/sinprofaz.org.br\/2024\/wp-json\/wp\/v2\/media?parent=11439"}],"wp:term":[{"taxonomy":"category","embeddable":true,"href":"https:\/\/sinprofaz.org.br\/2024\/wp-json\/wp\/v2\/categories?post=11439"},{"taxonomy":"post_tag","embeddable":true,"href":"https:\/\/sinprofaz.org.br\/2024\/wp-json\/wp\/v2\/tags?post=11439"}],"curies":[{"name":"wp","href":"https:\/\/api.w.org\/{rel}","templated":true}]}}