{"id":11417,"date":"2020-04-02T11:14:23","date_gmt":"2020-04-02T14:14:23","guid":{"rendered":"http:\/\/www.sinprofaz.org.br\/?p=11417"},"modified":"2020-04-02T17:59:05","modified_gmt":"2020-04-02T20:59:05","slug":"fonacate-apresenta-propostas-de-enfrentamento-a-crise-motivada-pela-covid-19","status":"publish","type":"post","link":"https:\/\/sinprofaz.org.br\/2024\/noticias\/fonacate-apresenta-propostas-de-enfrentamento-a-crise-motivada-pela-covid-19\/","title":{"rendered":"FONACATE APRESENTA PROPOSTAS DE ENFRENTAMENTO \u00c0 CRISE MOTIVADA PELA COVID-19"},"content":{"rendered":"<p>O SINPROFAZ, representado pelo presidente Jos\u00e9 Ernane Brito, juntamente com as demais entidades filiadas ao F\u00f3rum Nacional Permanente de Carreiras T\u00edpicas de Estado &#8211; Fonacate, finalizou, em videoconfer\u00eancia na ter\u00e7a-feira (31), uma proposta emergencial para enfrentamento \u00e0 crise provocada pelo isolamento social imposto pelo coronav\u00edrus.<\/p>\n<p>O documento, intitulado Propostas Emergenciais do Fonacate, inicia-se com uma an\u00e1lise sobre a gravidade e o ineditismo da crise e apresenta sugest\u00f5es \u201cem defesa da vida, da popula\u00e7\u00e3o e da economia\u201d. O F\u00f3rum sugere, por exemplo, a suspens\u00e3o da Lei de Responsabilidade Fiscal e de regras como a Emenda Constitucional 95, que trata do teto dos gastos p\u00fablicos.<\/p>\n<p>Liberar or\u00e7amento ilimitado para a sa\u00fade, garantir renda \u00e0s fam\u00edlias e aos trabalhadores mais vulner\u00e1veis e refor\u00e7ar o sistema de prote\u00e7\u00e3o social tamb\u00e9m est\u00e3o entre as propostas. Ainda sobre as condi\u00e7\u00f5es dos trabalhadores diante da crise, o Fonacate refor\u00e7a a necessidade da suspens\u00e3o de multas, juros e outras penalidades relativas ao pagamento de alugu\u00e9is, escolas, planos de sa\u00fade e servi\u00e7os de utilidade p\u00fablica.<\/p>\n<p>Outra pauta defendida, inclusive pelo SINPROFAZ, \u00e9 a imediata regulamenta\u00e7\u00e3o do imposto sobre grandes fortunas. \u201cUma das principais finalidades da ado\u00e7\u00e3o de uma tributa\u00e7\u00e3o sobre a riqueza \u00e9 a melhoria na redistribui\u00e7\u00e3o da renda, evitando-se que exista alta concentra\u00e7\u00e3o de renda em um estrato \u00ednfimo da popula\u00e7\u00e3o\u201d, destaca a proposta.<\/p>\n<p>Por fim, o documento enaltece a import\u00e2ncia das carreiras de Estado neste momento de crise, especialmente dos servidores que v\u00eam atuando para garantir sa\u00fade, bem-estar, atendimento e assist\u00eancia \u00e0 popula\u00e7\u00e3o. As Propostas Emergenciais do Fonacate t\u00eam apoio do deputado federal Professor Israel Batista (PV\/DF).<\/p>\n<p>Leia o documento na \u00edntegra: <a href=\"http:\/\/bit.ly\/2Jvr2ML\" target=\"_blank\" rel=\"noopener\">bit.ly\/2Jvr2ML<\/a><\/p>\n","protected":false},"excerpt":{"rendered":"<p>O SINPROFAZ, juntamente com as demais entidades do Fonacate, finalizou uma proposta emergencial para enfrentamento \u00e0 crise provocada pelo isolamento social imposto pelo coronav\u00edrus. Confira a \u00edntegra do documento.<\/p>\n","protected":false},"author":2,"featured_media":11173,"comment_status":"open","ping_status":"open","sticky":false,"template":"","format":"standard","meta":{"footnotes":""},"categories":[8],"tags":[122,146,25],"featured_image_url":"https:\/\/sinprofaz.org.br\/2024\/wp-content\/uploads\/2020\/02\/logo-fonacate.png","character_count":937,"formatted_date":"02\/04\/2020 - 11:14","contentNovo":"O SINPROFAZ, representado pelo presidente Jos\u00e9 Ernane Brito, juntamente com as demais entidades filiadas ao F\u00f3rum Nacional Permanente de Carreiras T\u00edpicas de Estado - Fonacate, finalizou, em videoconfer\u00eancia na ter\u00e7a-feira (31), uma proposta emergencial para enfrentamento \u00e0 crise provocada pelo isolamento social imposto pelo coronav\u00edrus.\r\n\r\nO documento, intitulado Propostas Emergenciais do Fonacate, inicia-se com uma an\u00e1lise sobre a gravidade e o ineditismo da crise e apresenta sugest\u00f5es \u201cem defesa da vida, da popula\u00e7\u00e3o e da economia\u201d. O F\u00f3rum sugere, por exemplo, a suspens\u00e3o da Lei de Responsabilidade Fiscal e de regras como a Emenda Constitucional 95, que trata do teto dos gastos p\u00fablicos.\r\n\r\nLiberar or\u00e7amento ilimitado para a sa\u00fade, garantir renda \u00e0s fam\u00edlias e aos trabalhadores mais vulner\u00e1veis e refor\u00e7ar o sistema de prote\u00e7\u00e3o social tamb\u00e9m est\u00e3o entre as propostas. Ainda sobre as condi\u00e7\u00f5es dos trabalhadores diante da crise, o Fonacate refor\u00e7a a necessidade da suspens\u00e3o de multas, juros e outras penalidades relativas ao pagamento de alugu\u00e9is, escolas, planos de sa\u00fade e servi\u00e7os de utilidade p\u00fablica.\r\n\r\nOutra pauta defendida, inclusive pelo SINPROFAZ, \u00e9 a imediata regulamenta\u00e7\u00e3o do imposto sobre grandes fortunas. \u201cUma das principais finalidades da ado\u00e7\u00e3o de uma tributa\u00e7\u00e3o sobre a riqueza \u00e9 a melhoria na redistribui\u00e7\u00e3o da renda, evitando-se que exista alta concentra\u00e7\u00e3o de renda em um estrato \u00ednfimo da popula\u00e7\u00e3o\u201d, destaca a proposta.\r\n\r\nPor fim, o documento enaltece a import\u00e2ncia das carreiras de Estado neste momento de crise, especialmente dos servidores que v\u00eam atuando para garantir sa\u00fade, bem-estar, atendimento e assist\u00eancia \u00e0 popula\u00e7\u00e3o. As Propostas Emergenciais do Fonacate t\u00eam apoio do deputado federal Professor Israel Batista (PV\/DF).\r\n\r\nLeia o documento na \u00edntegra: <a href=\"http:\/\/bit.ly\/2Jvr2ML\" target=\"_blank\" rel=\"noopener\">bit.ly\/2Jvr2ML<\/a>","_links":{"self":[{"href":"https:\/\/sinprofaz.org.br\/2024\/wp-json\/wp\/v2\/posts\/11417"}],"collection":[{"href":"https:\/\/sinprofaz.org.br\/2024\/wp-json\/wp\/v2\/posts"}],"about":[{"href":"https:\/\/sinprofaz.org.br\/2024\/wp-json\/wp\/v2\/types\/post"}],"author":[{"embeddable":true,"href":"https:\/\/sinprofaz.org.br\/2024\/wp-json\/wp\/v2\/users\/2"}],"replies":[{"embeddable":true,"href":"https:\/\/sinprofaz.org.br\/2024\/wp-json\/wp\/v2\/comments?post=11417"}],"version-history":[{"count":2,"href":"https:\/\/sinprofaz.org.br\/2024\/wp-json\/wp\/v2\/posts\/11417\/revisions"}],"predecessor-version":[{"id":11425,"href":"https:\/\/sinprofaz.org.br\/2024\/wp-json\/wp\/v2\/posts\/11417\/revisions\/11425"}],"wp:featuredmedia":[{"embeddable":true,"href":"https:\/\/sinprofaz.org.br\/2024\/wp-json\/wp\/v2\/media\/11173"}],"wp:attachment":[{"href":"https:\/\/sinprofaz.org.br\/2024\/wp-json\/wp\/v2\/media?parent=11417"}],"wp:term":[{"taxonomy":"category","embeddable":true,"href":"https:\/\/sinprofaz.org.br\/2024\/wp-json\/wp\/v2\/categories?post=11417"},{"taxonomy":"post_tag","embeddable":true,"href":"https:\/\/sinprofaz.org.br\/2024\/wp-json\/wp\/v2\/tags?post=11417"}],"curies":[{"name":"wp","href":"https:\/\/api.w.org\/{rel}","templated":true}]}}