{"id":11415,"date":"2020-04-01T09:34:21","date_gmt":"2020-04-01T12:34:21","guid":{"rendered":"http:\/\/www.sinprofaz.org.br\/?p=11415"},"modified":"2020-04-02T11:45:12","modified_gmt":"2020-04-02T14:45:12","slug":"confira-os-resultados-da-ago-2020-do-sinprofaz","status":"publish","type":"post","link":"https:\/\/sinprofaz.org.br\/2024\/noticias\/confira-os-resultados-da-ago-2020-do-sinprofaz\/","title":{"rendered":"CONFIRA OS RESULTADOS DA ASSEMBLEIA GERAL ORDIN\u00c1RIA 2020 DO SINPROFAZ"},"content":{"rendered":"<p>No s\u00e1bado, 28 de mar\u00e7o, no Hotel Comfort Suites Bras\u00edlia, foi realizada a Assembleia Geral Ordin\u00e1ria 2020 do SINPROFAZ. Confira os resultados:<\/p>\n<p>1) Ata da Assembleia Geral Ordin\u00e1ria 2019: Aprovada<\/p>\n<p>2) Contas do exerc\u00edcio de 2019: Aprovadas<\/p>\n<p>3) Proposta de or\u00e7amento para o exerc\u00edcio de 2020: Aprovada<\/p>\n<p>4) Autoriza\u00e7\u00e3o para o SINPROFAZ propor a\u00e7\u00f5es judiciais e ratificar a\u00e7\u00f5es recentemente propostas: Aprovada<\/p>\n<p>5) Eleitos para a Junta de Julgamento Bi\u00eanio 2020 &#8211; 2022:<\/p>\n<p>Danielle Mendes Pinheiro &#8211; Titular<br \/>\nTalius de Oliveira Vasconcelos &#8211; Suplente<\/p>\n<p>Jos\u00e9 Valter Toledo Filho &#8211; Titular<br \/>\nPaulo Andr\u00e9 Pires Sim\u00f5es &#8211; Suplente<\/p>\n<p>Marco Antonio Cardoso Silva &#8211; Titular<br \/>\nFelipe Cardoso Silva &#8211; Suplente<\/p>\n<p>6) Eleitos para o Conselho Fiscal Bi\u00eanio 2020 &#8211; 2022:<\/p>\n<p>Jos\u00e9 Edmundo Barros de Lacerda &#8211; Titular<br \/>\nJo\u00e3o Paulo Cordeiro Cavalcanti &#8211; Suplente<\/p>\n<p>Jos\u00e9 Vila\u00e7o da Silva &#8211; Titular<br \/>\nBenedito Paulo de Souza &#8211; Suplente<\/p>\n<p>Manolo Aur\u00e9lio Bedin Keller &#8211; Titular<br \/>\nPatr\u00edcia Vignolo Alves &#8211; Suplente<\/p>\n<p>7) Autoriza\u00e7\u00e3o para despesas extraordin\u00e1rias em raz\u00e3o de eventuais mobiliza\u00e7\u00f5es para defesa dos honor\u00e1rios advocat\u00edcios e\/ou das demais prerrogativas da Carreira: Aprovada<\/p>\n<p>A Diretoria do SINPROFAZ agradece a todos os Filiados que participaram das delibera\u00e7\u00f5es.<\/p>\n","protected":false},"excerpt":{"rendered":"<p>Em 28 de mar\u00e7o, no Hotel Comfort Suites Bras\u00edlia, foi realizada a Assembleia Geral Ordin\u00e1ria 2020 do SINPROFAZ. A Diretoria agradece a todos os Filiados que participaram das delibera\u00e7\u00f5es.<\/p>\n","protected":false},"author":2,"featured_media":11001,"comment_status":"open","ping_status":"open","sticky":false,"template":"","format":"standard","meta":{"footnotes":""},"categories":[8],"tags":[41,32,146,25],"featured_image_url":"https:\/\/sinprofaz.org.br\/2024\/wp-content\/uploads\/2020\/01\/3banner-marca-sinprofaz800x643.png","character_count":667,"formatted_date":"01\/04\/2020 - 09:34","contentNovo":"No s\u00e1bado, 28 de mar\u00e7o, no Hotel Comfort Suites Bras\u00edlia, foi realizada a Assembleia Geral Ordin\u00e1ria 2020 do SINPROFAZ. Confira os resultados:\r\n\r\n1) Ata da Assembleia Geral Ordin\u00e1ria 2019: Aprovada\r\n\r\n2) Contas do exerc\u00edcio de 2019: Aprovadas\r\n\r\n3) Proposta de or\u00e7amento para o exerc\u00edcio de 2020: Aprovada\r\n\r\n4) Autoriza\u00e7\u00e3o para o SINPROFAZ propor a\u00e7\u00f5es judiciais e ratificar a\u00e7\u00f5es recentemente propostas: Aprovada\r\n\r\n5) Eleitos para a Junta de Julgamento Bi\u00eanio 2020 - 2022:\r\n\r\nDanielle Mendes Pinheiro - Titular\r\nTalius de Oliveira Vasconcelos - Suplente\r\n\r\nJos\u00e9 Valter Toledo Filho - Titular\r\nPaulo Andr\u00e9 Pires Sim\u00f5es - Suplente\r\n\r\nMarco Antonio Cardoso Silva - Titular\r\nFelipe Cardoso Silva - Suplente\r\n\r\n6) Eleitos para o Conselho Fiscal Bi\u00eanio 2020 - 2022:\r\n\r\nJos\u00e9 Edmundo Barros de Lacerda - Titular\r\nJo\u00e3o Paulo Cordeiro Cavalcanti - Suplente\r\n\r\nJos\u00e9 Vila\u00e7o da Silva - Titular\r\nBenedito Paulo de Souza - Suplente\r\n\r\nManolo Aur\u00e9lio Bedin Keller - Titular\r\nPatr\u00edcia Vignolo Alves - Suplente\r\n\r\n7) Autoriza\u00e7\u00e3o para despesas extraordin\u00e1rias em raz\u00e3o de eventuais mobiliza\u00e7\u00f5es para defesa dos honor\u00e1rios advocat\u00edcios e\/ou das demais prerrogativas da Carreira: Aprovada\r\n\r\nA Diretoria do SINPROFAZ agradece a todos os Filiados que participaram das delibera\u00e7\u00f5es.","_links":{"self":[{"href":"https:\/\/sinprofaz.org.br\/2024\/wp-json\/wp\/v2\/posts\/11415"}],"collection":[{"href":"https:\/\/sinprofaz.org.br\/2024\/wp-json\/wp\/v2\/posts"}],"about":[{"href":"https:\/\/sinprofaz.org.br\/2024\/wp-json\/wp\/v2\/types\/post"}],"author":[{"embeddable":true,"href":"https:\/\/sinprofaz.org.br\/2024\/wp-json\/wp\/v2\/users\/2"}],"replies":[{"embeddable":true,"href":"https:\/\/sinprofaz.org.br\/2024\/wp-json\/wp\/v2\/comments?post=11415"}],"version-history":[{"count":3,"href":"https:\/\/sinprofaz.org.br\/2024\/wp-json\/wp\/v2\/posts\/11415\/revisions"}],"predecessor-version":[{"id":11424,"href":"https:\/\/sinprofaz.org.br\/2024\/wp-json\/wp\/v2\/posts\/11415\/revisions\/11424"}],"wp:featuredmedia":[{"embeddable":true,"href":"https:\/\/sinprofaz.org.br\/2024\/wp-json\/wp\/v2\/media\/11001"}],"wp:attachment":[{"href":"https:\/\/sinprofaz.org.br\/2024\/wp-json\/wp\/v2\/media?parent=11415"}],"wp:term":[{"taxonomy":"category","embeddable":true,"href":"https:\/\/sinprofaz.org.br\/2024\/wp-json\/wp\/v2\/categories?post=11415"},{"taxonomy":"post_tag","embeddable":true,"href":"https:\/\/sinprofaz.org.br\/2024\/wp-json\/wp\/v2\/tags?post=11415"}],"curies":[{"name":"wp","href":"https:\/\/api.w.org\/{rel}","templated":true}]}}