{"id":11409,"date":"2020-03-30T11:55:37","date_gmt":"2020-03-30T14:55:37","guid":{"rendered":"http:\/\/www.sinprofaz.org.br\/?p=11409"},"modified":"2020-03-30T12:05:23","modified_gmt":"2020-03-30T15:05:23","slug":"precisamos-de-uma-reforma-que-traga-justica-social-ao-brasil-afirma-ricardo-lodi","status":"publish","type":"post","link":"https:\/\/sinprofaz.org.br\/2024\/noticias\/precisamos-de-uma-reforma-que-traga-justica-social-ao-brasil-afirma-ricardo-lodi\/","title":{"rendered":"&#8220;PRECISAMOS DE UMA REFORMA QUE TRAGA JUSTI\u00c7A SOCIAL AO BRASIL&#8221;, AFIRMA RICARDO LODI"},"content":{"rendered":"<p>Ricardo Lodi Ribeiro foi convidado a palestrar durante o 19\u00ba Encontro Nacional dos Procuradores da Fazenda Nacional. Reitor da Universidade do Estado do Rio de Janeiro (UERJ) e autor de v\u00e1rios livros, Lodi apresentou aos Colegas sua mais nova obra, intitulada \u201cDesigualdade e Tributa\u00e7\u00e3o na Era da Austeridade Seletiva\u201d. O livro pode ser adquirido por meio do portal da Editora Lumen Juris: <a href=\"https:\/\/lumenjuris.com.br\/produto\/1265\/desigualdade-e-tributacao-na-era-da-austeridade-seletiva-2019\">bit.ly\/2I81epw<\/a>.<\/p>\n<p>&#8220;\u00c9 uma alegria ver o 19\u00ba Encontro do SINPROFAZ mostrando a consolida\u00e7\u00e3o da Carreira e do Sindicato. Como ex-presidente, fico muito feliz em ver o resultado desse trabalho. A mensagem que eu trouxe para o evento foi sobre meu novo livro. Precisamos de uma reforma tribut\u00e1ria que traga mais justi\u00e7a social para o Brasil, j\u00e1 que nossa matriz tribut\u00e1ria \u00e9 altamente regressiva e aprofunda as desigualdades sociais. Precisamos de uma tributa\u00e7\u00e3o que, ao contr\u00e1rio, promova mais igualdade, mais justi\u00e7a e mais liberdade no Brasil.&#8221;<\/p>\n<p>Assista \u00e0 \u00edntegra da entrevista: <a href=\"http:\/\/youtu.be\/fOtM1R3vnAo\">youtu.be\/fOtM1R3vnAo<\/a><\/p>\n","protected":false},"excerpt":{"rendered":"<p>Reitor da Universidade do Estado do Rio de Janeiro (UERJ) e autor de v\u00e1rios livros, Lodi apresentou aos Colegas sua mais nova obra, intitulada \u201cDesigualdade e Tributa\u00e7\u00e3o na Era da Austeridade Seletiva\u201d.<\/p>\n","protected":false},"author":2,"featured_media":11411,"comment_status":"open","ping_status":"open","sticky":false,"template":"","format":"standard","meta":{"footnotes":""},"categories":[8],"tags":[32,62,25],"featured_image_url":"https:\/\/sinprofaz.org.br\/2024\/wp-content\/uploads\/2020\/03\/2.png","character_count":510,"formatted_date":"30\/03\/2020 - 11:55","contentNovo":"Ricardo Lodi Ribeiro foi convidado a palestrar durante o 19\u00ba Encontro Nacional dos Procuradores da Fazenda Nacional. Reitor da Universidade do Estado do Rio de Janeiro (UERJ) e autor de v\u00e1rios livros, Lodi apresentou aos Colegas sua mais nova obra, intitulada \u201cDesigualdade e Tributa\u00e7\u00e3o na Era da Austeridade Seletiva\u201d. O livro pode ser adquirido por meio do portal da Editora Lumen Juris: <a href=\"https:\/\/lumenjuris.com.br\/produto\/1265\/desigualdade-e-tributacao-na-era-da-austeridade-seletiva-2019\">bit.ly\/2I81epw<\/a>.\r\n\r\n\"\u00c9 uma alegria ver o 19\u00ba Encontro do SINPROFAZ mostrando a consolida\u00e7\u00e3o da Carreira e do Sindicato. Como ex-presidente, fico muito feliz em ver o resultado desse trabalho. A mensagem que eu trouxe para o evento foi sobre meu novo livro. Precisamos de uma reforma tribut\u00e1ria que traga mais justi\u00e7a social para o Brasil, j\u00e1 que nossa matriz tribut\u00e1ria \u00e9 altamente regressiva e aprofunda as desigualdades sociais. Precisamos de uma tributa\u00e7\u00e3o que, ao contr\u00e1rio, promova mais igualdade, mais justi\u00e7a e mais liberdade no Brasil.\"\r\n\r\nAssista \u00e0 \u00edntegra da entrevista: <a href=\"http:\/\/youtu.be\/fOtM1R3vnAo\">youtu.be\/fOtM1R3vnAo<\/a>","_links":{"self":[{"href":"https:\/\/sinprofaz.org.br\/2024\/wp-json\/wp\/v2\/posts\/11409"}],"collection":[{"href":"https:\/\/sinprofaz.org.br\/2024\/wp-json\/wp\/v2\/posts"}],"about":[{"href":"https:\/\/sinprofaz.org.br\/2024\/wp-json\/wp\/v2\/types\/post"}],"author":[{"embeddable":true,"href":"https:\/\/sinprofaz.org.br\/2024\/wp-json\/wp\/v2\/users\/2"}],"replies":[{"embeddable":true,"href":"https:\/\/sinprofaz.org.br\/2024\/wp-json\/wp\/v2\/comments?post=11409"}],"version-history":[{"count":2,"href":"https:\/\/sinprofaz.org.br\/2024\/wp-json\/wp\/v2\/posts\/11409\/revisions"}],"predecessor-version":[{"id":11413,"href":"https:\/\/sinprofaz.org.br\/2024\/wp-json\/wp\/v2\/posts\/11409\/revisions\/11413"}],"wp:featuredmedia":[{"embeddable":true,"href":"https:\/\/sinprofaz.org.br\/2024\/wp-json\/wp\/v2\/media\/11411"}],"wp:attachment":[{"href":"https:\/\/sinprofaz.org.br\/2024\/wp-json\/wp\/v2\/media?parent=11409"}],"wp:term":[{"taxonomy":"category","embeddable":true,"href":"https:\/\/sinprofaz.org.br\/2024\/wp-json\/wp\/v2\/categories?post=11409"},{"taxonomy":"post_tag","embeddable":true,"href":"https:\/\/sinprofaz.org.br\/2024\/wp-json\/wp\/v2\/tags?post=11409"}],"curies":[{"name":"wp","href":"https:\/\/api.w.org\/{rel}","templated":true}]}}