{"id":11389,"date":"2020-03-23T09:17:34","date_gmt":"2020-03-23T12:17:34","guid":{"rendered":"http:\/\/www.sinprofaz.org.br\/?p=11389"},"modified":"2020-03-23T14:11:55","modified_gmt":"2020-03-23T17:11:55","slug":"ago-2020-preencha-a-procuracao-eletronica-e-garanta-sua-participacao","status":"publish","type":"post","link":"https:\/\/sinprofaz.org.br\/2024\/noticias\/ago-2020-preencha-a-procuracao-eletronica-e-garanta-sua-participacao\/","title":{"rendered":"AGO 2020: PREENCHA A PROCURA\u00c7\u00c3O ELETR\u00d4NICA E GARANTA SUA PARTICIPA\u00c7\u00c3O"},"content":{"rendered":"<p>A ocorr\u00eancia da pandemia de coronav\u00edrus no Brasil e no mundo suscitou questionamentos a respeito da realiza\u00e7\u00e3o da Assembleia Geral Ordin\u00e1ria 2020. Em raz\u00e3o do quadro, a Diretoria do SINPROFAZ vem fazer esclarecimentos.<\/p>\n<p>Por determina\u00e7\u00e3o estatut\u00e1ria, a Assembleia Geral Ordin\u00e1ria deve ocorrer em um s\u00e1bado do m\u00eas de mar\u00e7o. A possibilidade de preenchimento das Procura\u00e7\u00f5es, sejam elas Eletr\u00f4nicas ou Impressas, \u00e9 alternativa, j\u00e1 utilizada h\u00e1 anos pelo SINPROFAZ, para que a maior quantidade poss\u00edvel de filiados contribua com as delibera\u00e7\u00f5es sem necessariamente participar presencialmente da AGO.<\/p>\n<p>Tendo em vista essa possibilidade, o SINPROFAZ mant\u00e9m a Assembleia Geral Ordin\u00e1ria para a data e o local divulgados, 28 de mar\u00e7o em Bras\u00edlia\/DF, e solicita, mais do que nunca, que os filiados participem por meio da Procura\u00e7\u00e3o Eletr\u00f4nica.<\/p>\n<p>Para preench\u00ea-la, acesse a Nova \u00c1rea do Filiado (ser\u00e1 necess\u00e1rio digitar a matr\u00edcula e atualizar a senha): <a href=\"http:\/\/areadofiliado.sinprofaz.org.br\" target=\"_blank\" rel=\"noopener\">http:\/\/areadofiliado.sinprofaz.org.br<\/a><\/p>\n<p>No caso de d\u00favidas sobre o preenchimento, consulte nosso Passo a Passo: <a href=\"http:\/\/bit.ly\/33qQix9\" target=\"_blank\" rel=\"noopener\">bit.ly\/33qQix9<\/a><\/p>\n","protected":false},"excerpt":{"rendered":"<p>A ocorr\u00eancia da pandemia de coronav\u00edrus no Brasil suscitou questionamentos a respeito da realiza\u00e7\u00e3o da Assembleia Geral Ordin\u00e1ria 2020. Em raz\u00e3o do quadro de crise na sa\u00fade p\u00fablica, a Diretoria do SINPROFAZ vem fazer esclarecimentos.<\/p>\n","protected":false},"author":2,"featured_media":11001,"comment_status":"open","ping_status":"open","sticky":false,"template":"","format":"standard","meta":{"footnotes":""},"categories":[8],"tags":[41,32,146,25],"featured_image_url":"https:\/\/sinprofaz.org.br\/2024\/wp-content\/uploads\/2020\/01\/3banner-marca-sinprofaz800x643.png","character_count":550,"formatted_date":"23\/03\/2020 - 09:17","contentNovo":"A ocorr\u00eancia da pandemia de coronav\u00edrus no Brasil e no mundo suscitou questionamentos a respeito da realiza\u00e7\u00e3o da Assembleia Geral Ordin\u00e1ria 2020. Em raz\u00e3o do quadro, a Diretoria do SINPROFAZ vem fazer esclarecimentos.\r\n\r\nPor determina\u00e7\u00e3o estatut\u00e1ria, a Assembleia Geral Ordin\u00e1ria deve ocorrer em um s\u00e1bado do m\u00eas de mar\u00e7o. A possibilidade de preenchimento das Procura\u00e7\u00f5es, sejam elas Eletr\u00f4nicas ou Impressas, \u00e9 alternativa, j\u00e1 utilizada h\u00e1 anos pelo SINPROFAZ, para que a maior quantidade poss\u00edvel de filiados contribua com as delibera\u00e7\u00f5es sem necessariamente participar presencialmente da AGO.\r\n\r\nTendo em vista essa possibilidade, o SINPROFAZ mant\u00e9m a Assembleia Geral Ordin\u00e1ria para a data e o local divulgados, 28 de mar\u00e7o em Bras\u00edlia\/DF, e solicita, mais do que nunca, que os filiados participem por meio da Procura\u00e7\u00e3o Eletr\u00f4nica.\r\n\r\nPara preench\u00ea-la, acesse a Nova \u00c1rea do Filiado (ser\u00e1 necess\u00e1rio digitar a matr\u00edcula e atualizar a senha): <a href=\"http:\/\/areadofiliado.sinprofaz.org.br\" target=\"_blank\" rel=\"noopener\">http:\/\/areadofiliado.sinprofaz.org.br<\/a>\r\n\r\nNo caso de d\u00favidas sobre o preenchimento, consulte nosso Passo a Passo: <a href=\"http:\/\/bit.ly\/33qQix9\" target=\"_blank\" rel=\"noopener\">bit.ly\/33qQix9<\/a>","_links":{"self":[{"href":"https:\/\/sinprofaz.org.br\/2024\/wp-json\/wp\/v2\/posts\/11389"}],"collection":[{"href":"https:\/\/sinprofaz.org.br\/2024\/wp-json\/wp\/v2\/posts"}],"about":[{"href":"https:\/\/sinprofaz.org.br\/2024\/wp-json\/wp\/v2\/types\/post"}],"author":[{"embeddable":true,"href":"https:\/\/sinprofaz.org.br\/2024\/wp-json\/wp\/v2\/users\/2"}],"replies":[{"embeddable":true,"href":"https:\/\/sinprofaz.org.br\/2024\/wp-json\/wp\/v2\/comments?post=11389"}],"version-history":[{"count":3,"href":"https:\/\/sinprofaz.org.br\/2024\/wp-json\/wp\/v2\/posts\/11389\/revisions"}],"predecessor-version":[{"id":11395,"href":"https:\/\/sinprofaz.org.br\/2024\/wp-json\/wp\/v2\/posts\/11389\/revisions\/11395"}],"wp:featuredmedia":[{"embeddable":true,"href":"https:\/\/sinprofaz.org.br\/2024\/wp-json\/wp\/v2\/media\/11001"}],"wp:attachment":[{"href":"https:\/\/sinprofaz.org.br\/2024\/wp-json\/wp\/v2\/media?parent=11389"}],"wp:term":[{"taxonomy":"category","embeddable":true,"href":"https:\/\/sinprofaz.org.br\/2024\/wp-json\/wp\/v2\/categories?post=11389"},{"taxonomy":"post_tag","embeddable":true,"href":"https:\/\/sinprofaz.org.br\/2024\/wp-json\/wp\/v2\/tags?post=11389"}],"curies":[{"name":"wp","href":"https:\/\/api.w.org\/{rel}","templated":true}]}}