{"id":11353,"date":"2020-03-16T09:43:50","date_gmt":"2020-03-16T12:43:50","guid":{"rendered":"http:\/\/www.sinprofaz.org.br\/?p=11353"},"modified":"2020-03-16T11:46:09","modified_gmt":"2020-03-16T14:46:09","slug":"acesse-a-area-do-filiado-e-preencha-a-procuracao-eletronica-da-ago-2020","status":"publish","type":"post","link":"https:\/\/sinprofaz.org.br\/2024\/noticias\/acesse-a-area-do-filiado-e-preencha-a-procuracao-eletronica-da-ago-2020\/","title":{"rendered":"ACESSE A \u00c1REA DO FILIADO E PREENCHA A PROCURA\u00c7\u00c3O ELETR\u00d4NICA DA AGO 2020"},"content":{"rendered":"<p>Filiado, j\u00e1 preencheu a procura\u00e7\u00e3o eletr\u00f4nica da Assembleia Geral Ordin\u00e1ria do SINPROFAZ?<\/p>\n<p>A procura\u00e7\u00e3o eletr\u00f4nica outorga a representa\u00e7\u00e3o na AGO ao presidente do Sindicato e est\u00e1 dispon\u00edvel na Nova \u00c1rea do Filiado. Para indicar outro outorgado, o PFN deve utilizar a vers\u00e3o impressa (tamb\u00e9m dispon\u00edvel na \u00e1rea restrita do site), a qual pode ser entregue preenchida ao delegado sindical correspondente ou encaminhada ao SINPROFAZ via Correios.<\/p>\n<p>A AGO 2020 ocorre no dia 28 de mar\u00e7o, no Comfort Suites Bras\u00edlia, localizado no SHN Quadra 4, Bloco D, Asa Norte, Bras\u00edlia\/DF.<\/p>\n<p>Acesse aqui a Nova \u00c1rea do Filiado (ser\u00e1 necess\u00e1rio digitar a matr\u00edcula e atualizar a senha): <a href=\"https:\/\/areadofiliado.sinprofaz.org.br\/pages\/login.php\">http:\/\/areadofiliado.sinprofaz.org.br<\/a><\/p>\n","protected":false},"excerpt":{"rendered":"<p>Filiado, j\u00e1 preencheu a procura\u00e7\u00e3o eletr\u00f4nica da Assembleia Geral Ordin\u00e1ria do SINPROFAZ? A procura\u00e7\u00e3o eletr\u00f4nica outorga a representa\u00e7\u00e3o na AGO ao presidente do Sindicato e est\u00e1 dispon\u00edvel na \u00c1rea do Filiado.<\/p>\n","protected":false},"author":2,"featured_media":9523,"comment_status":"open","ping_status":"open","sticky":false,"template":"","format":"standard","meta":{"footnotes":""},"categories":[8],"tags":[41,32,146,25],"featured_image_url":"https:\/\/sinprofaz.org.br\/2024\/wp-content\/uploads\/2019\/04\/002.png","character_count":363,"formatted_date":"16\/03\/2020 - 09:43","contentNovo":"Filiado, j\u00e1 preencheu a procura\u00e7\u00e3o eletr\u00f4nica da Assembleia Geral Ordin\u00e1ria do SINPROFAZ?\r\n\r\nA procura\u00e7\u00e3o eletr\u00f4nica outorga a representa\u00e7\u00e3o na AGO ao presidente do Sindicato e est\u00e1 dispon\u00edvel na Nova \u00c1rea do Filiado. Para indicar outro outorgado, o PFN deve utilizar a vers\u00e3o impressa (tamb\u00e9m dispon\u00edvel na \u00e1rea restrita do site), a qual pode ser entregue preenchida ao delegado sindical correspondente ou encaminhada ao SINPROFAZ via Correios.\r\n\r\nA AGO 2020 ocorre no dia 28 de mar\u00e7o, no Comfort Suites Bras\u00edlia, localizado no SHN Quadra 4, Bloco D, Asa Norte, Bras\u00edlia\/DF.\r\n\r\nAcesse aqui a Nova \u00c1rea do Filiado (ser\u00e1 necess\u00e1rio digitar a matr\u00edcula e atualizar a senha): <a href=\"https:\/\/areadofiliado.sinprofaz.org.br\/pages\/login.php\">http:\/\/areadofiliado.sinprofaz.org.br<\/a>","_links":{"self":[{"href":"https:\/\/sinprofaz.org.br\/2024\/wp-json\/wp\/v2\/posts\/11353"}],"collection":[{"href":"https:\/\/sinprofaz.org.br\/2024\/wp-json\/wp\/v2\/posts"}],"about":[{"href":"https:\/\/sinprofaz.org.br\/2024\/wp-json\/wp\/v2\/types\/post"}],"author":[{"embeddable":true,"href":"https:\/\/sinprofaz.org.br\/2024\/wp-json\/wp\/v2\/users\/2"}],"replies":[{"embeddable":true,"href":"https:\/\/sinprofaz.org.br\/2024\/wp-json\/wp\/v2\/comments?post=11353"}],"version-history":[{"count":2,"href":"https:\/\/sinprofaz.org.br\/2024\/wp-json\/wp\/v2\/posts\/11353\/revisions"}],"predecessor-version":[{"id":11362,"href":"https:\/\/sinprofaz.org.br\/2024\/wp-json\/wp\/v2\/posts\/11353\/revisions\/11362"}],"wp:featuredmedia":[{"embeddable":true,"href":"https:\/\/sinprofaz.org.br\/2024\/wp-json\/wp\/v2\/media\/9523"}],"wp:attachment":[{"href":"https:\/\/sinprofaz.org.br\/2024\/wp-json\/wp\/v2\/media?parent=11353"}],"wp:term":[{"taxonomy":"category","embeddable":true,"href":"https:\/\/sinprofaz.org.br\/2024\/wp-json\/wp\/v2\/categories?post=11353"},{"taxonomy":"post_tag","embeddable":true,"href":"https:\/\/sinprofaz.org.br\/2024\/wp-json\/wp\/v2\/tags?post=11353"}],"curies":[{"name":"wp","href":"https:\/\/api.w.org\/{rel}","templated":true}]}}