{"id":11328,"date":"2020-03-11T14:54:40","date_gmt":"2020-03-11T17:54:40","guid":{"rendered":"http:\/\/www.sinprofaz.org.br\/?p=11328"},"modified":"2020-03-11T14:54:40","modified_gmt":"2020-03-11T17:54:40","slug":"sinprofaz-atua-em-defesa-de-prerrogativas-dos-membros-da-agu-2","status":"publish","type":"post","link":"https:\/\/sinprofaz.org.br\/2024\/noticias\/sinprofaz-atua-em-defesa-de-prerrogativas-dos-membros-da-agu-2\/","title":{"rendered":"SINPROFAZ ATUA EM DEFESA DE PRERROGATIVAS DOS MEMBROS DA AGU"},"content":{"rendered":"<p>O SINPROFAZ, representado pelo presidente Jos\u00e9 Ernane Brito, esteve hoje (11) em atua\u00e7\u00e3o parlamentar na C\u00e2mara dos Deputados. Na oportunidade, o presidente compareceu ao gabinete da Lideran\u00e7a do PSD, onde se reuniu com o l\u00edder, deputado Diego Andrade (PSD\/MG), e com os deputados F\u00e1bio Trad (PSD\/MS) e Otto Alencar Filho (PSD\/BA). <\/p>\n<p>Outras entidades representativas da Advocacia P\u00fablica participaram do encontro, no qual o SINPROFAZ atuou em defesa de prerrogativa da Carreira. Enquanto Fun\u00e7\u00e3o Essencial \u00e0 Justi\u00e7a, os advogados p\u00fablicos presentes pleitearam ainda a manuten\u00e7\u00e3o, no \u00e2mbito da reforma administrativa, de prerrogativas dos Membros da AGU, dentre elas a estabilidade e a n\u00e3o redu\u00e7\u00e3o de jornada e de sal\u00e1rio.<\/p>\n\n\t\t<style type=\"text\/css\">\n\t\t\t#gallery-1 {\n\t\t\t\tmargin: auto;\n\t\t\t}\n\t\t\t#gallery-1 .gallery-item {\n\t\t\t\tfloat: left;\n\t\t\t\tmargin-top: 10px;\n\t\t\t\ttext-align: center;\n\t\t\t\twidth: 33%;\n\t\t\t}\n\t\t\t#gallery-1 img {\n\t\t\t\tborder: 2px solid #cfcfcf;\n\t\t\t}\n\t\t\t#gallery-1 .gallery-caption {\n\t\t\t\tmargin-left: 0;\n\t\t\t}\n\t\t\t\/* see gallery_shortcode() in wp-includes\/media.php *\/\n\t\t<\/style>\n\t\t<div id='gallery-1' class='gallery galleryid-11328 gallery-columns-3 gallery-size-thumbnail'><dl class='gallery-item'>\n\t\t\t<dt class='gallery-icon landscape'>\n\t\t\t\t<a href='https:\/\/sinprofaz.org.br\/2024\/wp-content\/uploads\/2020\/03\/02-6.jpg'><img loading=\"lazy\" decoding=\"async\" width=\"150\" height=\"150\" src=\"https:\/\/sinprofaz.org.br\/2024\/wp-content\/uploads\/2020\/03\/02-6-150x150.jpg\" class=\"attachment-thumbnail size-thumbnail\" alt=\"\" \/><\/a>\n\t\t\t<\/dt><\/dl><dl class='gallery-item'>\n\t\t\t<dt class='gallery-icon landscape'>\n\t\t\t\t<a href='https:\/\/sinprofaz.org.br\/2024\/wp-content\/uploads\/2020\/03\/03-5.jpg'><img loading=\"lazy\" decoding=\"async\" width=\"150\" height=\"150\" src=\"https:\/\/sinprofaz.org.br\/2024\/wp-content\/uploads\/2020\/03\/03-5-150x150.jpg\" class=\"attachment-thumbnail size-thumbnail\" alt=\"\" \/><\/a>\n\t\t\t<\/dt><\/dl><dl class='gallery-item'>\n\t\t\t<dt class='gallery-icon landscape'>\n\t\t\t\t<a href='https:\/\/sinprofaz.org.br\/2024\/wp-content\/uploads\/2020\/03\/04-2.jpg'><img loading=\"lazy\" decoding=\"async\" width=\"150\" height=\"150\" src=\"https:\/\/sinprofaz.org.br\/2024\/wp-content\/uploads\/2020\/03\/04-2-150x150.jpg\" class=\"attachment-thumbnail size-thumbnail\" alt=\"\" \/><\/a>\n\t\t\t<\/dt><\/dl><br style=\"clear: both\" \/>\n\t\t<\/div>\n\n","protected":false},"excerpt":{"rendered":"<p>Jos\u00e9 Ernane Brito esteve hoje em atua\u00e7\u00e3o parlamentar na C\u00e2mara dos Deputados. Na oportunidade, o presidente compareceu ao gabinete da Lideran\u00e7a do PSD, onde se reuniu com os deputados Diego Andrade, F\u00e1bio Trad e Otto Alencar Filho.<\/p>\n","protected":false},"author":2,"featured_media":11329,"comment_status":"open","ping_status":"open","sticky":false,"template":"","format":"standard","meta":{"footnotes":""},"categories":[8],"tags":[43,73,25],"featured_image_url":"https:\/\/sinprofaz.org.br\/2024\/wp-content\/uploads\/2020\/03\/01-6.jpg","character_count":559,"formatted_date":"11\/03\/2020 - 14:54","contentNovo":"O SINPROFAZ, representado pelo presidente Jos\u00e9 Ernane Brito, esteve hoje (11) em atua\u00e7\u00e3o parlamentar na C\u00e2mara dos Deputados. Na oportunidade, o presidente compareceu ao gabinete da Lideran\u00e7a do PSD, onde se reuniu com o l\u00edder, deputado Diego Andrade (PSD\/MG), e com os deputados F\u00e1bio Trad (PSD\/MS) e Otto Alencar Filho (PSD\/BA). \r\n\r\nOutras entidades representativas da Advocacia P\u00fablica participaram do encontro, no qual o SINPROFAZ atuou em defesa de prerrogativa da Carreira. Enquanto Fun\u00e7\u00e3o Essencial \u00e0 Justi\u00e7a, os advogados p\u00fablicos presentes pleitearam ainda a manuten\u00e7\u00e3o, no \u00e2mbito da reforma administrativa, de prerrogativas dos Membros da AGU, dentre elas a estabilidade e a n\u00e3o redu\u00e7\u00e3o de jornada e de sal\u00e1rio.\r\n\r\n[gallery link=\"file\" ids=\"11330,11331,11332\"]","_links":{"self":[{"href":"https:\/\/sinprofaz.org.br\/2024\/wp-json\/wp\/v2\/posts\/11328"}],"collection":[{"href":"https:\/\/sinprofaz.org.br\/2024\/wp-json\/wp\/v2\/posts"}],"about":[{"href":"https:\/\/sinprofaz.org.br\/2024\/wp-json\/wp\/v2\/types\/post"}],"author":[{"embeddable":true,"href":"https:\/\/sinprofaz.org.br\/2024\/wp-json\/wp\/v2\/users\/2"}],"replies":[{"embeddable":true,"href":"https:\/\/sinprofaz.org.br\/2024\/wp-json\/wp\/v2\/comments?post=11328"}],"version-history":[{"count":1,"href":"https:\/\/sinprofaz.org.br\/2024\/wp-json\/wp\/v2\/posts\/11328\/revisions"}],"predecessor-version":[{"id":11333,"href":"https:\/\/sinprofaz.org.br\/2024\/wp-json\/wp\/v2\/posts\/11328\/revisions\/11333"}],"wp:featuredmedia":[{"embeddable":true,"href":"https:\/\/sinprofaz.org.br\/2024\/wp-json\/wp\/v2\/media\/11329"}],"wp:attachment":[{"href":"https:\/\/sinprofaz.org.br\/2024\/wp-json\/wp\/v2\/media?parent=11328"}],"wp:term":[{"taxonomy":"category","embeddable":true,"href":"https:\/\/sinprofaz.org.br\/2024\/wp-json\/wp\/v2\/categories?post=11328"},{"taxonomy":"post_tag","embeddable":true,"href":"https:\/\/sinprofaz.org.br\/2024\/wp-json\/wp\/v2\/tags?post=11328"}],"curies":[{"name":"wp","href":"https:\/\/api.w.org\/{rel}","templated":true}]}}