{"id":11302,"date":"2020-03-09T13:52:12","date_gmt":"2020-03-09T16:52:12","guid":{"rendered":"http:\/\/www.sinprofaz.org.br\/?p=11302"},"modified":"2020-03-09T14:00:34","modified_gmt":"2020-03-09T17:00:34","slug":"filiado-preencha-a-procuracao-eletronica-e-participe-da-ago-2020","status":"publish","type":"post","link":"https:\/\/sinprofaz.org.br\/2024\/noticias\/filiado-preencha-a-procuracao-eletronica-e-participe-da-ago-2020\/","title":{"rendered":"FILIADO, PREENCHA A PROCURA\u00c7\u00c3O ELETR\u00d4NICA E PARTICIPE DA AGO 2020"},"content":{"rendered":"<p>A Assembleia Geral Ordin\u00e1ria do SINPROFAZ tem data marcada: ela ocorre no dia 28 de mar\u00e7o, a partir das 9h30, no Comfort Suites Bras\u00edlia, localizado no SHN Quadra 04, Bloco D, Asa Norte, Bras\u00edlia\/DF.<\/p>\n<p>Aos filiados que n\u00e3o puderem comparecer, o SINPROFAZ disponibiliza procura\u00e7\u00f5es eletr\u00f4nicas e impressas. A procura\u00e7\u00e3o eletr\u00f4nica outorga a representa\u00e7\u00e3o na AGO ao presidente do Sindicato. Para indicar outro outorgado, o PFN deve utilizar a vers\u00e3o impressa, a qual pode ser entregue preenchida ao delegado sindical do estado correspondente ou encaminhada ao SINPROFAZ via Correios.<\/p>\n<p>Para preencher a Procura\u00e7\u00e3o Eletr\u00f4nica &#8211; Mar\u00e7o\/2020, acesse a Nova \u00c1rea do Filiado (ser\u00e1 necess\u00e1rio digitar a matr\u00edcula e atualizar a senha): <a href=\"http:\/\/areadofiliado.sinprofaz.org.br\">http:\/\/areadofiliado.sinprofaz.org.br<\/a><\/p>\n","protected":false},"excerpt":{"rendered":"<p>O SINPROFAZ disponibiliza aos filiados procura\u00e7\u00f5es eletr\u00f4nicas e impressas. A procura\u00e7\u00e3o eletr\u00f4nica outorga a representa\u00e7\u00e3o na AGO ao presidente do Sindicato. Para indicar outro outorgado, o PFN deve utilizar a vers\u00e3o impressa.<\/p>\n","protected":false},"author":2,"featured_media":11001,"comment_status":"open","ping_status":"open","sticky":false,"template":"","format":"standard","meta":{"footnotes":""},"categories":[8],"tags":[41,32,146,25],"featured_image_url":"https:\/\/sinprofaz.org.br\/2024\/wp-content\/uploads\/2020\/01\/3banner-marca-sinprofaz800x643.png","character_count":394,"formatted_date":"09\/03\/2020 - 13:52","contentNovo":"A Assembleia Geral Ordin\u00e1ria do SINPROFAZ tem data marcada: ela ocorre no dia 28 de mar\u00e7o, a partir das 9h30, no Comfort Suites Bras\u00edlia, localizado no SHN Quadra 04, Bloco D, Asa Norte, Bras\u00edlia\/DF.\r\n\r\nAos filiados que n\u00e3o puderem comparecer, o SINPROFAZ disponibiliza procura\u00e7\u00f5es eletr\u00f4nicas e impressas. A procura\u00e7\u00e3o eletr\u00f4nica outorga a representa\u00e7\u00e3o na AGO ao presidente do Sindicato. Para indicar outro outorgado, o PFN deve utilizar a vers\u00e3o impressa, a qual pode ser entregue preenchida ao delegado sindical do estado correspondente ou encaminhada ao SINPROFAZ via Correios.\r\n\r\nPara preencher a Procura\u00e7\u00e3o Eletr\u00f4nica - Mar\u00e7o\/2020, acesse a Nova \u00c1rea do Filiado (ser\u00e1 necess\u00e1rio digitar a matr\u00edcula e atualizar a senha): <a href=\"http:\/\/areadofiliado.sinprofaz.org.br\">http:\/\/areadofiliado.sinprofaz.org.br<\/a>","_links":{"self":[{"href":"https:\/\/sinprofaz.org.br\/2024\/wp-json\/wp\/v2\/posts\/11302"}],"collection":[{"href":"https:\/\/sinprofaz.org.br\/2024\/wp-json\/wp\/v2\/posts"}],"about":[{"href":"https:\/\/sinprofaz.org.br\/2024\/wp-json\/wp\/v2\/types\/post"}],"author":[{"embeddable":true,"href":"https:\/\/sinprofaz.org.br\/2024\/wp-json\/wp\/v2\/users\/2"}],"replies":[{"embeddable":true,"href":"https:\/\/sinprofaz.org.br\/2024\/wp-json\/wp\/v2\/comments?post=11302"}],"version-history":[{"count":1,"href":"https:\/\/sinprofaz.org.br\/2024\/wp-json\/wp\/v2\/posts\/11302\/revisions"}],"predecessor-version":[{"id":11303,"href":"https:\/\/sinprofaz.org.br\/2024\/wp-json\/wp\/v2\/posts\/11302\/revisions\/11303"}],"wp:featuredmedia":[{"embeddable":true,"href":"https:\/\/sinprofaz.org.br\/2024\/wp-json\/wp\/v2\/media\/11001"}],"wp:attachment":[{"href":"https:\/\/sinprofaz.org.br\/2024\/wp-json\/wp\/v2\/media?parent=11302"}],"wp:term":[{"taxonomy":"category","embeddable":true,"href":"https:\/\/sinprofaz.org.br\/2024\/wp-json\/wp\/v2\/categories?post=11302"},{"taxonomy":"post_tag","embeddable":true,"href":"https:\/\/sinprofaz.org.br\/2024\/wp-json\/wp\/v2\/tags?post=11302"}],"curies":[{"name":"wp","href":"https:\/\/api.w.org\/{rel}","templated":true}]}}