{"id":1129,"date":"2012-12-19T12:08:33","date_gmt":"2012-12-19T12:08:33","guid":{"rendered":""},"modified":"-0001-11-30T00:00:00","modified_gmt":"-0001-11-30T03:00:00","slug":"projeto-de-reajuste-segue-a-sancao-presidencial","status":"publish","type":"post","link":"https:\/\/sinprofaz.org.br\/2024\/noticias\/projeto-de-reajuste-segue-a-sancao-presidencial\/","title":{"rendered":"Projeto de reajuste segue \u00e0 san\u00e7\u00e3o presidencial"},"content":{"rendered":"<p>O texto inclui todas as carreiras do servi\u00e7o p\u00fablico, remuneradas sob a forma de subs\u00eddio, que assinaram o acordo salarial em agosto de 2012, inclusive toda a Advocacia P\u00fablica Federal.<\/p>\n<p>Na mesma sess\u00e3o do Senado ainda foram aprovados outros projetos de lei com os mesmos percentuais de reajuste para outras carreiras de apoio do Poder Executivo, do Judici\u00e1rio, Minist\u00e9rio P\u00fablico, do Poder Legislativo. Os reajustes, para os anos de 2013 a 2015, totalizam 15,8%, que ser\u00e3o pagos em tr\u00eas parcelas de 5%, sempre no m\u00eas de janeiro dos anos de 2013, 2014 e 2015.<\/p>\n","protected":false},"excerpt":{"rendered":"<p>O Senado Federal aprovou ontem,18\/12, em regime de urg\u00eancia, o Projeto de Lei da C\u00e2mara (PLC) n\u00ba 127\/2012, que trata do reajuste salarial de diversas carreiras, entre as quais a de Procurador da Fazenda Nacional.<\/p>\n","protected":false},"author":1,"featured_media":0,"comment_status":"closed","ping_status":"open","sticky":false,"template":"","format":"standard","meta":{"footnotes":""},"categories":[8],"tags":[],"featured_image_url":"https:\/\/dummyimage.com\/720x400","character_count":285,"formatted_date":"19\/12\/2012 - 12:08","contentNovo":"\r\n<p>O texto inclui todas as carreiras do servi\u00e7o p\u00fablico, remuneradas sob a forma de subs\u00eddio, que assinaram o acordo salarial em agosto de 2012, inclusive toda a Advocacia P\u00fablica Federal.<\/p>\r\n<p>Na mesma sess\u00e3o do Senado ainda foram aprovados outros projetos de lei com os mesmos percentuais de reajuste para outras carreiras de apoio do Poder Executivo, do Judici\u00e1rio, Minist\u00e9rio P\u00fablico, do Poder Legislativo. Os reajustes, para os anos de 2013 a 2015, totalizam 15,8%, que ser\u00e3o pagos em tr\u00eas parcelas de 5%, sempre no m\u00eas de janeiro dos anos de 2013, 2014 e 2015.<\/p>","_links":{"self":[{"href":"https:\/\/sinprofaz.org.br\/2024\/wp-json\/wp\/v2\/posts\/1129"}],"collection":[{"href":"https:\/\/sinprofaz.org.br\/2024\/wp-json\/wp\/v2\/posts"}],"about":[{"href":"https:\/\/sinprofaz.org.br\/2024\/wp-json\/wp\/v2\/types\/post"}],"author":[{"embeddable":true,"href":"https:\/\/sinprofaz.org.br\/2024\/wp-json\/wp\/v2\/users\/1"}],"replies":[{"embeddable":true,"href":"https:\/\/sinprofaz.org.br\/2024\/wp-json\/wp\/v2\/comments?post=1129"}],"version-history":[{"count":0,"href":"https:\/\/sinprofaz.org.br\/2024\/wp-json\/wp\/v2\/posts\/1129\/revisions"}],"wp:attachment":[{"href":"https:\/\/sinprofaz.org.br\/2024\/wp-json\/wp\/v2\/media?parent=1129"}],"wp:term":[{"taxonomy":"category","embeddable":true,"href":"https:\/\/sinprofaz.org.br\/2024\/wp-json\/wp\/v2\/categories?post=1129"},{"taxonomy":"post_tag","embeddable":true,"href":"https:\/\/sinprofaz.org.br\/2024\/wp-json\/wp\/v2\/tags?post=1129"}],"curies":[{"name":"wp","href":"https:\/\/api.w.org\/{rel}","templated":true}]}}