{"id":11278,"date":"2020-03-05T09:49:42","date_gmt":"2020-03-05T12:49:42","guid":{"rendered":"http:\/\/www.sinprofaz.org.br\/?p=11278"},"modified":"2020-03-05T14:09:52","modified_gmt":"2020-03-05T17:09:52","slug":"ago-2020-procuracao-eletronica-ja-esta-disponivel-na-area-do-filiado","status":"publish","type":"post","link":"https:\/\/sinprofaz.org.br\/2024\/noticias\/ago-2020-procuracao-eletronica-ja-esta-disponivel-na-area-do-filiado\/","title":{"rendered":"AGO 2020: PROCURA\u00c7\u00c3O ELETR\u00d4NICA J\u00c1 EST\u00c1 DISPON\u00cdVEL NA \u00c1REA DO FILIADO"},"content":{"rendered":"<p>A AGO 2020 se aproxima: a Assembleia ser\u00e1 realizada no dia 28 de mar\u00e7o, a partir das 9h30, no Comfort Suites Bras\u00edlia, localizado no SHN Quadra 04, Bloco D, Asa Norte, Bras\u00edlia\/DF.<\/p>\n<p>\u00c0queles que n\u00e3o puderem comparecer, o SINPROFAZ disponibiliza procura\u00e7\u00f5es eletr\u00f4nicas e impressas. A procura\u00e7\u00e3o eletr\u00f4nica outorga a representa\u00e7\u00e3o na Assembleia ao presidente do Sindicato. Para indicar outro outorgado, deve-se utilizar a vers\u00e3o impressa, a qual pode ser entregue preenchida ao delegado sindical do estado correspondente ou encaminhada ao SINPROFAZ via Correios.<\/p>\n<p>Para ter acesso \u00e0 Procura\u00e7\u00e3o Eletr\u00f4nica &#8211; Mar\u00e7o\/2020, acesse a Nova \u00c1rea do Filiado (ser\u00e1 necess\u00e1rio digitar a matr\u00edcula e atualizar a senha): <a href=\"http:\/\/areadofiliado.sinprofaz.org.br\">http:\/\/areadofiliado.sinprofaz.org.br<\/a><\/p>\n","protected":false},"excerpt":{"rendered":"<p>A procura\u00e7\u00e3o eletr\u00f4nica outorga a representa\u00e7\u00e3o na AGO ao presidente do Sindicato. Para indicar outro outorgado, deve-se utilizar a vers\u00e3o impressa, a qual pode ser entregue preenchida ao delegado correspondente ou encaminhada ao SINPROFAZ.<\/p>\n","protected":false},"author":2,"featured_media":11001,"comment_status":"open","ping_status":"open","sticky":false,"template":"","format":"standard","meta":{"footnotes":""},"categories":[8],"tags":[41,32,146,25],"featured_image_url":"https:\/\/sinprofaz.org.br\/2024\/wp-content\/uploads\/2020\/01\/3banner-marca-sinprofaz800x643.png","character_count":386,"formatted_date":"05\/03\/2020 - 09:49","contentNovo":"A AGO 2020 se aproxima: a Assembleia ser\u00e1 realizada no dia 28 de mar\u00e7o, a partir das 9h30, no Comfort Suites Bras\u00edlia, localizado no SHN Quadra 04, Bloco D, Asa Norte, Bras\u00edlia\/DF.\r\n\r\n\u00c0queles que n\u00e3o puderem comparecer, o SINPROFAZ disponibiliza procura\u00e7\u00f5es eletr\u00f4nicas e impressas. A procura\u00e7\u00e3o eletr\u00f4nica outorga a representa\u00e7\u00e3o na Assembleia ao presidente do Sindicato. Para indicar outro outorgado, deve-se utilizar a vers\u00e3o impressa, a qual pode ser entregue preenchida ao delegado sindical do estado correspondente ou encaminhada ao SINPROFAZ via Correios.\r\n\r\nPara ter acesso \u00e0 Procura\u00e7\u00e3o Eletr\u00f4nica - Mar\u00e7o\/2020, acesse a Nova \u00c1rea do Filiado (ser\u00e1 necess\u00e1rio digitar a matr\u00edcula e atualizar a senha): <a href=\"http:\/\/areadofiliado.sinprofaz.org.br\">http:\/\/areadofiliado.sinprofaz.org.br<\/a>","_links":{"self":[{"href":"https:\/\/sinprofaz.org.br\/2024\/wp-json\/wp\/v2\/posts\/11278"}],"collection":[{"href":"https:\/\/sinprofaz.org.br\/2024\/wp-json\/wp\/v2\/posts"}],"about":[{"href":"https:\/\/sinprofaz.org.br\/2024\/wp-json\/wp\/v2\/types\/post"}],"author":[{"embeddable":true,"href":"https:\/\/sinprofaz.org.br\/2024\/wp-json\/wp\/v2\/users\/2"}],"replies":[{"embeddable":true,"href":"https:\/\/sinprofaz.org.br\/2024\/wp-json\/wp\/v2\/comments?post=11278"}],"version-history":[{"count":2,"href":"https:\/\/sinprofaz.org.br\/2024\/wp-json\/wp\/v2\/posts\/11278\/revisions"}],"predecessor-version":[{"id":11286,"href":"https:\/\/sinprofaz.org.br\/2024\/wp-json\/wp\/v2\/posts\/11278\/revisions\/11286"}],"wp:featuredmedia":[{"embeddable":true,"href":"https:\/\/sinprofaz.org.br\/2024\/wp-json\/wp\/v2\/media\/11001"}],"wp:attachment":[{"href":"https:\/\/sinprofaz.org.br\/2024\/wp-json\/wp\/v2\/media?parent=11278"}],"wp:term":[{"taxonomy":"category","embeddable":true,"href":"https:\/\/sinprofaz.org.br\/2024\/wp-json\/wp\/v2\/categories?post=11278"},{"taxonomy":"post_tag","embeddable":true,"href":"https:\/\/sinprofaz.org.br\/2024\/wp-json\/wp\/v2\/tags?post=11278"}],"curies":[{"name":"wp","href":"https:\/\/api.w.org\/{rel}","templated":true}]}}