{"id":11271,"date":"2020-03-04T16:14:50","date_gmt":"2020-03-04T19:14:50","guid":{"rendered":"http:\/\/www.sinprofaz.org.br\/?p=11271"},"modified":"2020-03-05T11:08:14","modified_gmt":"2020-03-05T14:08:14","slug":"sinprofaz-apoia-homenagem-as-precursoras-nas-funcoes-essenciais-a-justica","status":"publish","type":"post","link":"https:\/\/sinprofaz.org.br\/2024\/noticias\/sinprofaz-apoia-homenagem-as-precursoras-nas-funcoes-essenciais-a-justica\/","title":{"rendered":"SINPROFAZ APOIA HOMENAGEM \u00c0S MULHERES NAS FUN\u00c7\u00d5ES ESSENCIAIS \u00c0 JUSTI\u00c7A"},"content":{"rendered":"<p>Em comemora\u00e7\u00e3o ao Dia Internacional da Mulher, as precursoras no Judici\u00e1rio e nas Fun\u00e7\u00f5es Essenciais \u00e0 Justi\u00e7a ser\u00e3o homenageadas. O evento, promovido pelo Tribunal Regional Federal da 3\u00aa Regi\u00e3o e pela Escola de Magistrados da Justi\u00e7a Federal da 3\u00aa Regi\u00e3o, conta com o apoio do SINPROFAZ e ser\u00e1 realizado em audit\u00f3rio do TRF3 no dia 9 de mar\u00e7o.<\/p>\n<p>Para a data, est\u00e3o programados um caf\u00e9 da manh\u00e3 com as homenageadas e uma mesa de abertura com apresenta\u00e7\u00e3o de v\u00eddeo e entrega dos diplomas. &#8220;Viol\u00eancia sexual contra mulheres em conflitos armados&#8221; \u00e9 o tema da palestra que ocorre \u00e0s 11h30, a qual ser\u00e1 seguida por sess\u00e3o de fotos com as homenageadas e as convidadas especiais.<\/p>\n<p>Confira a programa\u00e7\u00e3o completa:<\/p>\n\n\t\t<style type=\"text\/css\">\n\t\t\t#gallery-1 {\n\t\t\t\tmargin: auto;\n\t\t\t}\n\t\t\t#gallery-1 .gallery-item {\n\t\t\t\tfloat: left;\n\t\t\t\tmargin-top: 10px;\n\t\t\t\ttext-align: center;\n\t\t\t\twidth: 33%;\n\t\t\t}\n\t\t\t#gallery-1 img {\n\t\t\t\tborder: 2px solid #cfcfcf;\n\t\t\t}\n\t\t\t#gallery-1 .gallery-caption {\n\t\t\t\tmargin-left: 0;\n\t\t\t}\n\t\t\t\/* see gallery_shortcode() in wp-includes\/media.php *\/\n\t\t<\/style>\n\t\t<div id='gallery-1' class='gallery galleryid-11271 gallery-columns-3 gallery-size-thumbnail'><dl class='gallery-item'>\n\t\t\t<dt class='gallery-icon landscape'>\n\t\t\t\t<a href='https:\/\/sinprofaz.org.br\/2024\/wp-content\/uploads\/2020\/03\/Interno.jpeg'><img loading=\"lazy\" decoding=\"async\" width=\"150\" height=\"150\" src=\"https:\/\/sinprofaz.org.br\/2024\/wp-content\/uploads\/2020\/03\/Interno-150x150.jpeg\" class=\"attachment-thumbnail size-thumbnail\" alt=\"\" \/><\/a>\n\t\t\t<\/dt><\/dl>\n\t\t\t<br style='clear: both' \/>\n\t\t<\/div>\n\n","protected":false},"excerpt":{"rendered":"<p>Em comemora\u00e7\u00e3o ao Dia Internacional da Mulher, as precursoras no Judici\u00e1rio e nas Fun\u00e7\u00f5es Essenciais \u00e0 Justi\u00e7a ser\u00e3o homenageadas. O evento, promovido no TRF3, tem o apoio do SINPROFAZ.<\/p>\n","protected":false},"author":2,"featured_media":11281,"comment_status":"open","ping_status":"open","sticky":false,"template":"","format":"standard","meta":{"footnotes":""},"categories":[8],"tags":[32,29,25],"featured_image_url":"https:\/\/sinprofaz.org.br\/2024\/wp-content\/uploads\/2020\/03\/nota-sinprofaz.png","character_count":550,"formatted_date":"04\/03\/2020 - 16:14","contentNovo":"Em comemora\u00e7\u00e3o ao Dia Internacional da Mulher, as precursoras no Judici\u00e1rio e nas Fun\u00e7\u00f5es Essenciais \u00e0 Justi\u00e7a ser\u00e3o homenageadas. O evento, promovido pelo Tribunal Regional Federal da 3\u00aa Regi\u00e3o e pela Escola de Magistrados da Justi\u00e7a Federal da 3\u00aa Regi\u00e3o, conta com o apoio do SINPROFAZ e ser\u00e1 realizado em audit\u00f3rio do TRF3 no dia 9 de mar\u00e7o.\r\n\r\nPara a data, est\u00e3o programados um caf\u00e9 da manh\u00e3 com as homenageadas e uma mesa de abertura com apresenta\u00e7\u00e3o de v\u00eddeo e entrega dos diplomas. \"Viol\u00eancia sexual contra mulheres em conflitos armados\" \u00e9 o tema da palestra que ocorre \u00e0s 11h30, a qual ser\u00e1 seguida por sess\u00e3o de fotos com as homenageadas e as convidadas especiais.\r\n\r\nConfira a programa\u00e7\u00e3o completa:\r\n\r\n[gallery link=\"file\" ids=\"11272\"]","_links":{"self":[{"href":"https:\/\/sinprofaz.org.br\/2024\/wp-json\/wp\/v2\/posts\/11271"}],"collection":[{"href":"https:\/\/sinprofaz.org.br\/2024\/wp-json\/wp\/v2\/posts"}],"about":[{"href":"https:\/\/sinprofaz.org.br\/2024\/wp-json\/wp\/v2\/types\/post"}],"author":[{"embeddable":true,"href":"https:\/\/sinprofaz.org.br\/2024\/wp-json\/wp\/v2\/users\/2"}],"replies":[{"embeddable":true,"href":"https:\/\/sinprofaz.org.br\/2024\/wp-json\/wp\/v2\/comments?post=11271"}],"version-history":[{"count":3,"href":"https:\/\/sinprofaz.org.br\/2024\/wp-json\/wp\/v2\/posts\/11271\/revisions"}],"predecessor-version":[{"id":11280,"href":"https:\/\/sinprofaz.org.br\/2024\/wp-json\/wp\/v2\/posts\/11271\/revisions\/11280"}],"wp:featuredmedia":[{"embeddable":true,"href":"https:\/\/sinprofaz.org.br\/2024\/wp-json\/wp\/v2\/media\/11281"}],"wp:attachment":[{"href":"https:\/\/sinprofaz.org.br\/2024\/wp-json\/wp\/v2\/media?parent=11271"}],"wp:term":[{"taxonomy":"category","embeddable":true,"href":"https:\/\/sinprofaz.org.br\/2024\/wp-json\/wp\/v2\/categories?post=11271"},{"taxonomy":"post_tag","embeddable":true,"href":"https:\/\/sinprofaz.org.br\/2024\/wp-json\/wp\/v2\/tags?post=11271"}],"curies":[{"name":"wp","href":"https:\/\/api.w.org\/{rel}","templated":true}]}}