{"id":11228,"date":"2020-02-20T11:15:29","date_gmt":"2020-02-20T14:15:29","guid":{"rendered":"http:\/\/www.sinprofaz.org.br\/?p=11228"},"modified":"2020-02-27T09:03:20","modified_gmt":"2020-02-27T12:03:20","slug":"constituicao-e-codigo-tributario-comentados-sob-a-otica-da-fazenda-nacional","status":"publish","type":"post","link":"https:\/\/sinprofaz.org.br\/2024\/noticias\/constituicao-e-codigo-tributario-comentados-sob-a-otica-da-fazenda-nacional\/","title":{"rendered":"CONSTITUI\u00c7\u00c3O E C\u00d3DIGO TRIBUT\u00c1RIO COMENTADOS SOB A \u00d3TICA DA FAZENDA NACIONAL"},"content":{"rendered":"<p>Os Procuradores da Fazenda Nacional Claudio Seefelder e Rog\u00e9rio Campos s\u00e3o Coordenadores-Gerais da mais nova obra de interesse da Carreira: &#8220;Constitui\u00e7\u00e3o e C\u00f3digo Tribut\u00e1rio Comentados sob a \u00d3tica da Fazenda Nacional&#8221;. A publica\u00e7\u00e3o conta com a contribui\u00e7\u00e3o de mais de 150 PFNs, profissionais altamente qualificados e especializados, com participa\u00e7\u00e3o relevante na (re)constru\u00e7\u00e3o da legisla\u00e7\u00e3o tribut\u00e1ria federal e na forma\u00e7\u00e3o dos precedentes do Superior Tribunal de Justi\u00e7a e do Supremo Tribunal Federal nas maiores e mais complexas causas tribut\u00e1rias do Pa\u00eds.<\/p>\n<p>Os Pref\u00e1cios da parte constitucional da obra s\u00e3o dos Ministros Lu\u00eds Roberto Barroso e Alexandre de Moraes, do Supremo Tribunal Federal, assim como do ex-Procurador-Geral Fabr\u00edcio Da Soller. Na parte relativa ao C\u00f3digo Tribut\u00e1rio Nacional, o Pref\u00e1cio coube ao Ministro Herman Benjamin, do Superior Tribunal de Justi\u00e7a, e \u00e0 Alexandra Maria Carvalho Carneiro, Advogada que liderou a atua\u00e7\u00e3o da Procuradoria-Geral da Fazenda Nacional no Superior Tribunal de Justi\u00e7a por 8 anos (2008 a 2015) e no Supremo Tribunal Federal por 4 anos (2016 a 2019).<\/p>\n<p>A obra \u00e9 voltada para estudantes, professores, magistrados, advogados p\u00fablicos e privados e operadores do direito em geral, uma vez que cont\u00e9m an\u00e1lises dos referidos diplomas legais a partir da observa\u00e7\u00e3o da pr\u00f3pria Administra\u00e7\u00e3o Tribut\u00e1ria Federal, no intuito de contribuir com os estudos, as reflex\u00f5es e os aperfei\u00e7oamentos t\u00e3o necess\u00e1rios ao Direito Tribut\u00e1rio brasileiro. A publica\u00e7\u00e3o estar\u00e1 dispon\u00edvel em breve na Revista dos Tribunais &#8211; Livraria Jur\u00eddica Online: <a href=\"https:\/\/www.livrariart.com.br\/\">www.livrariart.com.br<\/a>.<\/p>\n","protected":false},"excerpt":{"rendered":"<p>Os PFNs Claudio Seefelder e Rog\u00e9rio Campos s\u00e3o Coordenadores-Gerais da mais nova obra de interesse da Carreira: &#8220;Constitui\u00e7\u00e3o e C\u00f3digo Tribut\u00e1rio Comentados sob a \u00d3tica da Fazenda Nacional&#8221;.<\/p>\n","protected":false},"author":2,"featured_media":11244,"comment_status":"open","ping_status":"open","sticky":false,"template":"","format":"standard","meta":{"footnotes":""},"categories":[8],"tags":[32,121,146,44],"featured_image_url":"https:\/\/sinprofaz.org.br\/2024\/wp-content\/uploads\/2020\/02\/nota-sinprofaz.png","character_count":834,"formatted_date":"20\/02\/2020 - 11:15","contentNovo":"Os Procuradores da Fazenda Nacional Claudio Seefelder e Rog\u00e9rio Campos s\u00e3o Coordenadores-Gerais da mais nova obra de interesse da Carreira: \"Constitui\u00e7\u00e3o e C\u00f3digo Tribut\u00e1rio Comentados sob a \u00d3tica da Fazenda Nacional\". A publica\u00e7\u00e3o conta com a contribui\u00e7\u00e3o de mais de 150 PFNs, profissionais altamente qualificados e especializados, com participa\u00e7\u00e3o relevante na (re)constru\u00e7\u00e3o da legisla\u00e7\u00e3o tribut\u00e1ria federal e na forma\u00e7\u00e3o dos precedentes do Superior Tribunal de Justi\u00e7a e do Supremo Tribunal Federal nas maiores e mais complexas causas tribut\u00e1rias do Pa\u00eds.\r\n\r\nOs Pref\u00e1cios da parte constitucional da obra s\u00e3o dos Ministros Lu\u00eds Roberto Barroso e Alexandre de Moraes, do Supremo Tribunal Federal, assim como do ex-Procurador-Geral Fabr\u00edcio Da Soller. Na parte relativa ao C\u00f3digo Tribut\u00e1rio Nacional, o Pref\u00e1cio coube ao Ministro Herman Benjamin, do Superior Tribunal de Justi\u00e7a, e \u00e0 Alexandra Maria Carvalho Carneiro, Advogada que liderou a atua\u00e7\u00e3o da Procuradoria-Geral da Fazenda Nacional no Superior Tribunal de Justi\u00e7a por 8 anos (2008 a 2015) e no Supremo Tribunal Federal por 4 anos (2016 a 2019).\r\n\r\nA obra \u00e9 voltada para estudantes, professores, magistrados, advogados p\u00fablicos e privados e operadores do direito em geral, uma vez que cont\u00e9m an\u00e1lises dos referidos diplomas legais a partir da observa\u00e7\u00e3o da pr\u00f3pria Administra\u00e7\u00e3o Tribut\u00e1ria Federal, no intuito de contribuir com os estudos, as reflex\u00f5es e os aperfei\u00e7oamentos t\u00e3o necess\u00e1rios ao Direito Tribut\u00e1rio brasileiro. A publica\u00e7\u00e3o estar\u00e1 dispon\u00edvel em breve na Revista dos Tribunais - Livraria Jur\u00eddica Online: <a href=\"https:\/\/www.livrariart.com.br\/\">www.livrariart.com.br<\/a>.","_links":{"self":[{"href":"https:\/\/sinprofaz.org.br\/2024\/wp-json\/wp\/v2\/posts\/11228"}],"collection":[{"href":"https:\/\/sinprofaz.org.br\/2024\/wp-json\/wp\/v2\/posts"}],"about":[{"href":"https:\/\/sinprofaz.org.br\/2024\/wp-json\/wp\/v2\/types\/post"}],"author":[{"embeddable":true,"href":"https:\/\/sinprofaz.org.br\/2024\/wp-json\/wp\/v2\/users\/2"}],"replies":[{"embeddable":true,"href":"https:\/\/sinprofaz.org.br\/2024\/wp-json\/wp\/v2\/comments?post=11228"}],"version-history":[{"count":2,"href":"https:\/\/sinprofaz.org.br\/2024\/wp-json\/wp\/v2\/posts\/11228\/revisions"}],"predecessor-version":[{"id":11238,"href":"https:\/\/sinprofaz.org.br\/2024\/wp-json\/wp\/v2\/posts\/11228\/revisions\/11238"}],"wp:featuredmedia":[{"embeddable":true,"href":"https:\/\/sinprofaz.org.br\/2024\/wp-json\/wp\/v2\/media\/11244"}],"wp:attachment":[{"href":"https:\/\/sinprofaz.org.br\/2024\/wp-json\/wp\/v2\/media?parent=11228"}],"wp:term":[{"taxonomy":"category","embeddable":true,"href":"https:\/\/sinprofaz.org.br\/2024\/wp-json\/wp\/v2\/categories?post=11228"},{"taxonomy":"post_tag","embeddable":true,"href":"https:\/\/sinprofaz.org.br\/2024\/wp-json\/wp\/v2\/tags?post=11228"}],"curies":[{"name":"wp","href":"https:\/\/api.w.org\/{rel}","templated":true}]}}