{"id":11218,"date":"2020-02-19T10:32:52","date_gmt":"2020-02-19T13:32:52","guid":{"rendered":"http:\/\/www.sinprofaz.org.br\/?p=11218"},"modified":"2020-02-20T11:21:06","modified_gmt":"2020-02-20T14:21:06","slug":"sinprofaz-esclarece-parlamentares-a-respeito-da-eficiencia-da-carreira","status":"publish","type":"post","link":"https:\/\/sinprofaz.org.br\/2024\/noticias\/sinprofaz-esclarece-parlamentares-a-respeito-da-eficiencia-da-carreira\/","title":{"rendered":"SINPROFAZ ESCLARECE PARLAMENTARES A RESPEITO DA EFICI\u00caNCIA DA CARREIRA"},"content":{"rendered":"<div>\n<div>\n<p>O SINPROFAZ, representado pelo presidente Jos\u00e9 Ernane Brito, esteve ontem (18) no Congresso Nacional para trabalho parlamentar em defesa de prerrogativa da Carreira. Deputados como Alessandro Molon (PSB\/RJ), Arthur Oliveira Maia (DEM\/BA), Felipe Rigoni (PSB\/ES) e Afonso Florence (PT\/BA) foram abordados. O gabinete de Beto Pereira (PSDB\/MS) tamb\u00e9m recebeu a visita do SINPROFAZ.<\/p>\n<p>O Sindicato vem realizando o trabalho parlamentar juntamente com as associa\u00e7\u00f5es que comp\u00f5em o Movimento Nacional pela Advocacia P\u00fablica. Unidas, as entidades ganham for\u00e7a no processo de abordagem e de esclarecimento dos deputados a respeito da atua\u00e7\u00e3o da Advocacia P\u00fablica e dos eficientes resultados por ela alcan\u00e7ados.<\/p>\n<\/div>\n<div>\n\n\t\t<style type=\"text\/css\">\n\t\t\t#gallery-1 {\n\t\t\t\tmargin: auto;\n\t\t\t}\n\t\t\t#gallery-1 .gallery-item {\n\t\t\t\tfloat: left;\n\t\t\t\tmargin-top: 10px;\n\t\t\t\ttext-align: center;\n\t\t\t\twidth: 33%;\n\t\t\t}\n\t\t\t#gallery-1 img {\n\t\t\t\tborder: 2px solid #cfcfcf;\n\t\t\t}\n\t\t\t#gallery-1 .gallery-caption {\n\t\t\t\tmargin-left: 0;\n\t\t\t}\n\t\t\t\/* see gallery_shortcode() in wp-includes\/media.php *\/\n\t\t<\/style>\n\t\t<div id='gallery-1' class='gallery galleryid-11218 gallery-columns-3 gallery-size-thumbnail'><dl class='gallery-item'>\n\t\t\t<dt class='gallery-icon landscape'>\n\t\t\t\t<a href='https:\/\/sinprofaz.org.br\/2024\/wp-content\/uploads\/2020\/02\/02-4.jpg'><img loading=\"lazy\" decoding=\"async\" width=\"150\" height=\"150\" src=\"https:\/\/sinprofaz.org.br\/2024\/wp-content\/uploads\/2020\/02\/02-4-150x150.jpg\" class=\"attachment-thumbnail size-thumbnail\" alt=\"\" \/><\/a>\n\t\t\t<\/dt><\/dl><dl class='gallery-item'>\n\t\t\t<dt class='gallery-icon landscape'>\n\t\t\t\t<a href='https:\/\/sinprofaz.org.br\/2024\/wp-content\/uploads\/2020\/02\/03-4.jpg'><img loading=\"lazy\" decoding=\"async\" width=\"150\" height=\"150\" src=\"https:\/\/sinprofaz.org.br\/2024\/wp-content\/uploads\/2020\/02\/03-4-150x150.jpg\" class=\"attachment-thumbnail size-thumbnail\" alt=\"\" \/><\/a>\n\t\t\t<\/dt><\/dl><dl class='gallery-item'>\n\t\t\t<dt class='gallery-icon landscape'>\n\t\t\t\t<a href='https:\/\/sinprofaz.org.br\/2024\/wp-content\/uploads\/2020\/02\/04-3.jpg'><img loading=\"lazy\" decoding=\"async\" width=\"150\" height=\"150\" src=\"https:\/\/sinprofaz.org.br\/2024\/wp-content\/uploads\/2020\/02\/04-3-150x150.jpg\" class=\"attachment-thumbnail size-thumbnail\" alt=\"\" \/><\/a>\n\t\t\t<\/dt><\/dl><br style=\"clear: both\" \/>\n\t\t<\/div>\n\n<\/div>\n<\/div>\n","protected":false},"excerpt":{"rendered":"<p>Deputados como Alessandro Molon (PSB\/RJ), Arthur Oliveira Maia (DEM\/BA), Felipe Rigoni (PSB\/ES) e Afonso Florence (PT\/BA) foram abordados. O gabinete de Beto Pereira (PSDB\/MS) tamb\u00e9m recebeu a visita do presidente do SINPROFAZ, Ernane Brito.<\/p>\n","protected":false},"author":2,"featured_media":11223,"comment_status":"open","ping_status":"open","sticky":false,"template":"","format":"standard","meta":{"footnotes":""},"categories":[8],"tags":[32,73,25],"featured_image_url":"https:\/\/sinprofaz.org.br\/2024\/wp-content\/uploads\/2020\/02\/01-3.jpg","character_count":548,"formatted_date":"19\/02\/2020 - 10:32","contentNovo":"\r\n\r\n\r\nO SINPROFAZ, representado pelo presidente Jos\u00e9 Ernane Brito, esteve ontem (18) no Congresso Nacional para trabalho parlamentar em defesa de prerrogativa da Carreira. Deputados como Alessandro Molon (PSB\/RJ), Arthur Oliveira Maia (DEM\/BA), Felipe Rigoni (PSB\/ES) e Afonso Florence (PT\/BA) foram abordados. O gabinete de Beto Pereira (PSDB\/MS) tamb\u00e9m recebeu a visita do SINPROFAZ.\r\n\r\nO Sindicato vem realizando o trabalho parlamentar juntamente com as associa\u00e7\u00f5es que comp\u00f5em o Movimento Nacional pela Advocacia P\u00fablica. Unidas, as entidades ganham for\u00e7a no processo de abordagem e de esclarecimento dos deputados a respeito da atua\u00e7\u00e3o da Advocacia P\u00fablica e dos eficientes resultados por ela alcan\u00e7ados.\r\n\r\n\r\n\r\n\r\n[gallery link=\"file\" ids=\"11219,11220,11221\"]\r\n\r\n\r\n","_links":{"self":[{"href":"https:\/\/sinprofaz.org.br\/2024\/wp-json\/wp\/v2\/posts\/11218"}],"collection":[{"href":"https:\/\/sinprofaz.org.br\/2024\/wp-json\/wp\/v2\/posts"}],"about":[{"href":"https:\/\/sinprofaz.org.br\/2024\/wp-json\/wp\/v2\/types\/post"}],"author":[{"embeddable":true,"href":"https:\/\/sinprofaz.org.br\/2024\/wp-json\/wp\/v2\/users\/2"}],"replies":[{"embeddable":true,"href":"https:\/\/sinprofaz.org.br\/2024\/wp-json\/wp\/v2\/comments?post=11218"}],"version-history":[{"count":3,"href":"https:\/\/sinprofaz.org.br\/2024\/wp-json\/wp\/v2\/posts\/11218\/revisions"}],"predecessor-version":[{"id":11231,"href":"https:\/\/sinprofaz.org.br\/2024\/wp-json\/wp\/v2\/posts\/11218\/revisions\/11231"}],"wp:featuredmedia":[{"embeddable":true,"href":"https:\/\/sinprofaz.org.br\/2024\/wp-json\/wp\/v2\/media\/11223"}],"wp:attachment":[{"href":"https:\/\/sinprofaz.org.br\/2024\/wp-json\/wp\/v2\/media?parent=11218"}],"wp:term":[{"taxonomy":"category","embeddable":true,"href":"https:\/\/sinprofaz.org.br\/2024\/wp-json\/wp\/v2\/categories?post=11218"},{"taxonomy":"post_tag","embeddable":true,"href":"https:\/\/sinprofaz.org.br\/2024\/wp-json\/wp\/v2\/tags?post=11218"}],"curies":[{"name":"wp","href":"https:\/\/api.w.org\/{rel}","templated":true}]}}